{"id":201928,"date":"2025-04-17T14:22:01","date_gmt":"2025-04-17T19:22:01","guid":{"rendered":"https:\/\/visionpeninsular.com\/mid\/?p=201928"},"modified":"2025-04-17T14:22:56","modified_gmt":"2025-04-17T19:22:56","slug":"conmemoran-en-merida-el-aniversario-luctuoso-de-pedro-infante-con-unidad-y-tradicion","status":"publish","type":"post","link":"https:\/\/visionpeninsular.com\/mid\/conmemoran-en-merida-el-aniversario-luctuoso-de-pedro-infante-con-unidad-y-tradicion\/","title":{"rendered":"Conmemoran en M\u00e9rida el aniversario luctuoso de Pedro Infante con unidad y tradici\u00f3n"},"content":{"rendered":"\n<ul><li>La alcaldesa Cecilia Patr\u00f3n encabez\u00f3 el homenaje luctuoso a Pedro Infante en M\u00e9rida, destacando la uni\u00f3n social y cultural de las familias meridanas en torno a este \u00edcono del cine mexicano.<\/li><li>Cecilia Patr\u00f3n destaca la cohesi\u00f3n e integraci\u00f3n social de las familias meridanas durante el homenaje al \u00eddolo de M\u00e9xico.<\/li><\/ul>\n\n\n\n<p>M\u00e9rida, 17 de abril, 2025.- La Presidenta Municipal de M\u00e9rida, Cecilia Patr\u00f3n Laviada, encabez\u00f3 la conmemoraci\u00f3n del aniversario luctuoso de Pedro Infante, \u00edcono de la cultura popular mexicana y figura inolvidable del cine de oro nacional.<\/p>\n\n\n\n<figure class=\"wp-block-image size-full\"><img loading=\"lazy\" width=\"500\" height=\"333\" src=\"https:\/\/visionpeninsular.com\/mid\/wp-content\/uploads\/2025\/04\/aprecio.jpg\" alt=\"\" class=\"wp-image-201936\" srcset=\"https:\/\/visionpeninsular.com\/mid\/wp-content\/uploads\/2025\/04\/aprecio.jpg 500w, https:\/\/visionpeninsular.com\/mid\/wp-content\/uploads\/2025\/04\/aprecio-300x200.jpg 300w, https:\/\/visionpeninsular.com\/mid\/wp-content\/uploads\/2025\/04\/aprecio-310x205.jpg 310w\" sizes=\"(max-width: 500px) 100vw, 500px\" \/><\/figure>\n\n\n\n<p>El acto se llev\u00f3 a cabo en la tradicional esquina de \u201cLa Socorrito\u201d, ubicada en la calle 54 por 87 del centro de M\u00e9rida, lugar donde el reconocido actor y cantante perdi\u00f3 la vida el 15 de abril de 1957, tras el accidente a\u00e9reo que marc\u00f3 su tr\u00e1gico final.<\/p>\n\n\n\n<figure class=\"wp-block-image size-full\"><img loading=\"lazy\" width=\"500\" height=\"336\" src=\"https:\/\/visionpeninsular.com\/mid\/wp-content\/uploads\/2025\/04\/busto-pedro.jpg\" alt=\"\" class=\"wp-image-201931\" srcset=\"https:\/\/visionpeninsular.com\/mid\/wp-content\/uploads\/2025\/04\/busto-pedro.jpg 500w, https:\/\/visionpeninsular.com\/mid\/wp-content\/uploads\/2025\/04\/busto-pedro-300x202.jpg 300w, https:\/\/visionpeninsular.com\/mid\/wp-content\/uploads\/2025\/04\/busto-pedro-110x75.jpg 110w\" sizes=\"(max-width: 500px) 100vw, 500px\" \/><\/figure>\n\n\n\n<p>\u201cEstoy muy agradecida con cada uno de ustedes porque siempre est\u00e1n presentes, porque siempre est\u00e1n en equipo, unidos, y esa es la M\u00e9rida que sue\u00f1o para todas y todos. Una M\u00e9rida donde estemos unidos, donde haya cohesi\u00f3n social, donde haya armon\u00eda, donde haya paz, donde haya orgullo\u201d, expres\u00f3 la alcaldesa, al reconocer la importancia de mantener vivas las tradiciones que fortalecen la identidad y el tejido social.<\/p>\n\n\n\n<figure class=\"wp-block-image size-full\"><img loading=\"lazy\" width=\"500\" height=\"333\" src=\"https:\/\/visionpeninsular.com\/mid\/wp-content\/uploads\/2025\/04\/socorrito-2.jpg\" alt=\"\" class=\"wp-image-201933\" srcset=\"https:\/\/visionpeninsular.com\/mid\/wp-content\/uploads\/2025\/04\/socorrito-2.jpg 500w, https:\/\/visionpeninsular.com\/mid\/wp-content\/uploads\/2025\/04\/socorrito-2-300x200.jpg 300w, https:\/\/visionpeninsular.com\/mid\/wp-content\/uploads\/2025\/04\/socorrito-2-310x205.jpg 310w\" sizes=\"(max-width: 500px) 100vw, 500px\" \/><\/figure>\n\n\n\n<p>Las actividades iniciaron desde las ocho de la ma\u00f1ana con una misa en honor al artista, en la que se dieron cita vecinos, fan\u00e1ticos y autoridades municipales. Posteriormente, la alcaldesa Cecilia Patr\u00f3n Laviada, junto con Luis Canto Garc\u00eda; el diputado local \u00c1lvaro Cetina Puerto; la regidora Geny Palomo M\u00e9ndez, y la directora de Identidad y Cultura, Karla Berr\u00f3n C\u00e1mara, colocaron una ofrenda floral en el lugar exacto donde ocurri\u00f3 el accidente.<\/p>\n\n\n\n<figure class=\"wp-block-image size-full\"><img loading=\"lazy\" width=\"500\" height=\"325\" src=\"https:\/\/visionpeninsular.com\/mid\/wp-content\/uploads\/2025\/04\/agapito.jpg\" alt=\"\" class=\"wp-image-201932\" srcset=\"https:\/\/visionpeninsular.com\/mid\/wp-content\/uploads\/2025\/04\/agapito.jpg 500w, https:\/\/visionpeninsular.com\/mid\/wp-content\/uploads\/2025\/04\/agapito-300x195.jpg 300w\" sizes=\"(max-width: 500px) 100vw, 500px\" \/><\/figure>\n\n\n\n<p>La jornada concluy\u00f3 con una convivencia comunitaria que incluy\u00f3 m\u00fasica en vivo y presentaciones de estampas de baile, creando un ambiente de respeto, nostalgia y celebraci\u00f3n en torno al legado del \u00eddolo sinaloense.<\/p>\n\n\n\n<figure class=\"wp-block-image size-full\"><img loading=\"lazy\" width=\"500\" height=\"338\" src=\"https:\/\/visionpeninsular.com\/mid\/wp-content\/uploads\/2025\/04\/socorrito-3.jpg\" alt=\"\" class=\"wp-image-201934\" srcset=\"https:\/\/visionpeninsular.com\/mid\/wp-content\/uploads\/2025\/04\/socorrito-3.jpg 500w, https:\/\/visionpeninsular.com\/mid\/wp-content\/uploads\/2025\/04\/socorrito-3-300x203.jpg 300w, https:\/\/visionpeninsular.com\/mid\/wp-content\/uploads\/2025\/04\/socorrito-3-110x75.jpg 110w\" sizes=\"(max-width: 500px) 100vw, 500px\" \/><\/figure>\n\n\n\n<p>La Presidenta Municipal reafirm\u00f3 el compromiso del Ayuntamiento con la preservaci\u00f3n de la memoria hist\u00f3rica y cultural de la ciudad, se\u00f1alando que este homenaje es un reflejo de la unidad e integraci\u00f3n social que prevalece entre las colonias de M\u00e9rida.<\/p>\n<div class='share-to-whatsapp-wrapper'><div class='share-on-whsp'>Share on: <\/div><a data-text='Conmemoran en M\u00e9rida el aniversario luctuoso de Pedro Infante con unidad y tradici\u00f3n' data-link='https:\/\/visionpeninsular.com\/mid\/conmemoran-en-merida-el-aniversario-luctuoso-de-pedro-infante-con-unidad-y-tradicion\/' class='whatsapp-button whatsapp-share'>WhatsApp<\/a><div class='clear '><\/div><\/div>","protected":false},"excerpt":{"rendered":"<p>La alcaldesa Cecilia Patr\u00f3n encabez\u00f3 el homenaje luctuoso a Pedro Infante en M\u00e9rida, destacando la uni\u00f3n social y cultural de las familias meridanas en torno a este \u00edcono del cine mexicano.Cecilia Patr\u00f3n destaca la cohesi\u00f3n e integraci\u00f3n social de las familias meridanas durante el homenaje al \u00eddolo de M\u00e9xico. M\u00e9rida, 17 de abril, 2025.- La &hellip;<\/p>\n","protected":false},"author":5,"featured_media":201930,"comment_status":"open","ping_status":"open","sticky":false,"template":"","format":"standard","meta":{"_mi_skip_tracking":false},"categories":[49,37],"tags":[7554,41,5668,26642,35842],"_links":{"self":[{"href":"https:\/\/visionpeninsular.com\/mid\/wp-json\/wp\/v2\/posts\/201928"}],"collection":[{"href":"https:\/\/visionpeninsular.com\/mid\/wp-json\/wp\/v2\/posts"}],"about":[{"href":"https:\/\/visionpeninsular.com\/mid\/wp-json\/wp\/v2\/types\/post"}],"author":[{"embeddable":true,"href":"https:\/\/visionpeninsular.com\/mid\/wp-json\/wp\/v2\/users\/5"}],"replies":[{"embeddable":true,"href":"https:\/\/visionpeninsular.com\/mid\/wp-json\/wp\/v2\/comments?post=201928"}],"version-history":[{"count":2,"href":"https:\/\/visionpeninsular.com\/mid\/wp-json\/wp\/v2\/posts\/201928\/revisions"}],"predecessor-version":[{"id":201938,"href":"https:\/\/visionpeninsular.com\/mid\/wp-json\/wp\/v2\/posts\/201928\/revisions\/201938"}],"wp:featuredmedia":[{"embeddable":true,"href":"https:\/\/visionpeninsular.com\/mid\/wp-json\/wp\/v2\/media\/201930"}],"wp:attachment":[{"href":"https:\/\/visionpeninsular.com\/mid\/wp-json\/wp\/v2\/media?parent=201928"}],"wp:term":[{"taxonomy":"category","embeddable":true,"href":"https:\/\/visionpeninsular.com\/mid\/wp-json\/wp\/v2\/categories?post=201928"},{"taxonomy":"post_tag","embeddable":true,"href":"https:\/\/visionpeninsular.com\/mid\/wp-json\/wp\/v2\/tags?post=201928"}],"curies":[{"name":"wp","href":"https:\/\/api.w.org\/{rel}","templated":true}]}}