{"id":201805,"date":"2025-04-14T15:51:23","date_gmt":"2025-04-14T20:51:23","guid":{"rendered":"https:\/\/visionpeninsular.com\/mid\/?p=201805"},"modified":"2025-04-14T15:51:26","modified_gmt":"2025-04-14T20:51:26","slug":"refuerzan-seguridad-en-merida-con-operativo-especial-para-semana-santa","status":"publish","type":"post","link":"https:\/\/visionpeninsular.com\/mid\/refuerzan-seguridad-en-merida-con-operativo-especial-para-semana-santa\/","title":{"rendered":"Refuerzan seguridad en M\u00e9rida con operativo especial para Semana Santa"},"content":{"rendered":"\n<p>M\u00e9rida, 14 de febrero, 2025.-La alcaldesa de M\u00e9rida, Cecilia Patr\u00f3n Laviada, anunci\u00f3 un operativo especial de reforzamiento de seguridad para la temporada de Semana Santa, que se extender\u00e1 hasta 27 de abril, con el prop\u00f3sito de mantener \u00abM\u00e9rida en paz\u00bb.<\/p>\n\n\n\n<p>El dispositivo contempla la instalaci\u00f3n estrat\u00e9gica de alcohol\u00edmetros en distintos puntos del centro hist\u00f3rico, la habilitaci\u00f3n de postes de alerta segura, y el reforzamiento de la vigilancia en terminales de autobuses, paraderos de transporte urbano, mercados, zonas tur\u00edsticas, iglesias y \u00e1reas con celebraciones religiosas.<\/p>\n\n\n\n<p>Para este operativo, la Polic\u00eda Municipal de M\u00e9rida desplegar\u00e1 un contingente de 450 elementos, distribuidos en camionetas antimotines, patrullas, cuatrimotos, veh\u00edculos el\u00e9ctricos y un escuadr\u00f3n de motocicletas que realizar\u00e1n recorridos permanentes en el primer cuadro de la ciudad, manteniendo estrecha coordinaci\u00f3n con la Polic\u00eda Estatal.<\/p>\n\n\n\n<p>Durante su conferencia semanal, Patr\u00f3n Laviada inform\u00f3 que tan solo el domingo de ramos se atendieron 7 reportes de grupos de peregrinaci\u00f3n que se dirig\u00edan a iglesias del centro hist\u00f3rico, brindando acompa\u00f1amiento y asistencia param\u00e9dica a quienes lo requirieron. La alcaldesa se\u00f1al\u00f3 que en estos d\u00edas se han recibido numerosas solicitudes de cierre de calles para misas y actividades relacionadas con la Semana Santa, las cuales est\u00e1n siendo coordinadas a trav\u00e9s de la Direcci\u00f3n de Gobernaci\u00f3n.<\/p>\n\n\n\n<p>Una de las novedades anunciadas fue la extensi\u00f3n del programa \u00abCoraz\u00f3n de M\u00e9rida\u00bb, que cerrar\u00e1 calles jueves, viernes y s\u00e1bado de 8:00 PM a 1:00 AM para el disfrute de meridanos y turistas. A partir de este fin de semana, el programa conectar\u00e1 la calle 60 con la 47, permitiendo el acceso a tres estacionamientos ubicados en la ruta. \u00abEl turismo genera una derrama econ\u00f3mica importante, ya que 11 de cada 100 pesos que ingresan a la ciudad provienen de esta actividad\u00bb, se\u00f1al\u00f3 la alcaldesa.<\/p>\n\n\n\n<p>En cuanto a las actividades programadas para el mes de abril, inform\u00f3 que el jueves 17 y viernes 18 se suspender\u00e1n actividades culturales en zool\u00f3gicos y parques, as\u00ed como los espect\u00e1culos de la semana M\u00e9rida, pero el resto de la programaci\u00f3n continuar\u00e1 con normalidad. Destac\u00f3 que para celebrar el D\u00eda del Ni\u00f1o, se ha preparado una cartelera especial que incluye la implementaci\u00f3n del programa \u00abDino\u00bb, enfocado en la prevenci\u00f3n del abuso infantil, y caravanas con 60 actividades que se llevar\u00e1n a cabo del 21 de abril al 2 de mayo en colonias y comisar\u00edas.<\/p>\n\n\n\n<p>En otro tema destacado, la presidenta municipal dio cuenta de los resultados del mega operativo que se llev\u00f3 a cabo en el pol\u00edgono 108 CTM, donde se limpiaron 119 manzanas y se instalaron 680 nuevas luminarias LED en sustituci\u00f3n de l\u00e1mparas de vapor de sodio. Este cambio, explic\u00f3, adem\u00e1s de mejorar la iluminaci\u00f3n, generar\u00e1 ahorros en energ\u00eda el\u00e9ctrica que permitir\u00e1n realizar otras obras importantes para la ciudad. Como parte de esta intervenci\u00f3n integral, se realizaron 2,215 metros cuadrados de bacheo, se retiraron veh\u00edculos abandonados, se recolectaron 30 toneladas de residuos y 6 toneladas adicionales de residuos especiales.<\/p>\n\n\n\n<p>La funcionaria destac\u00f3 que en esta zona tambi\u00e9n se plantaron 198 \u00e1rboles, se entregaron 70 en adopci\u00f3n como parte del programa \u00abUna familia, un \u00e1rbol\u00bb, se atendieron 111 animales de compa\u00f1\u00eda a trav\u00e9s del exterior m\u00f3vil, y se brindaron 595 servicios m\u00e9dicos a 92 personas en la feria de la salud. \u00abPol\u00edgono 108 luce un nuevo rostro, pero lo m\u00e1s importante es que involucramos a los vecinos, porque para lograr transformaciones verdaderas, la participaci\u00f3n ciudadana es fundamental\u00bb, expres\u00f3.<\/p>\n\n\n\n<p>En materia econ\u00f3mica, la alcaldesa anunci\u00f3 la ampliaci\u00f3n del programa \u00abMicro M\u00e9rida: Haz crecer tu negocio\u00bb, que ofrece cr\u00e9ditos de hasta 150 mil pesos con tasa cero y plazos de uno a 24 meses para emprendedores mayores de 18 a\u00f1os. Inform\u00f3 que la convocatoria permanece abierta todo el a\u00f1o y que actualmente cuentan con 12 millones de pesos disponibles para este fondo revolvente. Hasta el momento se han entregado 66 cr\u00e9ditos y pr\u00f3ximamente se otorgar\u00e1n 15 m\u00e1s.<\/p>\n\n\n\n<p>Patr\u00f3n Laviada tambi\u00e9n destac\u00f3 dos inversiones importantes para la generaci\u00f3n de empleo en M\u00e9rida: una inversi\u00f3n de 40 millones de d\u00f3lares en una nueva planta de productos derivados del papel en la comisar\u00eda de Tixcacal, y otra de m\u00e1s de 380 millones de pesos para la construcci\u00f3n de un nuevo Sam\u2019s Club, que contribuir\u00e1n a la prosperidad econ\u00f3mica de las familias meridanas.<\/p>\n\n\n\n<p>Preguntas y respuestas<\/p>\n\n\n\n<p>Durante la sesi\u00f3n de preguntas y respuestas, la alcaldesa atendi\u00f3 una inquietud sobre la agresi\u00f3n a una inspectora municipal en la calle 65, confirmando el incidente y reiterando que no permitir\u00e1n violencia. \u00abNosotros tenemos que ser una ciudad de paz. Todo se puede hacer de forma pac\u00edfica. Ya atendimos a la persona, pero hemos sido muy claros en que no puede existir violencia\u00bb, enfatiz\u00f3, se\u00f1alando que los agresores, una adulta mayor y su pareja, presentaban aliento alcoh\u00f3lico.<\/p>\n\n\n\n<p>Respecto a la denuncia sobre la negaci\u00f3n de vacaciones a un polic\u00eda municipal, Patr\u00f3n Laviada aclar\u00f3 que la Presidencia Municipal no otorga vacaciones, sino que estas son gestionadas por Recursos Humanos y la Polic\u00eda Municipal. Mencion\u00f3 que ya est\u00e1 revisando el caso con el comisario Chaires y que ha solicitado todo el expediente. Reconoci\u00f3 que estos d\u00edas requieren mayor personal por las actividades de Semana Santa, pero reiter\u00f3 su compromiso con el respeto y reconocimiento de los derechos de todos los empleados municipales.<\/p>\n\n\n\n<p>Sobre la campa\u00f1a de uso del casco para motociclistas, la alcaldesa confirm\u00f3 que en aproximadamente un mes retomar\u00e1n el programa \u00abLlega Seguro\u00bb, que busca proteger a quienes utilizan motocicletas para trabajar o transportarse. Destac\u00f3 la importancia de usar cascos con certificaci\u00f3n DOT y amarrarlos correctamente, se\u00f1alando que el desnucamiento es una de las principales causas de muerte en accidentes de motocicleta.<\/p>\n\n\n\n<p>Finalmente, al ser cuestionada sobre el destino de las l\u00e1mparas retiradas, inform\u00f3 que est\u00e1n analizando qu\u00e9 hacer con las aproximadamente 2,000 luminarias que han sido reemplazadas en esta administraci\u00f3n. Se\u00f1al\u00f3 que algunas est\u00e1n deterioradas mientras otras tienen vida \u00fatil, y mencion\u00f3 que est\u00e1n evaluando la posibilidad de reutilizarlas, posiblemente en otros municipios. \u00abCualquier decisi\u00f3n se har\u00e1 de forma transparente a trav\u00e9s del cabildo\u00bb, asegur\u00f3, destacando que ya se modific\u00f3 el reglamento de construcci\u00f3n para que todos los nuevos desarrollos en la ciudad utilicen exclusivamente l\u00e1mparas LED.<\/p>\n<div class='share-to-whatsapp-wrapper'><div class='share-on-whsp'>Share on: <\/div><a data-text='Refuerzan seguridad en M\u00e9rida con operativo especial para Semana Santa' data-link='https:\/\/visionpeninsular.com\/mid\/refuerzan-seguridad-en-merida-con-operativo-especial-para-semana-santa\/' class='whatsapp-button whatsapp-share'>WhatsApp<\/a><div class='clear '><\/div><\/div>","protected":false},"excerpt":{"rendered":"<p>M\u00e9rida, 14 de febrero, 2025.-La alcaldesa de M\u00e9rida, Cecilia Patr\u00f3n Laviada, anunci\u00f3 un operativo especial de reforzamiento de seguridad para la temporada de Semana Santa, que se extender\u00e1 hasta 27 de abril, con el prop\u00f3sito de mantener \u00abM\u00e9rida en paz\u00bb. El dispositivo contempla la instalaci\u00f3n estrat\u00e9gica de alcohol\u00edmetros en distintos puntos del centro hist\u00f3rico, la &hellip;<\/p>\n","protected":false},"author":5,"featured_media":201807,"comment_status":"open","ping_status":"open","sticky":false,"template":"","format":"standard","meta":{"_mi_skip_tracking":false},"categories":[49,37],"tags":[41,5668,331,47589,47588],"_links":{"self":[{"href":"https:\/\/visionpeninsular.com\/mid\/wp-json\/wp\/v2\/posts\/201805"}],"collection":[{"href":"https:\/\/visionpeninsular.com\/mid\/wp-json\/wp\/v2\/posts"}],"about":[{"href":"https:\/\/visionpeninsular.com\/mid\/wp-json\/wp\/v2\/types\/post"}],"author":[{"embeddable":true,"href":"https:\/\/visionpeninsular.com\/mid\/wp-json\/wp\/v2\/users\/5"}],"replies":[{"embeddable":true,"href":"https:\/\/visionpeninsular.com\/mid\/wp-json\/wp\/v2\/comments?post=201805"}],"version-history":[{"count":1,"href":"https:\/\/visionpeninsular.com\/mid\/wp-json\/wp\/v2\/posts\/201805\/revisions"}],"predecessor-version":[{"id":201808,"href":"https:\/\/visionpeninsular.com\/mid\/wp-json\/wp\/v2\/posts\/201805\/revisions\/201808"}],"wp:featuredmedia":[{"embeddable":true,"href":"https:\/\/visionpeninsular.com\/mid\/wp-json\/wp\/v2\/media\/201807"}],"wp:attachment":[{"href":"https:\/\/visionpeninsular.com\/mid\/wp-json\/wp\/v2\/media?parent=201805"}],"wp:term":[{"taxonomy":"category","embeddable":true,"href":"https:\/\/visionpeninsular.com\/mid\/wp-json\/wp\/v2\/categories?post=201805"},{"taxonomy":"post_tag","embeddable":true,"href":"https:\/\/visionpeninsular.com\/mid\/wp-json\/wp\/v2\/tags?post=201805"}],"curies":[{"name":"wp","href":"https:\/\/api.w.org\/{rel}","templated":true}]}}