{"id":201585,"date":"2025-04-05T20:39:00","date_gmt":"2025-04-06T03:39:00","guid":{"rendered":"https:\/\/visionpeninsular.com\/mid\/?p=201585"},"modified":"2025-04-05T20:39:03","modified_gmt":"2025-04-06T03:39:03","slug":"el-centro-educadora-en-el-espectro-abrio-sus-puertas-para-ofrecer-terapias-con-un-enfoque-humano","status":"publish","type":"post","link":"https:\/\/visionpeninsular.com\/mid\/el-centro-educadora-en-el-espectro-abrio-sus-puertas-para-ofrecer-terapias-con-un-enfoque-humano\/","title":{"rendered":"El Centro Educadora en el Espectro abri\u00f3 sus puertas para ofrecer terapias con un enfoque humano"},"content":{"rendered":"\n<h2 class=\"has-text-align-center\">\u201cTenemos que humanizar las terapias, que no vean al padre de ni\u00f1os o j\u00f3venes con autismo solo con cara de signo de pesos\u201d, afirm\u00f3 Martha Zamudio<\/h2>\n\n\n\n<p>M\u00e9rida, Yucat\u00e1n, a 5 de abril de 2025.\u2013 El Centro Educadora en el Espectro abri\u00f3 sus puertas para atender con un enfoque humano a ni\u00f1os y j\u00f3venes con autismo y otros trastornos del desarrollo.<\/p>\n\n\n\n<p>El espacio ofrece servicios con tarifas accesibles para las familias que tienen uno o varios integrantes en estas condiciones. La direcci\u00f3n est\u00e1 a cargo de Renata P\u00e9rez Zamudio, joven con autismo.<\/p>\n\n\n\n<p>Martha Zamudio, madre de Renata, mencion\u00f3 que uno de los objetivos de Educadora en el Espectro es lograr que el autismo vuelva a ser tratado con humanidad, es decir, que llevar a terapia a las personas dentro del espectro no sea una carga onerosa, en particular para los padres que no tienen recursos ilimitados y que muchas veces tienen que decidir entre si comen o si llevan a sus hijos a terapia.<\/p>\n\n\n\n<p>\u201cTenemos que humanizar las terapias, que no vean al padre de ni\u00f1os o j\u00f3venes con autismo solo con cara de signo de pesos. Por eso queremos conformar una asociaci\u00f3n, para que el costo de las terapias siempre est\u00e9 accesible. Claro tambi\u00e9n no podemos olvidar que mantener un espacio como este requiere recursos, pero siempre trataremos de que nunca se nos olvide que somos humanos y vamos juntos en este camino de sacar adelante a nuestros hijos\u201d, afirm\u00f3.<\/p>\n\n\n\n<p>Entre las personas mencionadas est\u00e1n en  sus padres Martha Zamudio y Ren\u00e9 Duper\u00f3n, su hermano Vicente y su abuela Rosario Duper\u00f3n Canul, que nunca dejaron de luchar para sacarla adelante.<\/p>\n\n\n\n<p>Tambi\u00e9n al psiquiatra Roberto Carrillo y a la psic\u00f3loga Marisol Rodr\u00edguez, que la atendieron en el Hospital Psiqui\u00e1trico de Yucat\u00e1n.<\/p>\n\n\n\n<p>Los agradecimientos se extendieron al diputado David Valdez Jim\u00e9nez, quien adem\u00e1s present\u00f3 una iniciativa en la que Renata tuvo importantes aportaciones. La iniciativa se integr\u00f3 gracias a la perseverancia de la joven por lograr una ley general que aborde el tema.<\/p>\n\n\n\n<p>Otra propuesta de Renata, que tom\u00f3 en cuenta el Congreso, es el proyecto de construir una casa de retiro para adultos mayores con autismo que ya no tengan qui\u00e9n vea por ellos, pues para ese entonces ya no estar\u00e1n sus padres y que esa carga no recaiga al 100 por ciento en hermanos u otros familiares.<\/p>\n\n\n\n<p>El centro Educadora en el Espectro est\u00e1 ubicado en la calle 17 n\u00famero 98-C entre 16 y 18 de Chuburn\u00e1. Tel\u00e9fono celular 9996 50 58 21. <\/p>\n\n\n\n<p>Ofrece servicio de terapias, estancia, escolarizado, terapias de lenguaje y otros servicios. Abre de 7:30 de la ma\u00f1ana a 8 de la noche, de lunes a viernes. S\u00e1bados de 8 de la ma\u00f1ana a 2 de la tarde.<\/p>\n\n\n\n<figure class=\"wp-block-image size-large\"><img loading=\"lazy\" width=\"1024\" height=\"563\" src=\"https:\/\/visionpeninsular.com\/mid\/wp-content\/uploads\/2025\/04\/1000277968-1024x563.jpg\" alt=\"\" class=\"wp-image-201587\" srcset=\"https:\/\/visionpeninsular.com\/mid\/wp-content\/uploads\/2025\/04\/1000277968-1024x563.jpg 1024w, https:\/\/visionpeninsular.com\/mid\/wp-content\/uploads\/2025\/04\/1000277968-300x165.jpg 300w, https:\/\/visionpeninsular.com\/mid\/wp-content\/uploads\/2025\/04\/1000277968-768x422.jpg 768w, https:\/\/visionpeninsular.com\/mid\/wp-content\/uploads\/2025\/04\/1000277968.jpg 1033w\" sizes=\"(max-width: 1024px) 100vw, 1024px\" \/><figcaption>La inauguraci\u00f3n del Centro Educadora en el Espectro, ubicado en la colonia Chuburn\u00e1, dirigido por  Renata P\u00e9rez Zamudio, joven con autismo. FOTOGRAF\u00cdA: Cortes\u00eda <\/figcaption><\/figure>\n\n\n\n<p><\/p>\n<div class='share-to-whatsapp-wrapper'><div class='share-on-whsp'>Share on: <\/div><a data-text='El Centro Educadora en el Espectro abri\u00f3 sus puertas para ofrecer terapias con un enfoque humano' data-link='https:\/\/visionpeninsular.com\/mid\/el-centro-educadora-en-el-espectro-abrio-sus-puertas-para-ofrecer-terapias-con-un-enfoque-humano\/' class='whatsapp-button whatsapp-share'>WhatsApp<\/a><div class='clear '><\/div><\/div>","protected":false},"excerpt":{"rendered":"<p>\u201cTenemos que humanizar las terapias, que no vean al padre de ni\u00f1os o j\u00f3venes con autismo solo con cara de signo de pesos\u201d, afirm\u00f3 Martha Zamudio M\u00e9rida, Yucat\u00e1n, a 5 de abril de 2025.\u2013 El Centro Educadora en el Espectro abri\u00f3 sus puertas para atender con un enfoque humano a ni\u00f1os y j\u00f3venes con autismo &hellip;<\/p>\n","protected":false},"author":11,"featured_media":201587,"comment_status":"open","ping_status":"open","sticky":false,"template":"","format":"standard","meta":{"_mi_skip_tracking":false},"categories":[49,37],"tags":[9447,47492,13607,47494],"_links":{"self":[{"href":"https:\/\/visionpeninsular.com\/mid\/wp-json\/wp\/v2\/posts\/201585"}],"collection":[{"href":"https:\/\/visionpeninsular.com\/mid\/wp-json\/wp\/v2\/posts"}],"about":[{"href":"https:\/\/visionpeninsular.com\/mid\/wp-json\/wp\/v2\/types\/post"}],"author":[{"embeddable":true,"href":"https:\/\/visionpeninsular.com\/mid\/wp-json\/wp\/v2\/users\/11"}],"replies":[{"embeddable":true,"href":"https:\/\/visionpeninsular.com\/mid\/wp-json\/wp\/v2\/comments?post=201585"}],"version-history":[{"count":1,"href":"https:\/\/visionpeninsular.com\/mid\/wp-json\/wp\/v2\/posts\/201585\/revisions"}],"predecessor-version":[{"id":201588,"href":"https:\/\/visionpeninsular.com\/mid\/wp-json\/wp\/v2\/posts\/201585\/revisions\/201588"}],"wp:featuredmedia":[{"embeddable":true,"href":"https:\/\/visionpeninsular.com\/mid\/wp-json\/wp\/v2\/media\/201587"}],"wp:attachment":[{"href":"https:\/\/visionpeninsular.com\/mid\/wp-json\/wp\/v2\/media?parent=201585"}],"wp:term":[{"taxonomy":"category","embeddable":true,"href":"https:\/\/visionpeninsular.com\/mid\/wp-json\/wp\/v2\/categories?post=201585"},{"taxonomy":"post_tag","embeddable":true,"href":"https:\/\/visionpeninsular.com\/mid\/wp-json\/wp\/v2\/tags?post=201585"}],"curies":[{"name":"wp","href":"https:\/\/api.w.org\/{rel}","templated":true}]}}