{"id":200719,"date":"2025-03-12T17:14:01","date_gmt":"2025-03-12T23:14:01","guid":{"rendered":"https:\/\/visionpeninsular.com\/mid\/?p=200719"},"modified":"2025-03-12T17:14:05","modified_gmt":"2025-03-12T23:14:05","slug":"exigen-a-la-segey-destitucion-de-director-de-una-escuela-en-merida","status":"publish","type":"post","link":"https:\/\/visionpeninsular.com\/mid\/exigen-a-la-segey-destitucion-de-director-de-una-escuela-en-merida\/","title":{"rendered":"Exigen a la SEGEY destituci\u00f3n de director de una escuela en M\u00e9rida"},"content":{"rendered":"\n<p>M\u00e9rida, 12 de marzo, 2025.- La ma\u00f1ana de este mi\u00e9rcoles, padres de familia de la escuela primaria R\u00f3mulo Rozo, ubicada en la colonia San Jos\u00e9 Tecoh 2, cerraron con candados el acceso al plantel en protesta contra el director David Adiel Mendoza Ab\u00e1n, a quien acusan de malos manejos y de poner en riesgo a los estudiantes.<\/p>\n\n\n\n<p>Los manifestantes se\u00f1alaron que el director habr\u00eda utilizado recursos del programa \u00abLa Escuela es Nuestra\u00bb, &nbsp;en la compra de seis aires acondicionados de una marca econ\u00f3mica y report\u00e1ndolos con un valor mayor. Adem\u00e1s, denunciaron que estos equipos, al ser instalados, provocaron un incendio en la cabler\u00eda, lo que gener\u00f3 da\u00f1os el\u00e9ctricos que han afectado el alumbrado en los salones y el servicio de agua potable en los ba\u00f1os.<\/p>\n\n\n\n<p>Despu\u00e9s de tres meses sin soluci\u00f3n a estos problemas, los padres decidieron cerrar la escuela como medida de presi\u00f3n para exigir la reparaci\u00f3n de la instalaci\u00f3n el\u00e9ctrica y la destituci\u00f3n del director.<\/p>\n\n\n\n<p><strong>Supervisora promete soluci\u00f3n<\/strong><\/p>\n\n\n\n<p>Cerca de las 9:00 de la ma\u00f1ana, arrib\u00f3 al lugar la supervisora de la zona, de quien no se proporcion\u00f3 el nombre, y que por segunda ocasi\u00f3n se comprometi\u00f3 a solucionar el problema. Sin embargo, los padres inconformes advirtieron que si no se atiende la situaci\u00f3n a la brevedad, volver\u00e1n a cerrar el plantel este jueves.<\/p>\n\n\n\n<p>Hasta el momento, la Secretar\u00eda de Educaci\u00f3n del Estado no ha emitido un comunicado oficial sobre la situaci\u00f3n en la escuela R\u00f3mulo Rozo, mientras la comunidad estudiantil sigue a la espera de respuestas concretas.<\/p>\n<div class='share-to-whatsapp-wrapper'><div class='share-on-whsp'>Share on: <\/div><a data-text='Exigen a la SEGEY destituci\u00f3n de director de una escuela en M\u00e9rida' data-link='https:\/\/visionpeninsular.com\/mid\/exigen-a-la-segey-destitucion-de-director-de-una-escuela-en-merida\/' class='whatsapp-button whatsapp-share'>WhatsApp<\/a><div class='clear '><\/div><\/div>","protected":false},"excerpt":{"rendered":"<p>M\u00e9rida, 12 de marzo, 2025.- La ma\u00f1ana de este mi\u00e9rcoles, padres de familia de la escuela primaria R\u00f3mulo Rozo, ubicada en la colonia San Jos\u00e9 Tecoh 2, cerraron con candados el acceso al plantel en protesta contra el director David Adiel Mendoza Ab\u00e1n, a quien acusan de malos manejos y de poner en riesgo a &hellip;<\/p>\n","protected":false},"author":5,"featured_media":200721,"comment_status":"open","ping_status":"open","sticky":false,"template":"","format":"standard","meta":{"_mi_skip_tracking":false},"categories":[50,37],"tags":[47068,47067,47069],"_links":{"self":[{"href":"https:\/\/visionpeninsular.com\/mid\/wp-json\/wp\/v2\/posts\/200719"}],"collection":[{"href":"https:\/\/visionpeninsular.com\/mid\/wp-json\/wp\/v2\/posts"}],"about":[{"href":"https:\/\/visionpeninsular.com\/mid\/wp-json\/wp\/v2\/types\/post"}],"author":[{"embeddable":true,"href":"https:\/\/visionpeninsular.com\/mid\/wp-json\/wp\/v2\/users\/5"}],"replies":[{"embeddable":true,"href":"https:\/\/visionpeninsular.com\/mid\/wp-json\/wp\/v2\/comments?post=200719"}],"version-history":[{"count":1,"href":"https:\/\/visionpeninsular.com\/mid\/wp-json\/wp\/v2\/posts\/200719\/revisions"}],"predecessor-version":[{"id":200722,"href":"https:\/\/visionpeninsular.com\/mid\/wp-json\/wp\/v2\/posts\/200719\/revisions\/200722"}],"wp:featuredmedia":[{"embeddable":true,"href":"https:\/\/visionpeninsular.com\/mid\/wp-json\/wp\/v2\/media\/200721"}],"wp:attachment":[{"href":"https:\/\/visionpeninsular.com\/mid\/wp-json\/wp\/v2\/media?parent=200719"}],"wp:term":[{"taxonomy":"category","embeddable":true,"href":"https:\/\/visionpeninsular.com\/mid\/wp-json\/wp\/v2\/categories?post=200719"},{"taxonomy":"post_tag","embeddable":true,"href":"https:\/\/visionpeninsular.com\/mid\/wp-json\/wp\/v2\/tags?post=200719"}],"curies":[{"name":"wp","href":"https:\/\/api.w.org\/{rel}","templated":true}]}}