{"id":200447,"date":"2025-03-05T17:28:01","date_gmt":"2025-03-05T23:28:01","guid":{"rendered":"https:\/\/visionpeninsular.com\/mid\/?p=200447"},"modified":"2025-03-05T17:28:04","modified_gmt":"2025-03-05T23:28:04","slug":"vinculan-a-proceso-a-acusadas-de-la-muerte-del-nino-en-kanasin","status":"publish","type":"post","link":"https:\/\/visionpeninsular.com\/mid\/vinculan-a-proceso-a-acusadas-de-la-muerte-del-nino-en-kanasin\/","title":{"rendered":"Vinculan a proceso a acusadas de la muerte del ni\u00f1o en Kanas\u00edn"},"content":{"rendered":"\n<p>M\u00c9RIDA.- 5 de marzo de 2025.- Este mi\u00e9rcoles fueron vinculadas a proceso Vilma Concepci\u00f3n M. T., madre del ni\u00f1o \u201cPeloncito\u201d, quien muri\u00f3 de desnutrici\u00f3n en Kanas\u00edn, y su pareja Liliana Elizabeth H.G.<\/p>\n\n\n\n<p>Un Juzgado consider\u00f3 que hay pruebas suficientes para considerarlas probables responsables de delitos de violencia familiar agravada, lesiones y homicidio.<\/p>\n\n\n\n<p>Como se sabe, el peque\u00f1o, de 7 a\u00f1os y 10 meses de edad, muri\u00f3 el martes 18 de febrero de 2025 en un caso que conmocion\u00f3 a Kanas\u00edn, y Yucat\u00e1n en general, por una desnutrici\u00f3n severa.<\/p>\n\n\n\n<p>Adem\u00e1s de la muerte del ni\u00f1o se investiga a las mujeres por las condiciones de abandono en que ten\u00edan a los hermanos de \u201cPeloncito\u201d, tambi\u00e9n menores de edad.<\/p>\n\n\n\n<p>Hoy, de acuerdo con un comunicado de la Fiscal\u00eda General del Estado, al reanudarse la audiencia por el maltrato a tres menores, hermanos del menor fallecido en Cielo Alto Kanas\u00edn, Vilma C.M.T. y Liliana E.H.G fueron vinculadas a proceso.<\/p>\n\n\n\n<p>Los delitos que se les imputan son violencia familiar agravada (4), lesiones calificadas, homicidio en raz\u00f3n de parentesco en grado de tentativa para la primera y homicidio calificado en grado de tentativa para la segunda, por hechos ocurridos en agravio de los menores de 9, 14 y 17 a\u00f1os de edad.<\/p>\n\n\n\n<p>La FGE aport\u00f3 los datos y elementos de prueba reunidos en la causa penal 38\/2025, que fueron suficientemente probatorios para que la Juez de Control del Segundo Distrito Judicial decretara el citado auto de vinculaci\u00f3n a proceso por los delitos se\u00f1alados.<\/p>\n\n\n\n<p>Asimismo, la FGE dispondr\u00e1 de un plazo de 4 meses para el cierre de la investigaci\u00f3n complementaria.<\/p>\n\n\n\n<p>Durante ese tiempo se continuar\u00e1 la indagatoria que permita confirmar la responsabilidad penal de ambas acusadas en los hechos en agravio de los tres menores y su hermanito fallecido.<\/p>\n\n\n\n<p>Los especialistas de la Fiscal\u00eda lograron establecer que entre octubre del 2024 y el 18 de febrero pasado ambas mujeres realizaron actos de violencia, maltrato y omisi\u00f3n de cuidados en agravio de los menores, hijos de Vilma.<\/p>\n\n\n\n<p>Antes de concluir la diligencia de este mi\u00e9rcoles se ratific\u00f3 la medida cautelar de prisi\u00f3n preventiva justificada, que se mantendr\u00e1 durante todo el tiempo que dure el proceso.<\/p>\n<div class='share-to-whatsapp-wrapper'><div class='share-on-whsp'>Share on: <\/div><a data-text='Vinculan a proceso a acusadas de la muerte del ni\u00f1o en Kanas\u00edn' data-link='https:\/\/visionpeninsular.com\/mid\/vinculan-a-proceso-a-acusadas-de-la-muerte-del-nino-en-kanasin\/' class='whatsapp-button whatsapp-share'>WhatsApp<\/a><div class='clear '><\/div><\/div>","protected":false},"excerpt":{"rendered":"<p>M\u00c9RIDA.- 5 de marzo de 2025.- Este mi\u00e9rcoles fueron vinculadas a proceso Vilma Concepci\u00f3n M. T., madre del ni\u00f1o \u201cPeloncito\u201d, quien muri\u00f3 de desnutrici\u00f3n en Kanas\u00edn, y su pareja Liliana Elizabeth H.G. Un Juzgado consider\u00f3 que hay pruebas suficientes para considerarlas probables responsables de delitos de violencia familiar agravada, lesiones y homicidio. Como se sabe, &hellip;<\/p>\n","protected":false},"author":5,"featured_media":196044,"comment_status":"open","ping_status":"open","sticky":false,"template":"","format":"standard","meta":{"_mi_skip_tracking":false},"categories":[50,37],"tags":[],"_links":{"self":[{"href":"https:\/\/visionpeninsular.com\/mid\/wp-json\/wp\/v2\/posts\/200447"}],"collection":[{"href":"https:\/\/visionpeninsular.com\/mid\/wp-json\/wp\/v2\/posts"}],"about":[{"href":"https:\/\/visionpeninsular.com\/mid\/wp-json\/wp\/v2\/types\/post"}],"author":[{"embeddable":true,"href":"https:\/\/visionpeninsular.com\/mid\/wp-json\/wp\/v2\/users\/5"}],"replies":[{"embeddable":true,"href":"https:\/\/visionpeninsular.com\/mid\/wp-json\/wp\/v2\/comments?post=200447"}],"version-history":[{"count":1,"href":"https:\/\/visionpeninsular.com\/mid\/wp-json\/wp\/v2\/posts\/200447\/revisions"}],"predecessor-version":[{"id":200449,"href":"https:\/\/visionpeninsular.com\/mid\/wp-json\/wp\/v2\/posts\/200447\/revisions\/200449"}],"wp:featuredmedia":[{"embeddable":true,"href":"https:\/\/visionpeninsular.com\/mid\/wp-json\/wp\/v2\/media\/196044"}],"wp:attachment":[{"href":"https:\/\/visionpeninsular.com\/mid\/wp-json\/wp\/v2\/media?parent=200447"}],"wp:term":[{"taxonomy":"category","embeddable":true,"href":"https:\/\/visionpeninsular.com\/mid\/wp-json\/wp\/v2\/categories?post=200447"},{"taxonomy":"post_tag","embeddable":true,"href":"https:\/\/visionpeninsular.com\/mid\/wp-json\/wp\/v2\/tags?post=200447"}],"curies":[{"name":"wp","href":"https:\/\/api.w.org\/{rel}","templated":true}]}}