{"id":200236,"date":"2025-02-26T20:20:47","date_gmt":"2025-02-27T02:20:47","guid":{"rendered":"https:\/\/visionpeninsular.com\/mid\/?p=200236"},"modified":"2025-02-26T20:20:50","modified_gmt":"2025-02-27T02:20:50","slug":"el-suicidio-y-la-depresion-son-problemas-de-salud-publica-que-estan-rodeados-de-estigmas-codhey","status":"publish","type":"post","link":"https:\/\/visionpeninsular.com\/mid\/el-suicidio-y-la-depresion-son-problemas-de-salud-publica-que-estan-rodeados-de-estigmas-codhey\/","title":{"rendered":"\u201cEl suicidio y la depresi\u00f3n son problemas de salud p\u00fablica que est\u00e1n rodeados de estigmas\u201d: CODHEY"},"content":{"rendered":"\n<p>Es necesaria la construcci\u00f3n de pol\u00edticas p\u00fablicas conjuntas de nivel estatal, comunitario, relacional e individual en materia de salud mental, se\u00f1al\u00f3 la Ombudsperson Mar\u00eda Guadalupe M\u00e9ndez Correa<\/p>\n\n\n\n<p>M\u00e9rida, Yucat\u00e1n, al 26 de febrero de 2025.\u2013 Al rendir su primer informe Anual correspondiente al 2024, la Ombudsperson Mar\u00eda Guadalupe M\u00e9ndez Correa extern\u00f3 su preocupaci\u00f3n por el problema estructural que hist\u00f3ricamente presenta la entidad en materia de salud mental.<\/p>\n\n\n\n<p>\u2013No es cuesti\u00f3n de &#8220;echarle ganas&#8221;, el suicidio y la depresi\u00f3n son problemas de salud p\u00fablica que est\u00e1n rodeados de estigmas y mitos que afectan no solo a las personas en lo individual, sino a sus familias y comunidades. Es necesaria la construcci\u00f3n de pol\u00edticas p\u00fablicas conjuntas de nivel estatal, comunitario, relacional e individual \u2013asever\u00f3 la presidenta de la Comisi\u00f3n de Derechos Humanos del Estado de Yucat\u00e1n (CODHEY), durante su mensaje en el sal\u00f3n del Pleno de Los Constituyentes 1918.<\/p>\n\n\n\n<p>Tambi\u00e9n se\u00f1al\u00f3 la necesidad de &#8220;pol\u00edticas p\u00fablicas desmantelen los sistemas de discriminaci\u00f3n estructural como el capacitismo, serofobia, edadismo, racismo, Igbftbofia y machismo, entre otros.El enfoque interseccional debe ser aplicado a cabalidad y no un mero enunciamiento sin efectos en la vida de las personas&#8221;.<\/p>\n\n\n\n<p>\u2014Tenemos que garantizar los derechos a las familias diversas, fomentar una atenci\u00f3n integral en las \u00e1reas laborales, educativas y de salud a todas las personas LGBTI+; debemos impulsar acciones mediante coordinaciones efectivas, r\u00e1pidas y claras para garantizar los derechos de las personas que viven con VIH o sida, previniendo la informaci\u00f3n falsa y pedagog\u00edas basadas en el terror sobre la salud sexual \u2013a\u00f1adi\u00f3.<\/p>\n\n\n\n<p>Sobre la atenci\u00f3n a las personas con discapacidad, Mar\u00eda Guadalupe M\u00e9ndez se\u00f1al\u00f3 que es &#8220;necesario abandonar el enfoque asistencialista y accionar desde el paradigma de derechos humanos para la discapacidad&#8221;.<\/p>\n\n\n\n<p>Finalmente, invit\u00f3 a los congresistas a la construcci\u00f3n de una legislaci\u00f3n garante de estos derechos humanos, considerando como base a la Ley Modelo Interamericana de Cuidados de la Organizaci\u00f3n de los Estados Americanos. <\/p>\n\n\n\n<figure class=\"wp-block-image size-large\"><img loading=\"lazy\" width=\"1024\" height=\"682\" src=\"https:\/\/visionpeninsular.com\/mid\/wp-content\/uploads\/2025\/02\/1000210344-1024x682.jpg\" alt=\"\" class=\"wp-image-200238\" srcset=\"https:\/\/visionpeninsular.com\/mid\/wp-content\/uploads\/2025\/02\/1000210344-1024x682.jpg 1024w, https:\/\/visionpeninsular.com\/mid\/wp-content\/uploads\/2025\/02\/1000210344-300x200.jpg 300w, https:\/\/visionpeninsular.com\/mid\/wp-content\/uploads\/2025\/02\/1000210344-768x512.jpg 768w, https:\/\/visionpeninsular.com\/mid\/wp-content\/uploads\/2025\/02\/1000210344-1536x1023.jpg 1536w, https:\/\/visionpeninsular.com\/mid\/wp-content\/uploads\/2025\/02\/1000210344-310x205.jpg 310w, https:\/\/visionpeninsular.com\/mid\/wp-content\/uploads\/2025\/02\/1000210344.jpg 1600w\" sizes=\"(max-width: 1024px) 100vw, 1024px\" \/><figcaption>La Ombudsperson Mar\u00eda Guadalupe M\u00e9ndez Correa rindi\u00f3 su informe en el Congreso del Estado. FOTO: Oficial<\/figcaption><\/figure>\n<div class='share-to-whatsapp-wrapper'><div class='share-on-whsp'>Share on: <\/div><a data-text='\u201cEl suicidio y la depresi\u00f3n son problemas de salud p\u00fablica que est\u00e1n rodeados de estigmas\u201d: CODHEY' data-link='https:\/\/visionpeninsular.com\/mid\/el-suicidio-y-la-depresion-son-problemas-de-salud-publica-que-estan-rodeados-de-estigmas-codhey\/' class='whatsapp-button whatsapp-share'>WhatsApp<\/a><div class='clear '><\/div><\/div>","protected":false},"excerpt":{"rendered":"<p>Es necesaria la construcci\u00f3n de pol\u00edticas p\u00fablicas conjuntas de nivel estatal, comunitario, relacional e individual en materia de salud mental, se\u00f1al\u00f3 la Ombudsperson Mar\u00eda Guadalupe M\u00e9ndez Correa M\u00e9rida, Yucat\u00e1n, al 26 de febrero de 2025.\u2013 Al rendir su primer informe Anual correspondiente al 2024, la Ombudsperson Mar\u00eda Guadalupe M\u00e9ndez Correa extern\u00f3 su preocupaci\u00f3n por el &hellip;<\/p>\n","protected":false},"author":11,"featured_media":200238,"comment_status":"open","ping_status":"open","sticky":false,"template":"","format":"standard","meta":{"_mi_skip_tracking":false},"categories":[49,37],"tags":[468,1991,46820,2313,533],"_links":{"self":[{"href":"https:\/\/visionpeninsular.com\/mid\/wp-json\/wp\/v2\/posts\/200236"}],"collection":[{"href":"https:\/\/visionpeninsular.com\/mid\/wp-json\/wp\/v2\/posts"}],"about":[{"href":"https:\/\/visionpeninsular.com\/mid\/wp-json\/wp\/v2\/types\/post"}],"author":[{"embeddable":true,"href":"https:\/\/visionpeninsular.com\/mid\/wp-json\/wp\/v2\/users\/11"}],"replies":[{"embeddable":true,"href":"https:\/\/visionpeninsular.com\/mid\/wp-json\/wp\/v2\/comments?post=200236"}],"version-history":[{"count":1,"href":"https:\/\/visionpeninsular.com\/mid\/wp-json\/wp\/v2\/posts\/200236\/revisions"}],"predecessor-version":[{"id":200239,"href":"https:\/\/visionpeninsular.com\/mid\/wp-json\/wp\/v2\/posts\/200236\/revisions\/200239"}],"wp:featuredmedia":[{"embeddable":true,"href":"https:\/\/visionpeninsular.com\/mid\/wp-json\/wp\/v2\/media\/200238"}],"wp:attachment":[{"href":"https:\/\/visionpeninsular.com\/mid\/wp-json\/wp\/v2\/media?parent=200236"}],"wp:term":[{"taxonomy":"category","embeddable":true,"href":"https:\/\/visionpeninsular.com\/mid\/wp-json\/wp\/v2\/categories?post=200236"},{"taxonomy":"post_tag","embeddable":true,"href":"https:\/\/visionpeninsular.com\/mid\/wp-json\/wp\/v2\/tags?post=200236"}],"curies":[{"name":"wp","href":"https:\/\/api.w.org\/{rel}","templated":true}]}}