{"id":200134,"date":"2025-02-24T18:35:32","date_gmt":"2025-02-25T00:35:32","guid":{"rendered":"https:\/\/visionpeninsular.com\/mid\/?p=200134"},"modified":"2025-02-24T18:35:35","modified_gmt":"2025-02-25T00:35:35","slug":"merida-presenta-alerta-segura-para-proteccion-ciudadana","status":"publish","type":"post","link":"https:\/\/visionpeninsular.com\/mid\/merida-presenta-alerta-segura-para-proteccion-ciudadana\/","title":{"rendered":"M\u00e9rida presenta \u00abAlerta Segura\u00bb para protecci\u00f3n ciudadana"},"content":{"rendered":"\n<p>M\u00e9rida, 24 febrero, 2025.- La alcaldesa de M\u00e9rida, Cecilia Patr\u00f3n Laviada, anunci\u00f3 el pr\u00f3ximo lanzamiento del programa \u00abAlerta Segura\u00bb, una iniciativa integral que consta de 10 puntos enfocados en la atenci\u00f3n a personas en situaci\u00f3n de vulnerabilidad o violencia.<\/p>\n\n\n\n<p>Durante su conferencia matutina, la alcaldesa adelant\u00f3 que esta estrategia, que ser\u00e1 presentada en detalle el pr\u00f3ximo mi\u00e9rcoles, representa un esfuerzo de coordinaci\u00f3n interinstitucional donde la polic\u00eda municipal de M\u00e9rida fungir\u00e1 como primer punto de contacto, principalmente en el centro hist\u00f3rico.<\/p>\n\n\n\n<p>El programa contempla la colaboraci\u00f3n de diversas instituciones, incluyendo el Centro de Justicia para las Mujeres, la Procuradur\u00eda de Protecci\u00f3n de Ni\u00f1as, Ni\u00f1os y Adolescentes, el Hospital General Agust\u00edn Mor\u00e1n, el Hospital Psiqui\u00e1trico de Yucat\u00e1n, Protecci\u00f3n Civil y la Guardia Nacional. Por el momento, el alcance se limitar\u00e1 a la zona centro de M\u00e9rida, donde la Polic\u00eda Municipal tiene injerencia directa, aunque la alcaldesa asegur\u00f3 que buscar\u00e1n ampliar la cobertura hacia las comisar\u00edas mediante la coordinaci\u00f3n con autoridades estatales.<\/p>\n\n\n\n<p>En materia de inclusi\u00f3n laboral, Patr\u00f3n Laviada anunci\u00f3 una feria de empleo inclusiva dirigida a adultos mayores, personas con discapacidad y miembros de la comunidad LGBT. El evento se realizar\u00e1 el jueves 27 de febrero a las 9:00 de la ma\u00f1ana en el Centro Cultural Olimpo, con la participaci\u00f3n de 33 empresas que ofrecer\u00e1n m\u00e1s de 400 vacantes. Como complemento, la Direcci\u00f3n de Bienestar Econ\u00f3mico ofrecer\u00e1 un curso sobre manejo de sillas de ruedas para facilitar la independencia laboral, programado para los s\u00e1bados de marzo y abril en el Parque de la Mejorada y la Plaza Grande.<\/p>\n\n\n\n<p>Respecto al Carnaval de M\u00e9rida a 2025, la alcaldesa hizo un recuento de los eventos realizados, como la coronaci\u00f3n de reinas y reyes, la presentaci\u00f3n de Los Recoditos y el concurso de comparsas. Para los d\u00edas siguientes, anunci\u00f3 la tradicional Quema del Mal Humor (mi\u00e9rcoles), el Carnaval Infantil (jueves) y la inauguraci\u00f3n oficial en Plaza Carnaval (viernes), destacando que habr\u00e1 transporte gratuito desde diversos puntos de la ciudad, incluido un servicio especial para mujeres, garantizando un carnaval familiar y seguro.<\/p>\n\n\n\n<p><strong>M\u00e9rida refuerza acciones ambientales y sociales<\/strong><\/p>\n\n\n\n<p>La primera edil tambi\u00e9n inform\u00f3 sobre pr\u00f3ximas actividades institucionales, entre ellas la firma de un convenio con la comunidad de skaters y la instalaci\u00f3n del Consejo Consultivo de Protecci\u00f3n a la Fauna del Municipio de M\u00e9rida, este \u00faltimo de especial importancia ante recientes casos de maltrato animal. Adicionalmente, destac\u00f3 la donaci\u00f3n de nuevos contenedores de residuos por parte de la empresa Sana, que se incorporar\u00e1n al programa municipal \u00abM\u00e9rida limpia es tuya, cu\u00eddala\u00bb.<\/p>\n\n\n\n<p>En el \u00e1mbito del desarrollo urbano, Patr\u00f3n Laviada anunci\u00f3 la realizaci\u00f3n de mesas de diagn\u00f3stico ciudadano participativo para el Programa Municipal de Ordenamiento Territorial y Desarrollo Urbano. La alcaldesa enfatiz\u00f3 la necesidad de actualizar el Plan de Desarrollo Urbano considerando tanto la opini\u00f3n de especialistas como de ciudadanos para hacer frente al acelerado crecimiento de la ciudad.<\/p>\n\n\n\n<p>En materia de infraestructura, la funcionaria inform\u00f3 sobre la continuaci\u00f3n de los trabajos de repavimentaci\u00f3n, revelando que gracias a ahorros por 9 millones de pesos en el presupuesto original de 150 millones, se incluir\u00e1n nuevas calles en el programa: una en Castilla C\u00e1mara (sur de M\u00e9rida) y otra en el Fraccionamiento Las \u00c1guilas (nororiente).<\/p>\n\n\n\n<p>En desarrollo social, la alcaldesa anunci\u00f3 una jornada infantil de donaci\u00f3n de lentes a beneficio del programa \u00abVer Bien\u00bb, en alianza con organizaciones de la sociedad civil. Esta iniciativa se suma a los esfuerzos del ayuntamiento por mejorar la calidad de vida de los meridanos, especialmente de los sectores m\u00e1s vulnerables.<\/p>\n\n\n\n<p><strong>Impulsan programas de vivienda social<\/strong><\/p>\n\n\n\n<p>Finalmente, Patr\u00f3n Laviada inform\u00f3 sobre reuniones con el gobernador y la Secretar\u00eda de Desarrollo Agrario, Territorial y Urbano (SEDATU) para implementar programas de vivienda social. El ayuntamiento participar\u00e1 localizando terrenos municipales para posible donaci\u00f3n, apoyando en procesos de divisi\u00f3n de predios y facilitando tr\u00e1mites desde las \u00e1reas de Desarrollo Urbano y Tesorer\u00eda. El proyecto iniciar\u00e1 con la construcci\u00f3n de 100 viviendas, probablemente en la zona poniente de M\u00e9rida, con el objetivo de ofrecer opciones habitacionales dignas y accesibles para la poblaci\u00f3n.<\/p>\n\n\n\n<p>\u00abNosotros haremos lo necesario para que las meridanas y los meridanos puedan acceder a una vivienda digna y, sobre todo, accesible. Hoy en d\u00eda, muchas personas no pueden adquirir una casa debido a los altos costos, y lo que buscamos es impulsar la vivienda social\u00bb, concluy\u00f3 la alcaldesa, reafirmando el compromiso de su administraci\u00f3n con el bienestar integral de los ciudadanos.<\/p>\n<div class='share-to-whatsapp-wrapper'><div class='share-on-whsp'>Share on: <\/div><a data-text='M\u00e9rida presenta \u00abAlerta Segura\u00bb para protecci\u00f3n ciudadana' data-link='https:\/\/visionpeninsular.com\/mid\/merida-presenta-alerta-segura-para-proteccion-ciudadana\/' class='whatsapp-button whatsapp-share'>WhatsApp<\/a><div class='clear '><\/div><\/div>","protected":false},"excerpt":{"rendered":"<p>M\u00e9rida, 24 febrero, 2025.- La alcaldesa de M\u00e9rida, Cecilia Patr\u00f3n Laviada, anunci\u00f3 el pr\u00f3ximo lanzamiento del programa \u00abAlerta Segura\u00bb, una iniciativa integral que consta de 10 puntos enfocados en la atenci\u00f3n a personas en situaci\u00f3n de vulnerabilidad o violencia. Durante su conferencia matutina, la alcaldesa adelant\u00f3 que esta estrategia, que ser\u00e1 presentada en detalle el &hellip;<\/p>\n","protected":false},"author":5,"featured_media":200136,"comment_status":"open","ping_status":"open","sticky":false,"template":"","format":"standard","meta":{"_mi_skip_tracking":false},"categories":[49,37],"tags":[46780,41,5668,46781],"_links":{"self":[{"href":"https:\/\/visionpeninsular.com\/mid\/wp-json\/wp\/v2\/posts\/200134"}],"collection":[{"href":"https:\/\/visionpeninsular.com\/mid\/wp-json\/wp\/v2\/posts"}],"about":[{"href":"https:\/\/visionpeninsular.com\/mid\/wp-json\/wp\/v2\/types\/post"}],"author":[{"embeddable":true,"href":"https:\/\/visionpeninsular.com\/mid\/wp-json\/wp\/v2\/users\/5"}],"replies":[{"embeddable":true,"href":"https:\/\/visionpeninsular.com\/mid\/wp-json\/wp\/v2\/comments?post=200134"}],"version-history":[{"count":1,"href":"https:\/\/visionpeninsular.com\/mid\/wp-json\/wp\/v2\/posts\/200134\/revisions"}],"predecessor-version":[{"id":200137,"href":"https:\/\/visionpeninsular.com\/mid\/wp-json\/wp\/v2\/posts\/200134\/revisions\/200137"}],"wp:featuredmedia":[{"embeddable":true,"href":"https:\/\/visionpeninsular.com\/mid\/wp-json\/wp\/v2\/media\/200136"}],"wp:attachment":[{"href":"https:\/\/visionpeninsular.com\/mid\/wp-json\/wp\/v2\/media?parent=200134"}],"wp:term":[{"taxonomy":"category","embeddable":true,"href":"https:\/\/visionpeninsular.com\/mid\/wp-json\/wp\/v2\/categories?post=200134"},{"taxonomy":"post_tag","embeddable":true,"href":"https:\/\/visionpeninsular.com\/mid\/wp-json\/wp\/v2\/tags?post=200134"}],"curies":[{"name":"wp","href":"https:\/\/api.w.org\/{rel}","templated":true}]}}