{"id":200067,"date":"2025-02-22T09:15:07","date_gmt":"2025-02-22T15:15:07","guid":{"rendered":"https:\/\/visionpeninsular.com\/mid\/?p=200067"},"modified":"2025-02-22T09:15:09","modified_gmt":"2025-02-22T15:15:09","slug":"un-autobus-de-ado-termino-calcinado","status":"publish","type":"post","link":"https:\/\/visionpeninsular.com\/mid\/un-autobus-de-ado-termino-calcinado\/","title":{"rendered":"Un autob\u00fas de ADO termin\u00f3 calcinado"},"content":{"rendered":"\n<h2 class=\"has-text-align-center\">Los pasajeros fueron evacuados a tiempo; el origen del siniestro fue un neum\u00e1tico que se revent\u00f3<\/h2>\n\n\n\n<p>M\u00e9rida, Yucat\u00e1n, a 21 de febrero de 2025.\u2013 Un autob\u00fas de ADO termin\u00f3 calcinado durante un incendi\u00f3 que se registr\u00f3 la noche de ayer en el kil\u00f3metro 120 de la carretera M\u00e9rida-Tulum. <\/p>\n\n\n\n<p>En cuesti\u00f3n de minutos, la unidad qued\u00f3 en cenizas. El origen del siniestro fue uno de los neum\u00e1ticos que revent\u00f3. El autob\u00fas sali\u00f3 de M\u00e9rida con destino a Valladolid. <\/p>\n\n\n\n<p>Se inform\u00f3  que todos los pasajeros lograron ser evacuados a tiempo.La v\u00eda tuvo que ser cerrada por una hora en tanto los bomberos de Valladolid sofocaron las llamas.<\/p>\n\n\n\n<figure class=\"wp-block-image size-large\"><img loading=\"lazy\" width=\"1024\" height=\"478\" src=\"https:\/\/visionpeninsular.com\/mid\/wp-content\/uploads\/2025\/02\/1000199020-1024x478.jpg\" alt=\"\" class=\"wp-image-200069\" srcset=\"https:\/\/visionpeninsular.com\/mid\/wp-content\/uploads\/2025\/02\/1000199020-1024x478.jpg 1024w, https:\/\/visionpeninsular.com\/mid\/wp-content\/uploads\/2025\/02\/1000199020-300x140.jpg 300w, https:\/\/visionpeninsular.com\/mid\/wp-content\/uploads\/2025\/02\/1000199020-768x358.jpg 768w, https:\/\/visionpeninsular.com\/mid\/wp-content\/uploads\/2025\/02\/1000199020.jpg 1080w\" sizes=\"(max-width: 1024px) 100vw, 1024px\" \/><figcaption>Autob\u00fas de ADO que se incendi\u00f3 en la carretera M\u00e9rida-Tulum, qued\u00f3 totalmente calcinado. FOTO: Yucat\u00e1n Dice<\/figcaption><\/figure>\n<div class='share-to-whatsapp-wrapper'><div class='share-on-whsp'>Share on: <\/div><a data-text='Un autob\u00fas de ADO termin\u00f3 calcinado' data-link='https:\/\/visionpeninsular.com\/mid\/un-autobus-de-ado-termino-calcinado\/' class='whatsapp-button whatsapp-share'>WhatsApp<\/a><div class='clear '><\/div><\/div>","protected":false},"excerpt":{"rendered":"<p>Los pasajeros fueron evacuados a tiempo; el origen del siniestro fue un neum\u00e1tico que se revent\u00f3 M\u00e9rida, Yucat\u00e1n, a 21 de febrero de 2025.\u2013 Un autob\u00fas de ADO termin\u00f3 calcinado durante un incendi\u00f3 que se registr\u00f3 la noche de ayer en el kil\u00f3metro 120 de la carretera M\u00e9rida-Tulum. En cuesti\u00f3n de minutos, la unidad qued\u00f3 &hellip;<\/p>\n","protected":false},"author":11,"featured_media":200069,"comment_status":"open","ping_status":"open","sticky":false,"template":"","format":"standard","meta":{"_mi_skip_tracking":false},"categories":[49,37],"tags":[46751,1003,449],"_links":{"self":[{"href":"https:\/\/visionpeninsular.com\/mid\/wp-json\/wp\/v2\/posts\/200067"}],"collection":[{"href":"https:\/\/visionpeninsular.com\/mid\/wp-json\/wp\/v2\/posts"}],"about":[{"href":"https:\/\/visionpeninsular.com\/mid\/wp-json\/wp\/v2\/types\/post"}],"author":[{"embeddable":true,"href":"https:\/\/visionpeninsular.com\/mid\/wp-json\/wp\/v2\/users\/11"}],"replies":[{"embeddable":true,"href":"https:\/\/visionpeninsular.com\/mid\/wp-json\/wp\/v2\/comments?post=200067"}],"version-history":[{"count":1,"href":"https:\/\/visionpeninsular.com\/mid\/wp-json\/wp\/v2\/posts\/200067\/revisions"}],"predecessor-version":[{"id":200070,"href":"https:\/\/visionpeninsular.com\/mid\/wp-json\/wp\/v2\/posts\/200067\/revisions\/200070"}],"wp:featuredmedia":[{"embeddable":true,"href":"https:\/\/visionpeninsular.com\/mid\/wp-json\/wp\/v2\/media\/200069"}],"wp:attachment":[{"href":"https:\/\/visionpeninsular.com\/mid\/wp-json\/wp\/v2\/media?parent=200067"}],"wp:term":[{"taxonomy":"category","embeddable":true,"href":"https:\/\/visionpeninsular.com\/mid\/wp-json\/wp\/v2\/categories?post=200067"},{"taxonomy":"post_tag","embeddable":true,"href":"https:\/\/visionpeninsular.com\/mid\/wp-json\/wp\/v2\/tags?post=200067"}],"curies":[{"name":"wp","href":"https:\/\/api.w.org\/{rel}","templated":true}]}}