{"id":199924,"date":"2025-02-18T17:17:30","date_gmt":"2025-02-18T23:17:30","guid":{"rendered":"https:\/\/visionpeninsular.com\/mid\/?p=199924"},"modified":"2025-02-18T17:17:33","modified_gmt":"2025-02-18T23:17:33","slug":"la-orquesta-sinfonica-de-la-universidad-de-las-artes-de-yucatan-ofrecera-un-ciclo-de-conciertos","status":"publish","type":"post","link":"https:\/\/visionpeninsular.com\/mid\/la-orquesta-sinfonica-de-la-universidad-de-las-artes-de-yucatan-ofrecera-un-ciclo-de-conciertos\/","title":{"rendered":"La Orquesta Sinf\u00f3nica de la Universidad de las Artes de Yucat\u00e1n ofrecer\u00e1 un  ciclo de conciertos"},"content":{"rendered":"\n<ul><li><strong><em>Bajo el principio de impulsar a las artes y la cultura, &nbsp;la Orquesta Sinf\u00f3nica de la Universidad de las Artes de Yucat\u00e1n (OSUNAY), invita al ciclo semestral de conciertos.<\/em><\/strong><\/li><\/ul>\n\n\n\n<p>&nbsp;Con el objetivo de mantener al alcance de las familias yucatecas actividades de fomento a la cultura y el sano esparcimiento, la Orquesta Sinf\u00f3nica de la Universidad de las Artes de Yucat\u00e1n (OSUNAY), realizar\u00e1 su ciclo semestral de conciertos con el que ofrecer\u00e1 veladas donde se mostrar\u00e1 la excelencia de la formaci\u00f3n profesional de m\u00fasicos j\u00f3venes y, al mismo tiempo, se divulgar\u00e1 la m\u00fasica orquestal.<\/p>\n\n\n\n<p>&nbsp;El rector de la casa de estudios, Arq. Domingo Rodr\u00edguez Semerena, detall\u00f3 que la OSUNAY, integrada por estudiantes, personas egresadas, as\u00ed como m\u00fasicos independientes, y dirigida por el Dr. Alejandro Basulto, se presentar\u00e1 este semestre en el Palacio de la M\u00fasica en tres fechas: 20 de febrero, 20 de abril y 3 de junio, la primera con la participaci\u00f3n de la virtuosa solista invitada Enma Carbonell, quien interpretar\u00e1 el Concierto para violonchelo en Do mayor de F. J. Haydn.&nbsp;<\/p>\n\n\n\n<figure class=\"wp-block-image size-full\"><img loading=\"lazy\" width=\"400\" height=\"266\" src=\"https:\/\/visionpeninsular.com\/mid\/wp-content\/uploads\/2025\/02\/solista.jpg\" alt=\"\" class=\"wp-image-199927\" srcset=\"https:\/\/visionpeninsular.com\/mid\/wp-content\/uploads\/2025\/02\/solista.jpg 400w, https:\/\/visionpeninsular.com\/mid\/wp-content\/uploads\/2025\/02\/solista-300x200.jpg 300w, https:\/\/visionpeninsular.com\/mid\/wp-content\/uploads\/2025\/02\/solista-310x205.jpg 310w\" sizes=\"(max-width: 400px) 100vw, 400px\" \/><\/figure>\n\n\n\n<p>&nbsp;Por su parte, en conferencia de prensa, el director de la OSUNAY, Dr. Alejandro Basulto, destac\u00f3 que la violonchelista es una virtuosa cubana del instrumento, quien a trav\u00e9s de un concurso result\u00f3 seleccionada para este concierto. Ha dedicado pr\u00e1cticamente toda su vida a la m\u00fasica y es egresada del Conservatorio Esteban Salas. En 2012 fue invitada a formar parte de la orquesta que acompa\u00f1\u00f3 la Misa del Papa Benedicto XVI.<\/p>\n\n\n\n<p>&nbsp;Enma fue atril principal de la Orquesta Sinf\u00f3nica de Oriente de Santiago de Cuba y directora del cuarteto de Violonchelos Estaciones. Ha trabajado con la compa\u00f1\u00eda de entretenimiento y la Filarm\u00f3nica de Jamaica. Recientemente, gan\u00f3 el segundo lugar en la categor\u00eda de m\u00fasica de c\u00e1mara del Festival Internacional de Piano \u201cVillahermosa\u201d.<\/p>\n\n\n\n<p>&nbsp;Detall\u00f3 que adem\u00e1s de la participaci\u00f3n de la solista con el Concierto para violonchelo en Do mayor de F. J. Haydn, demandante a nivel t\u00e9cnico e interpretativo, obra importante para todo solista de violonchelo, tambi\u00e9n se interpretar\u00e1n la Sinfon\u00eda no. 41 J\u00fapiter de W. A. Mozart y la obertura de la \u00f3pera La Cenerentola de G. Rossini, \u00f3pera c\u00f3mica, contrastante, divertida y virtuosa.<\/p>\n\n\n\n<figure class=\"wp-block-image size-full\"><img loading=\"lazy\" width=\"400\" height=\"266\" src=\"https:\/\/visionpeninsular.com\/mid\/wp-content\/uploads\/2025\/02\/conciertos-unay.jpg\" alt=\"\" class=\"wp-image-199928\" srcset=\"https:\/\/visionpeninsular.com\/mid\/wp-content\/uploads\/2025\/02\/conciertos-unay.jpg 400w, https:\/\/visionpeninsular.com\/mid\/wp-content\/uploads\/2025\/02\/conciertos-unay-300x200.jpg 300w, https:\/\/visionpeninsular.com\/mid\/wp-content\/uploads\/2025\/02\/conciertos-unay-310x205.jpg 310w\" sizes=\"(max-width: 400px) 100vw, 400px\" \/><\/figure>\n\n\n\n<p>&nbsp;Destac\u00f3 que la orquesta suma estas presentaciones a los programas acad\u00e9micos y \u00f3peras completamente escenificadas, comisiones y estrenos de obras de compositores nacionales y locales, innovadores conciertos did\u00e1cticos y de divulgaci\u00f3n que ha presentado con anterioridad, as\u00ed\u0301 como a las colaboraciones con importantes solistas, entre los que destacan la Brooklyn Symphony Orchestra, Amanda Hollander-Ames, Amos Lucidi y Francisco Alcocer.<\/p>\n\n\n\n<p>&nbsp;En su oportunidad el Mtro. El\u00edas Puc S\u00e1nchez, director de Artes Musicales, invit\u00f3 al p\u00fablico en general a asistir al concierto a realizarse el jueves 20 de febrero a las 19:30 hrs. en el Palacio de la M\u00fasica, as\u00ed como a adquirir sus boletos con recuperaci\u00f3n de $150 v\u00eda plataforma Tus Boletos MX y\/o a trav\u00e9s del contacto de WhatsApp 9999 91 0244.<\/p>\n<div class='share-to-whatsapp-wrapper'><div class='share-on-whsp'>Share on: <\/div><a data-text='La Orquesta Sinf\u00f3nica de la Universidad de las Artes de Yucat\u00e1n ofrecer\u00e1 un  ciclo de conciertos' data-link='https:\/\/visionpeninsular.com\/mid\/la-orquesta-sinfonica-de-la-universidad-de-las-artes-de-yucatan-ofrecera-un-ciclo-de-conciertos\/' class='whatsapp-button whatsapp-share'>WhatsApp<\/a><div class='clear '><\/div><\/div>","protected":false},"excerpt":{"rendered":"<p>Bajo el principio de impulsar a las artes y la cultura, &nbsp;la Orquesta Sinf\u00f3nica de la Universidad de las Artes de Yucat\u00e1n (OSUNAY), invita al ciclo semestral de conciertos. &nbsp;Con el objetivo de mantener al alcance de las familias yucatecas actividades de fomento a la cultura y el sano esparcimiento, la Orquesta Sinf\u00f3nica de la &hellip;<\/p>\n","protected":false},"author":5,"featured_media":199926,"comment_status":"open","ping_status":"open","sticky":false,"template":"","format":"standard","meta":{"_mi_skip_tracking":false},"categories":[49,37],"tags":[46689,36157],"_links":{"self":[{"href":"https:\/\/visionpeninsular.com\/mid\/wp-json\/wp\/v2\/posts\/199924"}],"collection":[{"href":"https:\/\/visionpeninsular.com\/mid\/wp-json\/wp\/v2\/posts"}],"about":[{"href":"https:\/\/visionpeninsular.com\/mid\/wp-json\/wp\/v2\/types\/post"}],"author":[{"embeddable":true,"href":"https:\/\/visionpeninsular.com\/mid\/wp-json\/wp\/v2\/users\/5"}],"replies":[{"embeddable":true,"href":"https:\/\/visionpeninsular.com\/mid\/wp-json\/wp\/v2\/comments?post=199924"}],"version-history":[{"count":1,"href":"https:\/\/visionpeninsular.com\/mid\/wp-json\/wp\/v2\/posts\/199924\/revisions"}],"predecessor-version":[{"id":199929,"href":"https:\/\/visionpeninsular.com\/mid\/wp-json\/wp\/v2\/posts\/199924\/revisions\/199929"}],"wp:featuredmedia":[{"embeddable":true,"href":"https:\/\/visionpeninsular.com\/mid\/wp-json\/wp\/v2\/media\/199926"}],"wp:attachment":[{"href":"https:\/\/visionpeninsular.com\/mid\/wp-json\/wp\/v2\/media?parent=199924"}],"wp:term":[{"taxonomy":"category","embeddable":true,"href":"https:\/\/visionpeninsular.com\/mid\/wp-json\/wp\/v2\/categories?post=199924"},{"taxonomy":"post_tag","embeddable":true,"href":"https:\/\/visionpeninsular.com\/mid\/wp-json\/wp\/v2\/tags?post=199924"}],"curies":[{"name":"wp","href":"https:\/\/api.w.org\/{rel}","templated":true}]}}