{"id":199885,"date":"2025-02-17T16:25:08","date_gmt":"2025-02-17T22:25:08","guid":{"rendered":"https:\/\/visionpeninsular.com\/mid\/?p=199885"},"modified":"2025-02-17T16:25:11","modified_gmt":"2025-02-17T22:25:11","slug":"el-ayuntamiento-de-merida-y-la-sociedad-civil-promueven-el-bienestar-de-las-familias-meridanas","status":"publish","type":"post","link":"https:\/\/visionpeninsular.com\/mid\/el-ayuntamiento-de-merida-y-la-sociedad-civil-promueven-el-bienestar-de-las-familias-meridanas\/","title":{"rendered":"El Ayuntamiento de M\u00e9rida y la sociedad civil promueven el bienestar de las familias meridanas"},"content":{"rendered":"\n<p>M\u00e9rida. 17 febrero, 2025.- \u201cLa empat\u00eda y la compasi\u00f3n son los motores de la justicia social. Hoy celebro el trabajo que hacen todos los d\u00edas para apoyar a quienes m\u00e1s lo necesitan. Gracias por hacer de M\u00e9rida y su gente un mejor lugar para vivir\u201d, afirm\u00f3 Flora Zapata Mendiolea, Coordinadora General de Justicia Social y Bienestar Humano, al reconocer el trabajo de 80 asociaciones civiles que trabajan en equipo con el Ayuntamiento de M\u00e9rida.<\/p>\n\n\n\n<p>A nombre de la Presidenta Municipal Cecilia Patr\u00f3n Laviada, se\u00f1al\u00f3 que desde el DIF Municipal y la Secretar\u00eda de Participaci\u00f3n Ciudadana, en coordinaci\u00f3n con cada una de las asociaciones civiles, se han fortalecido las alianzas para tener un mayor alcance en servicios de albergue, terapias, diagn\u00f3sticos m\u00e9dicos, talleres y apoyos a las necesidades de la ciudadan\u00eda.<\/p>\n\n\n\n<p>&nbsp;\u201cA todas y todos les agradecemos su experiencia y profesionalismo en el trabajo que realizan frente a la sociedad, as\u00ed como el apoyo que representan al Ayuntamiento. Vean en una servidora a una aliada comprometida con sus causas, porque son las causas que apoyan y protegen a quienes m\u00e1s lo necesitan en nuestra comunidad\u201d, afirm\u00f3.<\/p>\n\n\n\n<p>&nbsp;En el evento, se reconoci\u00f3 la invaluable trayectoria de personas altruistas que, a trav\u00e9s de su labor en las Organizaciones de la Sociedad Civil, han contribuido significativamente al desarrollo y bienestar de la ciudad.<\/p>\n\n\n\n<p>&nbsp;Recibieron reconocimiento Leticia del Rosario Romero Osorio y Liliana Teresa Vald\u00e9s la Vallina Portela, ambas de la Asociaci\u00f3n Aprendamos Juntos A.C.; Esperanza Bern\u00e9s Rivera, de \u201cCasa Hogar para los Desamparados A.C. El Buen Samaritano\u201d; Roberto Mart\u00ednez Gamboa (P\u00f3stumo), de la Fundaci\u00f3n Grupo Kerigma A.C, cuyo reconocimiento fue recibido por Mar\u00eda Elena Mu\u00f1oz Men\u00e9ndez, con la presencia en el evento de Mireya Beatriz Peraza Montero viuda de Mart\u00ednez Gamboa, acompa\u00f1ada de sus hijas Andrea y Cecilia.<\/p>\n\n\n\n<p>&nbsp;\u201cA nombre del Ayuntamiento, muchas gracias por estar presentes y dejar una huella imborrable de su responsabilidad con una ciudad donde la esperanza y el respeto a la dignidad de la persona humana se traducen en una constante para nuestra nueva forma de gobernar: humana, inclusiva y con&nbsp; justicia social\u201d, se\u00f1al\u00f3.<\/p>\n\n\n\n<figure class=\"wp-block-image size-full\"><img loading=\"lazy\" width=\"400\" height=\"294\" src=\"https:\/\/visionpeninsular.com\/mid\/wp-content\/uploads\/2025\/02\/justicia-social-senalo.jpg\" alt=\"\" class=\"wp-image-199888\" srcset=\"https:\/\/visionpeninsular.com\/mid\/wp-content\/uploads\/2025\/02\/justicia-social-senalo.jpg 400w, https:\/\/visionpeninsular.com\/mid\/wp-content\/uploads\/2025\/02\/justicia-social-senalo-300x221.jpg 300w\" sizes=\"(max-width: 400px) 100vw, 400px\" \/><\/figure>\n\n\n\n<p>Tambi\u00e9n se hizo entrega de los cheques del Programa de Apoyo a Organizaciones de la Sociedad Civil, que busca maximizar el impacto de los servicios ofrecidos por dichas organizaciones, como albergues, terapias, diagn\u00f3sticos, talleres y apoyos diversos, beneficiando anualmente a m\u00e1s de 90 mil 900 ciudadanas y ciudadanos de M\u00e9rida y sus comisar\u00edas.<\/p>\n\n\n\n<p>El DIF M\u00e9rida actualmente&nbsp; apoya 62 organizaciones de la sociedad civil (19 albergues, 17 centros de atenci\u00f3n a personas con discapacidad, 12 organizaciones que atienden temas de salud, 11 con temas asistenciales, dos de Educaci\u00f3n y una de desarrollo humano).<\/p>\n\n\n\n<p>Con estas acciones, el Ayuntamiento de M\u00e9rida reafirma su compromiso de trabajar de la mano y generar alianzas con la sociedad civil para construir una sociedad m\u00e1s justa e inclusiva. Porque el trabajo en equipo entre sociedad y gobierno es fundamental para cuidar a nuestra poblaci\u00f3n m\u00e1s vulnerable.<\/p>\n<div class='share-to-whatsapp-wrapper'><div class='share-on-whsp'>Share on: <\/div><a data-text='El Ayuntamiento de M\u00e9rida y la sociedad civil promueven el bienestar de las familias meridanas' data-link='https:\/\/visionpeninsular.com\/mid\/el-ayuntamiento-de-merida-y-la-sociedad-civil-promueven-el-bienestar-de-las-familias-meridanas\/' class='whatsapp-button whatsapp-share'>WhatsApp<\/a><div class='clear '><\/div><\/div>","protected":false},"excerpt":{"rendered":"<p>M\u00e9rida. 17 febrero, 2025.- \u201cLa empat\u00eda y la compasi\u00f3n son los motores de la justicia social. Hoy celebro el trabajo que hacen todos los d\u00edas para apoyar a quienes m\u00e1s lo necesitan. Gracias por hacer de M\u00e9rida y su gente un mejor lugar para vivir\u201d, afirm\u00f3 Flora Zapata Mendiolea, Coordinadora General de Justicia Social y &hellip;<\/p>\n","protected":false},"author":5,"featured_media":199887,"comment_status":"open","ping_status":"open","sticky":false,"template":"","format":"standard","meta":{"_mi_skip_tracking":false},"categories":[49,37],"tags":[41,46675,5668,9071],"_links":{"self":[{"href":"https:\/\/visionpeninsular.com\/mid\/wp-json\/wp\/v2\/posts\/199885"}],"collection":[{"href":"https:\/\/visionpeninsular.com\/mid\/wp-json\/wp\/v2\/posts"}],"about":[{"href":"https:\/\/visionpeninsular.com\/mid\/wp-json\/wp\/v2\/types\/post"}],"author":[{"embeddable":true,"href":"https:\/\/visionpeninsular.com\/mid\/wp-json\/wp\/v2\/users\/5"}],"replies":[{"embeddable":true,"href":"https:\/\/visionpeninsular.com\/mid\/wp-json\/wp\/v2\/comments?post=199885"}],"version-history":[{"count":1,"href":"https:\/\/visionpeninsular.com\/mid\/wp-json\/wp\/v2\/posts\/199885\/revisions"}],"predecessor-version":[{"id":199889,"href":"https:\/\/visionpeninsular.com\/mid\/wp-json\/wp\/v2\/posts\/199885\/revisions\/199889"}],"wp:featuredmedia":[{"embeddable":true,"href":"https:\/\/visionpeninsular.com\/mid\/wp-json\/wp\/v2\/media\/199887"}],"wp:attachment":[{"href":"https:\/\/visionpeninsular.com\/mid\/wp-json\/wp\/v2\/media?parent=199885"}],"wp:term":[{"taxonomy":"category","embeddable":true,"href":"https:\/\/visionpeninsular.com\/mid\/wp-json\/wp\/v2\/categories?post=199885"},{"taxonomy":"post_tag","embeddable":true,"href":"https:\/\/visionpeninsular.com\/mid\/wp-json\/wp\/v2\/tags?post=199885"}],"curies":[{"name":"wp","href":"https:\/\/api.w.org\/{rel}","templated":true}]}}