{"id":199729,"date":"2025-02-13T12:52:59","date_gmt":"2025-02-13T18:52:59","guid":{"rendered":"https:\/\/visionpeninsular.com\/mid\/?p=199729"},"modified":"2025-02-13T12:53:02","modified_gmt":"2025-02-13T18:53:02","slug":"convoca-la-universidad-de-las-artes-de-yucatan-al-proceso-de-seleccion-para-ingreso-al-proximo-ciclo-escolar","status":"publish","type":"post","link":"https:\/\/visionpeninsular.com\/mid\/convoca-la-universidad-de-las-artes-de-yucatan-al-proceso-de-seleccion-para-ingreso-al-proximo-ciclo-escolar\/","title":{"rendered":"Convoca la Universidad de las Artes de Yucat\u00e1n al proceso de selecci\u00f3n para ingreso al pr\u00f3ximo ciclo escolar"},"content":{"rendered":"\n<ul><li><strong><em>Es la UNAY la \u00fanica instituci\u00f3n superior en la regi\u00f3n dedicada a la formaci\u00f3n profesional en el campo de las artes. \u2013 ofrece cupo para la tecnicatura en M\u00fasica, las licenciaturas en Artes Visuales, Danza Contempor\u00e1nea, Docencia de la Danza Cl\u00e1sica, Cine, Teatro y Artes Musicales, as\u00ed como a las maestr\u00edas en Artes Musicales y Direcci\u00f3n de Escena.<\/em><\/strong><\/li><\/ul>\n\n\n\n<p>&nbsp;Con \u00e9nfasis en la importancia que reconoce a la cultura y las artes como disciplinas aliadas por la vida la administraci\u00f3n del Gobernador Joaqu\u00edn D\u00edaz Mena, la Universidad de las Artes de Yucat\u00e1n (UNAY) convoca a las personas interesadas en estudiar los niveles de: tecnicatura, licenciaturas y posgrados en artes visuales, cine, danza, m\u00fasica y teatro y de esta manera formar parte de la instituci\u00f3n l\u00edder en la profesionalizaci\u00f3n de las artes en la regi\u00f3n peninsular.<\/p>\n\n\n\n<figure class=\"wp-block-image size-full\"><img loading=\"lazy\" width=\"400\" height=\"251\" src=\"https:\/\/visionpeninsular.com\/mid\/wp-content\/uploads\/2025\/02\/visuales.jpg\" alt=\"\" class=\"wp-image-199732\" srcset=\"https:\/\/visionpeninsular.com\/mid\/wp-content\/uploads\/2025\/02\/visuales.jpg 400w, https:\/\/visionpeninsular.com\/mid\/wp-content\/uploads\/2025\/02\/visuales-300x188.jpg 300w\" sizes=\"(max-width: 400px) 100vw, 400px\" \/><\/figure>\n\n\n\n<p>&nbsp;El rector de la casa de estudios, Arq. Domingo Rodr\u00edguez Semerena, asegur\u00f3 que, adem\u00e1s, las y los artistas profesionales formados en la UNAY se convierten en impulsores del desarrollo art\u00edstico, cultural, econ\u00f3mico y social de Yucat\u00e1n al abonar desde diferentes \u00e1mbitos a la&nbsp; preservaci\u00f3n y promoci\u00f3n del patrimonio cultural, el fomento de la innovaci\u00f3n y la creatividad, as\u00ed como al desarrollo de la industria cultural, por lo que invit\u00f3 a las familias interesadas a consultar la convocatoria en el sitio de internet www.unay.edu.mx en donde pueden conocer las diferentes pruebas y fases de cada programa acad\u00e9mico.<\/p>\n\n\n\n<p>&nbsp;Detall\u00f3 que la UNAY abri\u00f3 su convocatoria anual para ingresar el pr\u00f3ximo ciclo escolar al T\u00e9cnico Superior Universitario en M\u00fasica (TSU), las licenciaturas en Artes Visuales, Danza Contempor\u00e1nea, Docencia de la Danza Cl\u00e1sica, Cine, Teatro y Artes Musicales \u00e9sta \u00faltima con opciones en Canto, Composici\u00f3n, Guitarra, Instrumento, Piano y Producci\u00f3n, enfoques en m\u00fasica cl\u00e1sica y popular; as\u00ed como a las maestr\u00edas en Artes Musicales y Direcci\u00f3n de Escena.<\/p>\n\n\n\n<figure class=\"wp-block-image size-full\"><img loading=\"lazy\" width=\"400\" height=\"248\" src=\"https:\/\/visionpeninsular.com\/mid\/wp-content\/uploads\/2025\/02\/unay-musica.jpg\" alt=\"\" class=\"wp-image-199733\" srcset=\"https:\/\/visionpeninsular.com\/mid\/wp-content\/uploads\/2025\/02\/unay-musica.jpg 400w, https:\/\/visionpeninsular.com\/mid\/wp-content\/uploads\/2025\/02\/unay-musica-300x186.jpg 300w\" sizes=\"(max-width: 400px) 100vw, 400px\" \/><\/figure>\n\n\n\n<p>&nbsp;Indic\u00f3 que, para recibir detalles puntuales, conocer todos los pormenores de los programas acad\u00e9micos, las fechas y pases de las pruebas, as\u00ed como resolver dudas y atender a quienes viven fuera de M\u00e9rida, otros municipios y otros estados, los pr\u00f3ximos d\u00edas 6, 7, 10 de marzo se realizar\u00e1n reuniones informativas a distancia para las y los aspirantes de licenciaturas, TSU, y posgrados respectivamente.<\/p>\n\n\n\n<p>&nbsp;Tambi\u00e9n se inform\u00f3 que el periodo de pago de inscripci\u00f3n al proceso de selecci\u00f3n 2025 ser\u00e1 del 10 al 18 de marzo de 2025 para licenciaturas y TSU, y del 21 al 25 de abril y del 6 al 12 de mayo para los posgrados.<\/p>\n\n\n\n<figure class=\"wp-block-image size-full\"><img loading=\"lazy\" width=\"400\" height=\"286\" src=\"https:\/\/visionpeninsular.com\/mid\/wp-content\/uploads\/2025\/02\/teatro-unay.jpg\" alt=\"\" class=\"wp-image-199734\" srcset=\"https:\/\/visionpeninsular.com\/mid\/wp-content\/uploads\/2025\/02\/teatro-unay.jpg 400w, https:\/\/visionpeninsular.com\/mid\/wp-content\/uploads\/2025\/02\/teatro-unay-300x215.jpg 300w\" sizes=\"(max-width: 400px) 100vw, 400px\" \/><\/figure>\n\n\n\n<p>&nbsp;Es importante considerar que el proceso de selecci\u00f3n es anual y solo podr\u00e1n participar en las diferentes fases de pruebas te\u00f3ricas y pr\u00e1cticas, las personas que hayan concluido con los registros correspondientes. Tambi\u00e9n se recuerda que \u00fanicamente se pueden hacer registros para un programa acad\u00e9mico.<\/p>\n\n\n\n<p>&nbsp;Asimismo, se destaca que una de las mejores maneras de conocer la vida acad\u00e9mica de la UNAY y las herramientas que sus estudiantes adquieren durante su formaci\u00f3n es asistiendo a los eventos y actividades que de manera peri\u00f3dica se ofrecen al p\u00fablico en general, entre las que destacan: las presentaciones de los grupos art\u00edsticos, el cine club, las proyecciones de \u00f3peras en alta calidad y muchas m\u00e1s, as\u00ed como a los cursos y talleres de arte e idiomas, mismas que se pueden consultar en las redes sociales y el sitio web o solicitar informaci\u00f3n a trav\u00e9s del tel\u00e9fono 9999 301490 en formato de tel\u00e9fono tradicional y v\u00eda mensajer\u00eda.<\/p>\n\n\n\n<figure class=\"wp-block-image size-full\"><img loading=\"lazy\" width=\"400\" height=\"307\" src=\"https:\/\/visionpeninsular.com\/mid\/wp-content\/uploads\/2025\/02\/danza-ujnay.jpg\" alt=\"\" class=\"wp-image-199735\" srcset=\"https:\/\/visionpeninsular.com\/mid\/wp-content\/uploads\/2025\/02\/danza-ujnay.jpg 400w, https:\/\/visionpeninsular.com\/mid\/wp-content\/uploads\/2025\/02\/danza-ujnay-300x230.jpg 300w\" sizes=\"(max-width: 400px) 100vw, 400px\" \/><\/figure>\n\n\n\n<p>&nbsp;La UNAY es la \u00fanica instituci\u00f3n de educaci\u00f3n superior en la regi\u00f3n dedicada exclusivamente a la formaci\u00f3n profesional en el campo de las artes, actualmente cuenta con m\u00e1s de 670 estudiantes, de los cuales 147 son del Programa de Formaci\u00f3n Musical, 35 de T\u00e9cnico Superior Universitario,<\/p>\n<div class='share-to-whatsapp-wrapper'><div class='share-on-whsp'>Share on: <\/div><a data-text='Convoca la Universidad de las Artes de Yucat\u00e1n al proceso de selecci\u00f3n para ingreso al pr\u00f3ximo ciclo escolar' data-link='https:\/\/visionpeninsular.com\/mid\/convoca-la-universidad-de-las-artes-de-yucatan-al-proceso-de-seleccion-para-ingreso-al-proximo-ciclo-escolar\/' class='whatsapp-button whatsapp-share'>WhatsApp<\/a><div class='clear '><\/div><\/div>","protected":false},"excerpt":{"rendered":"<p>Es la UNAY la \u00fanica instituci\u00f3n superior en la regi\u00f3n dedicada a la formaci\u00f3n profesional en el campo de las artes. \u2013 ofrece cupo para la tecnicatura en M\u00fasica, las licenciaturas en Artes Visuales, Danza Contempor\u00e1nea, Docencia de la Danza Cl\u00e1sica, Cine, Teatro y Artes Musicales, as\u00ed como a las maestr\u00edas en Artes Musicales y &hellip;<\/p>\n","protected":false},"author":5,"featured_media":199731,"comment_status":"open","ping_status":"open","sticky":false,"template":"","format":"standard","meta":{"_mi_skip_tracking":false},"categories":[49,37],"tags":[185,46618,36157],"_links":{"self":[{"href":"https:\/\/visionpeninsular.com\/mid\/wp-json\/wp\/v2\/posts\/199729"}],"collection":[{"href":"https:\/\/visionpeninsular.com\/mid\/wp-json\/wp\/v2\/posts"}],"about":[{"href":"https:\/\/visionpeninsular.com\/mid\/wp-json\/wp\/v2\/types\/post"}],"author":[{"embeddable":true,"href":"https:\/\/visionpeninsular.com\/mid\/wp-json\/wp\/v2\/users\/5"}],"replies":[{"embeddable":true,"href":"https:\/\/visionpeninsular.com\/mid\/wp-json\/wp\/v2\/comments?post=199729"}],"version-history":[{"count":1,"href":"https:\/\/visionpeninsular.com\/mid\/wp-json\/wp\/v2\/posts\/199729\/revisions"}],"predecessor-version":[{"id":199736,"href":"https:\/\/visionpeninsular.com\/mid\/wp-json\/wp\/v2\/posts\/199729\/revisions\/199736"}],"wp:featuredmedia":[{"embeddable":true,"href":"https:\/\/visionpeninsular.com\/mid\/wp-json\/wp\/v2\/media\/199731"}],"wp:attachment":[{"href":"https:\/\/visionpeninsular.com\/mid\/wp-json\/wp\/v2\/media?parent=199729"}],"wp:term":[{"taxonomy":"category","embeddable":true,"href":"https:\/\/visionpeninsular.com\/mid\/wp-json\/wp\/v2\/categories?post=199729"},{"taxonomy":"post_tag","embeddable":true,"href":"https:\/\/visionpeninsular.com\/mid\/wp-json\/wp\/v2\/tags?post=199729"}],"curies":[{"name":"wp","href":"https:\/\/api.w.org\/{rel}","templated":true}]}}