{"id":19969,"date":"2017-01-12T14:31:41","date_gmt":"2017-01-12T20:31:41","guid":{"rendered":"http:\/\/visionpeninsular.com\/mid\/?p=19969"},"modified":"2017-01-12T14:31:41","modified_gmt":"2017-01-12T20:31:41","slug":"la-catedral-merida-anuncia-la-apertura-canal-en-youtube","status":"publish","type":"post","link":"https:\/\/visionpeninsular.com\/mid\/la-catedral-merida-anuncia-la-apertura-canal-en-youtube\/","title":{"rendered":"La Catedral de M\u00e9rida anuncia la apertura de su canal en Youtube"},"content":{"rendered":"<p>La Iglesia cat\u00f3lica cre\u00f3 en redes sociales una cuenta sobre la Catedral de M\u00e9rida, con el espec\u00edfico prop\u00f3sito de acercarse a los j\u00f3venes y en breve se complementar\u00e1 con la apertura de un canal en una conocida plataforma de video.<\/p>\n<p>\u201cLa p\u00e1gina de Facebook fue creada en 2014 con la idea de generar un espacio de atenci\u00f3n para la poblaci\u00f3n que requiere alg\u00fan servicio administrativo, as\u00ed como para la difusi\u00f3n del patrimonio hist\u00f3rico de la Catedral\u201d, indic\u00f3 \u00c1ngel Guti\u00e9rrez Romero, colaborador de la Pastoral de la Educaci\u00f3n de la Arquidi\u00f3cesis de Yucat\u00e1n,  durante su conferencia \u201cLa Catedral m\u00e1s all\u00e1 de sus muros: la divulgaci\u00f3n del patrimonio cultural e hist\u00f3rico catedralicio a trav\u00e9s de las tecnolog\u00edas de la informaci\u00f3n y la comunicaci\u00f3n\u201d. <\/p>\n<p>El especialista gui\u00f3 al p\u00fablico para navegar por la p\u00e1gina y present\u00f3 la galer\u00eda compuesta por una serie de fotograf\u00edas hist\u00f3ricas, mediante las cuales los visitantes pueden  recorrer cuatro siglos de historia del recinto. Se\u00f1al\u00f3 que adem\u00e1s de los j\u00f3venes, el p\u00fablico en general accede a la p\u00e1gina y la sigue, ya que a trav\u00e9s de este medio se entera de muchos datos hist\u00f3ricos en cuanto a arquitectura y tradiciones. Asimismo, asegur\u00f3 que la informaci\u00f3n vertida es confiable ya que cuenta con un respaldo documental, la cual llega a trav\u00e9s de la plataforma de manera \u00e1gil y sint\u00e9tica.<\/p>\n<p>Explic\u00f3 que el proyecto que se efectu\u00f3 en coordinaci\u00f3n con Comunicaci\u00f3n de la Arquidi\u00f3cesis, ha tenido gran aceptaci\u00f3n ya que presenta una perspectiva diferente del aspecto interior del inmueble desde tiempos pasados hasta el d\u00eda de hoy.<\/p>\n<p>Como la p\u00e1gina permite intercambiar informaci\u00f3n, con mucha frecuencia se dejan mensajes que aportan  an\u00e9cdotas que la alimentan y al mismo tiempo es evocador para las personas que no viven en M\u00e9rida, quienes pueden viajar a trav\u00e9s de las im\u00e1genes contenidas.<\/p>\n<div class='share-to-whatsapp-wrapper'><div class='share-on-whsp'>Share on: <\/div><a data-text='La Catedral de M\u00e9rida anuncia la apertura de su canal en Youtube' data-link='https:\/\/visionpeninsular.com\/mid\/la-catedral-merida-anuncia-la-apertura-canal-en-youtube\/' class='whatsapp-button whatsapp-share'>WhatsApp<\/a><div class='clear '><\/div><\/div>","protected":false},"excerpt":{"rendered":"<p>La Iglesia cat\u00f3lica cre\u00f3 en redes sociales una cuenta sobre la Catedral de M\u00e9rida, con el espec\u00edfico prop\u00f3sito de acercarse a los j\u00f3venes y en breve se complementar\u00e1 con la apertura de un canal en una conocida plataforma de video. \u201cLa p\u00e1gina de Facebook fue creada en 2014 con la idea de generar un espacio &hellip;<\/p>\n","protected":false},"author":5,"featured_media":19970,"comment_status":"open","ping_status":"open","sticky":false,"template":"","format":"standard","meta":{"_mi_skip_tracking":false},"categories":[50],"tags":[4880,355,4881],"_links":{"self":[{"href":"https:\/\/visionpeninsular.com\/mid\/wp-json\/wp\/v2\/posts\/19969"}],"collection":[{"href":"https:\/\/visionpeninsular.com\/mid\/wp-json\/wp\/v2\/posts"}],"about":[{"href":"https:\/\/visionpeninsular.com\/mid\/wp-json\/wp\/v2\/types\/post"}],"author":[{"embeddable":true,"href":"https:\/\/visionpeninsular.com\/mid\/wp-json\/wp\/v2\/users\/5"}],"replies":[{"embeddable":true,"href":"https:\/\/visionpeninsular.com\/mid\/wp-json\/wp\/v2\/comments?post=19969"}],"version-history":[{"count":1,"href":"https:\/\/visionpeninsular.com\/mid\/wp-json\/wp\/v2\/posts\/19969\/revisions"}],"predecessor-version":[{"id":19971,"href":"https:\/\/visionpeninsular.com\/mid\/wp-json\/wp\/v2\/posts\/19969\/revisions\/19971"}],"wp:featuredmedia":[{"embeddable":true,"href":"https:\/\/visionpeninsular.com\/mid\/wp-json\/wp\/v2\/media\/19970"}],"wp:attachment":[{"href":"https:\/\/visionpeninsular.com\/mid\/wp-json\/wp\/v2\/media?parent=19969"}],"wp:term":[{"taxonomy":"category","embeddable":true,"href":"https:\/\/visionpeninsular.com\/mid\/wp-json\/wp\/v2\/categories?post=19969"},{"taxonomy":"post_tag","embeddable":true,"href":"https:\/\/visionpeninsular.com\/mid\/wp-json\/wp\/v2\/tags?post=19969"}],"curies":[{"name":"wp","href":"https:\/\/api.w.org\/{rel}","templated":true}]}}