{"id":199622,"date":"2025-02-10T17:14:32","date_gmt":"2025-02-10T23:14:32","guid":{"rendered":"https:\/\/visionpeninsular.com\/mid\/?p=199622"},"modified":"2025-02-10T17:14:35","modified_gmt":"2025-02-10T23:14:35","slug":"refuerza-yucatan-apoyo-a-la-salud-mental-infantil-y-juvenil","status":"publish","type":"post","link":"https:\/\/visionpeninsular.com\/mid\/refuerza-yucatan-apoyo-a-la-salud-mental-infantil-y-juvenil\/","title":{"rendered":"Refuerza Yucat\u00e1n apoyo a la salud mental infantil y juvenil"},"content":{"rendered":"\n<ul><li><strong><em>En el marco de la estrategia Aliados por la Vida, el Gobierno de Yucat\u00e1n prioriza bienestar psicoemocional de j\u00f3venes. \u2013 a trav\u00e9s de la SSY, capacita a 88 m\u00e9dicos pasantes para brindar atenci\u00f3n psicoemocional a ni\u00f1as, ni\u00f1os y adolescentes.<\/em><\/strong><\/li><\/ul>\n\n\n\n<p>Como parte medular de la estrategia Aliados por la Vida, el Gobierno de Yucat\u00e1n puso en marcha las capacitaciones a 88 m\u00e9dicos pasantes, quienes recibir\u00e1n la instrucci\u00f3n por parte de profesionales de la subdirecci\u00f3n de Salud Mental de la Secretar\u00eda de Salud de Yucat\u00e1n (SSY), con el objetivo de brindar atenci\u00f3n psicoemocional a ni\u00f1as, ni\u00f1os y adolescentes.<\/p>\n\n\n\n<p>&nbsp;El Gobernador Joaqu\u00edn D\u00edaz Mena, mencion\u00f3 que, con la estrategia Aliados por la Vida, se reafirma su responsabilidad con el pueblo, con las infancias y juventudes, con las familias y todo aquel que sue\u00f1a con un estado m\u00e1s seguro, m\u00e1s unido y con m\u00e1s oportunidades para todos.<\/p>\n\n\n\n<figure class=\"wp-block-image size-full\"><img loading=\"lazy\" width=\"400\" height=\"266\" src=\"https:\/\/visionpeninsular.com\/mid\/wp-content\/uploads\/2025\/02\/aliados-por-la-vida.jpg\" alt=\"\" class=\"wp-image-199514\" srcset=\"https:\/\/visionpeninsular.com\/mid\/wp-content\/uploads\/2025\/02\/aliados-por-la-vida.jpg 400w, https:\/\/visionpeninsular.com\/mid\/wp-content\/uploads\/2025\/02\/aliados-por-la-vida-300x200.jpg 300w, https:\/\/visionpeninsular.com\/mid\/wp-content\/uploads\/2025\/02\/aliados-por-la-vida-310x205.jpg 310w\" sizes=\"(max-width: 400px) 100vw, 400px\" \/><\/figure>\n\n\n\n<p>&nbsp;Indic\u00f3 que Yucat\u00e1n sigue siendo un estado seguro y con paz social, pero estas condiciones no se pueden dar por sentadas. Por eso, se est\u00e1 implementando esta estrategia como una respuesta clara y contundente a los problemas que enfrentan j\u00f3venes estudiantes y darle atenci\u00f3n psicoemocional a ni\u00f1as, ni\u00f1os y adolescentes.<\/p>\n\n\n\n<p>&nbsp;Coment\u00f3 que el inicio de las capacitaciones al personal de salud forma parte de los esfuerzos que realiza el Gobierno del Estado para amalgamar los m\u00e1s de 100 programas y acciones de gobierno, de al menos 20 dependencias estatales en coordinaci\u00f3n con dependencias federales y sociedad civil, dentro de la estrategia Aliados por la Vida.<\/p>\n\n\n\n<figure class=\"wp-block-image size-full\"><img loading=\"lazy\" width=\"400\" height=\"238\" src=\"https:\/\/visionpeninsular.com\/mid\/wp-content\/uploads\/2025\/02\/judith-ortega-ssy.jpg\" alt=\"\" class=\"wp-image-199625\" srcset=\"https:\/\/visionpeninsular.com\/mid\/wp-content\/uploads\/2025\/02\/judith-ortega-ssy.jpg 400w, https:\/\/visionpeninsular.com\/mid\/wp-content\/uploads\/2025\/02\/judith-ortega-ssy-300x179.jpg 300w\" sizes=\"(max-width: 400px) 100vw, 400px\" \/><\/figure>\n\n\n\n<p>&nbsp;Por su parte, la titular de la SSY, Judith Elena Ortega Canto, precis\u00f3 que el objetivo de las capacitaciones es fortalecer las competencias de los pasantes en la promoci\u00f3n, detecci\u00f3n e intervenci\u00f3n temprana en salud mental dentro del \u00e1mbito escolar, con formaci\u00f3n en estrategias de educaci\u00f3n, tamizaje y derivaci\u00f3n de las y los estudiantes hacia los servicios de atenci\u00f3n correspondientes.<\/p>\n\n\n\n<p>&nbsp;Los objetivos espec\u00edficos, abund\u00f3, contemplan el desarrollo de habilidades pedag\u00f3gicas en educaci\u00f3n en salud mental para capacitar a los m\u00e9dicos pasantes en la impartici\u00f3n de pl\u00e1ticas sobre temas clave de salud mental, estructuradas en momentos de intervenci\u00f3n entre los que destaca el aplicar herramientas de detecci\u00f3n.<\/p>\n\n\n\n<p>&nbsp;El director del Instituto de Salud Mental de la SSY, Gaspar Ra\u00fal P\u00e9rez Mart\u00ednez, destac\u00f3 que, en la capacitaci\u00f3n en herramientas para evaluar la salud mental estudiantil, se incluye el uso de cuestionarios como POSIT, ASSIST, GAD-7 y PHQ-9, pruebas permiten detectar indicios de riesgo en los alumnos.<\/p>\n\n\n\n<figure class=\"wp-block-image size-full\"><img loading=\"lazy\" width=\"400\" height=\"300\" src=\"https:\/\/visionpeninsular.com\/mid\/wp-content\/uploads\/2025\/02\/salud-mental-infantil.jpg\" alt=\"\" class=\"wp-image-199626\" srcset=\"https:\/\/visionpeninsular.com\/mid\/wp-content\/uploads\/2025\/02\/salud-mental-infantil.jpg 400w, https:\/\/visionpeninsular.com\/mid\/wp-content\/uploads\/2025\/02\/salud-mental-infantil-300x225.jpg 300w\" sizes=\"(max-width: 400px) 100vw, 400px\" \/><\/figure>\n\n\n\n<p>&nbsp;Explic\u00f3 que los participantes aprender\u00e1n a interpretar resultados y tomar decisiones cl\u00ednicas fundamentadas, tambi\u00e9n podr\u00e1n derivar a los estudiantes a servicios de atenci\u00f3n en talleres escolares o centros especializados, lo garantizar\u00e1 un mejor seguimiento de los casos detectados.<\/p>\n\n\n\n<p>&nbsp;Adem\u00e1s, se implementar\u00e1n talleres psicoeducativos para adolescentes con riesgo moderado. Estos promover\u00e1n el autocuidado y la resiliencia mediante cinco sesiones estructuradas. As\u00ed, se fortalecer\u00e1n estrategias para afrontar problemas sin requerir tratamiento especializado.<\/p>\n<div class='share-to-whatsapp-wrapper'><div class='share-on-whsp'>Share on: <\/div><a data-text='Refuerza Yucat\u00e1n apoyo a la salud mental infantil y juvenil' data-link='https:\/\/visionpeninsular.com\/mid\/refuerza-yucatan-apoyo-a-la-salud-mental-infantil-y-juvenil\/' class='whatsapp-button whatsapp-share'>WhatsApp<\/a><div class='clear '><\/div><\/div>","protected":false},"excerpt":{"rendered":"<p>En el marco de la estrategia Aliados por la Vida, el Gobierno de Yucat\u00e1n prioriza bienestar psicoemocional de j\u00f3venes. \u2013 a trav\u00e9s de la SSY, capacita a 88 m\u00e9dicos pasantes para brindar atenci\u00f3n psicoemocional a ni\u00f1as, ni\u00f1os y adolescentes. Como parte medular de la estrategia Aliados por la Vida, el Gobierno de Yucat\u00e1n puso en &hellip;<\/p>\n","protected":false},"author":5,"featured_media":199624,"comment_status":"open","ping_status":"open","sticky":false,"template":"","format":"standard","meta":{"_mi_skip_tracking":false},"categories":[49,37],"tags":[185,10820,46577,1950],"_links":{"self":[{"href":"https:\/\/visionpeninsular.com\/mid\/wp-json\/wp\/v2\/posts\/199622"}],"collection":[{"href":"https:\/\/visionpeninsular.com\/mid\/wp-json\/wp\/v2\/posts"}],"about":[{"href":"https:\/\/visionpeninsular.com\/mid\/wp-json\/wp\/v2\/types\/post"}],"author":[{"embeddable":true,"href":"https:\/\/visionpeninsular.com\/mid\/wp-json\/wp\/v2\/users\/5"}],"replies":[{"embeddable":true,"href":"https:\/\/visionpeninsular.com\/mid\/wp-json\/wp\/v2\/comments?post=199622"}],"version-history":[{"count":1,"href":"https:\/\/visionpeninsular.com\/mid\/wp-json\/wp\/v2\/posts\/199622\/revisions"}],"predecessor-version":[{"id":199627,"href":"https:\/\/visionpeninsular.com\/mid\/wp-json\/wp\/v2\/posts\/199622\/revisions\/199627"}],"wp:featuredmedia":[{"embeddable":true,"href":"https:\/\/visionpeninsular.com\/mid\/wp-json\/wp\/v2\/media\/199624"}],"wp:attachment":[{"href":"https:\/\/visionpeninsular.com\/mid\/wp-json\/wp\/v2\/media?parent=199622"}],"wp:term":[{"taxonomy":"category","embeddable":true,"href":"https:\/\/visionpeninsular.com\/mid\/wp-json\/wp\/v2\/categories?post=199622"},{"taxonomy":"post_tag","embeddable":true,"href":"https:\/\/visionpeninsular.com\/mid\/wp-json\/wp\/v2\/tags?post=199622"}],"curies":[{"name":"wp","href":"https:\/\/api.w.org\/{rel}","templated":true}]}}