{"id":199512,"date":"2025-02-07T17:30:22","date_gmt":"2025-02-07T23:30:22","guid":{"rendered":"https:\/\/visionpeninsular.com\/mid\/?p=199512"},"modified":"2025-02-07T17:30:25","modified_gmt":"2025-02-07T23:30:25","slug":"aliados-por-la-vida-estrategia-integral-de-prevencion-atencion-a-la-salud-y-combate-a-las-adicciones","status":"publish","type":"post","link":"https:\/\/visionpeninsular.com\/mid\/aliados-por-la-vida-estrategia-integral-de-prevencion-atencion-a-la-salud-y-combate-a-las-adicciones\/","title":{"rendered":"Aliados por la Vida, estrategia integral de prevenci\u00f3n, atenci\u00f3n a la salud y combate a las adicciones"},"content":{"rendered":"\n<ul><li><strong><em>Presenta el Gobernador Joaqu\u00edn D\u00edaz Mena una estrategia transversal, con m\u00e1s de 100 programas de gobierno para la prevenci\u00f3n, combate a las adicciones y el delito, as\u00ed como al bienestar emocional y mental de las infancias y juventudes. \u2013 \u201cme compromet\u00ed a no cerrar los ojos ante una realidad que reclama acciones, por eso, contrario a otros gobiernos, nosotros atenderemos la prevenci\u00f3n del delito y las adicciones&#8221;, afirm\u00f3.<\/em><\/strong><\/li><\/ul>\n\n\n\n<p>&nbsp;En el marco del lanzamiento de la estrategia Aliados por la Vida, el Gobernador Joaqu\u00edn D\u00edaz Mena reconoci\u00f3 que la depresi\u00f3n, el suicidio y las adicciones son problemas que afectan a Yucat\u00e1n, por lo que en su gobierno ser\u00e1n atendidos de manera contundente desde la prevenci\u00f3n y la promoci\u00f3n del bienestar emocional y mental de las ni\u00f1as, los ni\u00f1os, adolescentes y sus familias.<\/p>\n\n\n\n<p>&nbsp;Acompa\u00f1ado de la presidenta honoraria del Sistema para el Desarrollo Integral de la Familia (DIF) Yucat\u00e1n, la maestra Wendy M\u00e9ndez Naal, el Gobernador present\u00f3 los pormenores de esta iniciativa, prioridad en el Plan Estatal de Desarrollo Renacimiento Maya 2024-2030, a trav\u00e9s de la cual se busca fortalecer el tejido social y contribuir a preservar el ambiente de bienestar y paz que gozamos las y los yucatecos.<\/p>\n\n\n\n<p>&nbsp;Esto, mediante la colaboraci\u00f3n de los tres niveles de gobierno, personal educativo y de salud, sector empresarial, sociedad civil y las familias, que en conjunto erradicar\u00e1n flagelos como el primer lugar que ocupa Yucat\u00e1n en suicidios.<\/p>\n\n\n\n<p>&nbsp;En su mensaje, el mandatario estatal indic\u00f3 que, con la estrategia Aliados por la Vida, adem\u00e1s de cumplir un compromiso de campa\u00f1a, se reafirma su responsabilidad con el pueblo, con las infancias y juventudes, con las familias, y todo aquel que sue\u00f1a con un estado m\u00e1s seguro, m\u00e1s unido y con m\u00e1s oportunidades para todos.<\/p>\n\n\n\n<p>&nbsp;Indic\u00f3 que Yucat\u00e1n sigue siendo un estado seguro y con paz social, pero estas condiciones no se pueden dar por sentadas. Por eso, se est\u00e1 implementando esta estrategia como una respuesta clara y contundente.<\/p>\n\n\n\n<p>&nbsp;&#8220;No venimos solo a reaccionar ante los problemas, venimos a prevenirlos y a construir soluciones de ra\u00edz. Me compromet\u00ed a no cerrar los ojos ante una realidad que reclama acciones, por eso, contrario a otros gobiernos, nosotros atenderemos la prevenci\u00f3n del delito y las adicciones&#8221;, afirm\u00f3 D\u00edaz Mena.<\/p>\n\n\n\n<p>&nbsp;En ese sentido, el titular del Ejecutivo estatal se\u00f1al\u00f3 que el bienestar de Yucat\u00e1n es una tarea de todas y todos, haciendo a un lado las divisiones pol\u00edticas y actuando en equipo, trabajando juntos y unidos por una causa mayor: la seguridad y el futuro del pueblo yucateco.<\/p>\n\n\n\n<p>&nbsp;&#8220;Hoy les digo con certeza a los j\u00f3venes de Yucat\u00e1n: no est\u00e1n solos. Aqu\u00ed hay un gobierno que los escucha, un estado que se une en una misma direcci\u00f3n y una comunidad que se respalda mutuamente. Aliados por la Vida es aliados por tu bienestar, por tu futuro, por la grandeza de Yucat\u00e1n&#8221;, finaliz\u00f3 el Gobernador.<\/p>\n\n\n\n<p>&nbsp;Esta estrategia tiene tres pilares fundamentales: Prevenir, con la visi\u00f3n de que lo mejor es evitar que los problemas lleguen a los hogares y comunidades; Atender a tiempo, para ayudar a quienes lo necesiten de forma inmediata; y Acompa\u00f1ar y recuperar vidas, procurando que nadie se quede atr\u00e1s, con prevenci\u00f3n y acci\u00f3n a trav\u00e9s de la educaci\u00f3n, la m\u00fasica, la cultura, el deporte, la nutrici\u00f3n y pl\u00e1ticas de valores en escuelas y espacios p\u00fablicos, donde las infancias y juventudes encuentren apoyo y desarrollo sano.<\/p>\n\n\n\n<p>&nbsp;En su turno, el titular de la Secretar\u00eda General de Gobierno (SGG), Omar P\u00e9rez Avil\u00e9s, inform\u00f3 que se implementar\u00e1 una intervenci\u00f3n territorial focalizada, priorizando municipios con m\u00e1s riesgo. En una primera instancia, esta iniciativa arrancar\u00e1 en 60 municipios prioritarios, determinados por datos de seguridad y estado de vulnerabilidad de sus comunidades; se desplegar\u00e1n, de manera in\u00e9dita, m\u00e1s de 100 programas y acciones a cargo de al menos 20 dependencias estatales, en coordinaci\u00f3n con dependencias federales y sociedad civil.<\/p>\n\n\n\n<p>&nbsp;Finalmente, al t\u00e9rmino del evento, se firm\u00f3 el acta de compromiso que establece la cooperaci\u00f3n interinstitucional. Firmaron el Gobernador, la maestra Wendy M\u00e9ndez Naal, el director general de la Comisi\u00f3n Nacional del Deporte (CONADE), Rommel Pacheco Marrufo; el presidente del Consejo Coordinador Empresarial (CCE) Yucat\u00e1n, Alejandro G\u00f3mory Mart\u00ednez; el dirigente de la C\u00e1mara de la Industria de la Radio y Televisi\u00f3n, Delegaci\u00f3n Yucat\u00e1n (CIRT), Alejandro Rivas Pintado; la presidenta de la Mesa Directiva del Congreso del Estado de Yucat\u00e1n, Estefan\u00eda Baeza Mart\u00ednez; las presidentas del Tribunal Superior de Justicia y del Consejo de la Judicatura del Poder Judicial del Estado de Yucat\u00e1n, Mar\u00eda Carolina Silvestre Canto Vald\u00e9s; y de la Comisi\u00f3n de Derechos Humanos del Estado de Yucat\u00e1n, Mar\u00eda Guadalupe M\u00e9ndez Correa.<\/p>\n<div class='share-to-whatsapp-wrapper'><div class='share-on-whsp'>Share on: <\/div><a data-text='Aliados por la Vida, estrategia integral de prevenci\u00f3n, atenci\u00f3n a la salud y combate a las adicciones' data-link='https:\/\/visionpeninsular.com\/mid\/aliados-por-la-vida-estrategia-integral-de-prevencion-atencion-a-la-salud-y-combate-a-las-adicciones\/' class='whatsapp-button whatsapp-share'>WhatsApp<\/a><div class='clear '><\/div><\/div>","protected":false},"excerpt":{"rendered":"<p>Presenta el Gobernador Joaqu\u00edn D\u00edaz Mena una estrategia transversal, con m\u00e1s de 100 programas de gobierno para la prevenci\u00f3n, combate a las adicciones y el delito, as\u00ed como al bienestar emocional y mental de las infancias y juventudes. \u2013 \u201cme compromet\u00ed a no cerrar los ojos ante una realidad que reclama acciones, por eso, contrario &hellip;<\/p>\n","protected":false},"author":5,"featured_media":199514,"comment_status":"open","ping_status":"open","sticky":false,"template":"","format":"standard","meta":{"_mi_skip_tracking":false},"categories":[49,37],"tags":[46532,185,10820],"_links":{"self":[{"href":"https:\/\/visionpeninsular.com\/mid\/wp-json\/wp\/v2\/posts\/199512"}],"collection":[{"href":"https:\/\/visionpeninsular.com\/mid\/wp-json\/wp\/v2\/posts"}],"about":[{"href":"https:\/\/visionpeninsular.com\/mid\/wp-json\/wp\/v2\/types\/post"}],"author":[{"embeddable":true,"href":"https:\/\/visionpeninsular.com\/mid\/wp-json\/wp\/v2\/users\/5"}],"replies":[{"embeddable":true,"href":"https:\/\/visionpeninsular.com\/mid\/wp-json\/wp\/v2\/comments?post=199512"}],"version-history":[{"count":1,"href":"https:\/\/visionpeninsular.com\/mid\/wp-json\/wp\/v2\/posts\/199512\/revisions"}],"predecessor-version":[{"id":199515,"href":"https:\/\/visionpeninsular.com\/mid\/wp-json\/wp\/v2\/posts\/199512\/revisions\/199515"}],"wp:featuredmedia":[{"embeddable":true,"href":"https:\/\/visionpeninsular.com\/mid\/wp-json\/wp\/v2\/media\/199514"}],"wp:attachment":[{"href":"https:\/\/visionpeninsular.com\/mid\/wp-json\/wp\/v2\/media?parent=199512"}],"wp:term":[{"taxonomy":"category","embeddable":true,"href":"https:\/\/visionpeninsular.com\/mid\/wp-json\/wp\/v2\/categories?post=199512"},{"taxonomy":"post_tag","embeddable":true,"href":"https:\/\/visionpeninsular.com\/mid\/wp-json\/wp\/v2\/tags?post=199512"}],"curies":[{"name":"wp","href":"https:\/\/api.w.org\/{rel}","templated":true}]}}