{"id":199376,"date":"2025-02-04T15:48:03","date_gmt":"2025-02-04T21:48:03","guid":{"rendered":"https:\/\/visionpeninsular.com\/mid\/?p=199376"},"modified":"2025-02-04T15:48:06","modified_gmt":"2025-02-04T21:48:06","slug":"un-homenaje-al-compositor-frances-maurice-ravel","status":"publish","type":"post","link":"https:\/\/visionpeninsular.com\/mid\/un-homenaje-al-compositor-frances-maurice-ravel\/","title":{"rendered":"Un homenaje al compositor franc\u00e9s  Maurice Ravel"},"content":{"rendered":"\n<h2 class=\"has-text-align-center\"> \u201cBolero\u201d y \u201cSuite del Ballet Daphis et Chlo\u00e9 No. 2\u201d sonar\u00e1n en el tercer programa de la temporada Enero-Junio de la Orquesta Sinf\u00f3nica de Yucat\u00e1n <\/h2>\n\n\n\n<p>M\u00e9rida, Yucat\u00e1n, a 4 de febrero de 2025.\u2013 Para el tercer programa de la temporada de Conciertos Enero-Junio 2025, la Orquesta Sinf\u00f3nica de Yucat\u00e1n (OSY) interpretar\u00e1&nbsp; las obras&nbsp; \u201cBolero\u201d y \u201cSuite del Ballet Daphis et Chlo\u00e9 No. 2\u201d y \u201cCapricho Espa\u00f1ol\u201d,&nbsp; de los compositores Maurice Ravel y Nikolai Rimski-Korsakov respectivamente.<\/p>\n\n\n\n<p>El director Jos\u00e9 Are\u00e1n coment\u00f3 que la ejecuci\u00f3n de las obras del franc\u00e9s como un homenaje y reconocimiento en el marco del aniversario 150 de su nacimiento.<\/p>\n\n\n\n<p>\u2013Este \u201cBolero\u201d es un experimento&nbsp; muy interesante de Ravel, quien plantea qu\u00e9 sucede si tomamos una sola melod\u00eda, f\u00e1cil para captar y conocemos en la cultura, y la repetimos una y otra vez de manera obstinada. Tenemos ese \u201cobstinato\u201d ritmo y sobre eso se desarrolla un experimento de orquestaci\u00f3n. Empieza la flauta, clarinete, fagot y otros instrumentos de aliento \u2013explic\u00f3.<\/p>\n\n\n\n<p>La obra \u201cSuite No. 2 Daphis et Chlo\u00e9\u201d est\u00e1 inspirado en una historial pastoral del poeta griego Longo, del Siglo IV. \u201cTenemos much\u00edsimos colores orquestales. Se notar\u00e1 much\u00edsimo la orquestaci\u00f3n de las maderas\u201d, dijo.<\/p>\n\n\n\n<p>\u201c\u00a1Ravel, nuevamente, genio de la orquestaci\u00f3n!\u201d, expres\u00f3 el director art\u00edstico, quien precis\u00f3 que tocar\u00e1n los estractos que el franc\u00e9s prepar\u00f3, que corresponden al final de la historia.<\/p>\n\n\n\n<p>La apertura del concierto ser\u00e1 con \u201cCapricho Espa\u00f1ol\u201d, del ruso Rimski-Korsakov.&nbsp; \u201cHemos escogido esta obra por ser maravillosa y en algunos momentos figuran instrumentos como solistas, sobre todo el primer viol\u00edn, la flauta y el fagot\u201d, detall\u00f3.<\/p>\n\n\n\n<p>Para este programa se contar\u00e1 con dos saxofonistas externos y locales. \u201cEs una dama y un caballero, son verdaderamente extraordinarios. Es talento local de M\u00e9rida\u201d, se\u00f1al\u00f3.<\/p>\n\n\n\n<p>Los conciertos son el viernes 7 y domingo 9 a las 8 p.m. y 12 p.m. en el Palacio de la M\u00fasica. Los boletos pueden adquirirse en <a href=\"http:\/\/www.sifonicayucatan.com.mx\">www.sifonicayucatan.com.mx<\/a><\/p>\n\n\n\n<figure class=\"wp-block-image size-large\"><img loading=\"lazy\" width=\"1024\" height=\"1024\" src=\"https:\/\/visionpeninsular.com\/mid\/wp-content\/uploads\/2025\/02\/1000170727-1024x1024.jpg\" alt=\"\" class=\"wp-image-199378\" srcset=\"https:\/\/visionpeninsular.com\/mid\/wp-content\/uploads\/2025\/02\/1000170727-1024x1024.jpg 1024w, https:\/\/visionpeninsular.com\/mid\/wp-content\/uploads\/2025\/02\/1000170727-300x300.jpg 300w, https:\/\/visionpeninsular.com\/mid\/wp-content\/uploads\/2025\/02\/1000170727-150x150.jpg 150w, https:\/\/visionpeninsular.com\/mid\/wp-content\/uploads\/2025\/02\/1000170727-768x768.jpg 768w, https:\/\/visionpeninsular.com\/mid\/wp-content\/uploads\/2025\/02\/1000170727-1536x1536.jpg 1536w, https:\/\/visionpeninsular.com\/mid\/wp-content\/uploads\/2025\/02\/1000170727.jpg 1920w\" sizes=\"(max-width: 1024px) 100vw, 1024px\" \/><figcaption>Jos\u00e9 Are\u00e1n, director de la Orquesta Sinf\u00f3nica de Yucat\u00e1n (OSY), habl\u00f3 de las obras que se interpretar\u00e1n en el tercer programa de la temporada Enero-Junio. FOTOS: VP<\/figcaption><\/figure>\n<div class='share-to-whatsapp-wrapper'><div class='share-on-whsp'>Share on: <\/div><a data-text='Un homenaje al compositor franc\u00e9s  Maurice Ravel' data-link='https:\/\/visionpeninsular.com\/mid\/un-homenaje-al-compositor-frances-maurice-ravel\/' class='whatsapp-button whatsapp-share'>WhatsApp<\/a><div class='clear '><\/div><\/div>","protected":false},"excerpt":{"rendered":"<p>\u201cBolero\u201d y \u201cSuite del Ballet Daphis et Chlo\u00e9 No. 2\u201d sonar\u00e1n en el tercer programa de la temporada Enero-Junio de la Orquesta Sinf\u00f3nica de Yucat\u00e1n M\u00e9rida, Yucat\u00e1n, a 4 de febrero de 2025.\u2013 Para el tercer programa de la temporada de Conciertos Enero-Junio 2025, la Orquesta Sinf\u00f3nica de Yucat\u00e1n (OSY) interpretar\u00e1&nbsp; las obras&nbsp; \u201cBolero\u201d y &hellip;<\/p>\n","protected":false},"author":11,"featured_media":199378,"comment_status":"open","ping_status":"open","sticky":false,"template":"","format":"standard","meta":{"_mi_skip_tracking":false},"categories":[49,37],"tags":[7972,46479,42469,46476,46477,32892,9585,46478],"_links":{"self":[{"href":"https:\/\/visionpeninsular.com\/mid\/wp-json\/wp\/v2\/posts\/199376"}],"collection":[{"href":"https:\/\/visionpeninsular.com\/mid\/wp-json\/wp\/v2\/posts"}],"about":[{"href":"https:\/\/visionpeninsular.com\/mid\/wp-json\/wp\/v2\/types\/post"}],"author":[{"embeddable":true,"href":"https:\/\/visionpeninsular.com\/mid\/wp-json\/wp\/v2\/users\/11"}],"replies":[{"embeddable":true,"href":"https:\/\/visionpeninsular.com\/mid\/wp-json\/wp\/v2\/comments?post=199376"}],"version-history":[{"count":1,"href":"https:\/\/visionpeninsular.com\/mid\/wp-json\/wp\/v2\/posts\/199376\/revisions"}],"predecessor-version":[{"id":199379,"href":"https:\/\/visionpeninsular.com\/mid\/wp-json\/wp\/v2\/posts\/199376\/revisions\/199379"}],"wp:featuredmedia":[{"embeddable":true,"href":"https:\/\/visionpeninsular.com\/mid\/wp-json\/wp\/v2\/media\/199378"}],"wp:attachment":[{"href":"https:\/\/visionpeninsular.com\/mid\/wp-json\/wp\/v2\/media?parent=199376"}],"wp:term":[{"taxonomy":"category","embeddable":true,"href":"https:\/\/visionpeninsular.com\/mid\/wp-json\/wp\/v2\/categories?post=199376"},{"taxonomy":"post_tag","embeddable":true,"href":"https:\/\/visionpeninsular.com\/mid\/wp-json\/wp\/v2\/tags?post=199376"}],"curies":[{"name":"wp","href":"https:\/\/api.w.org\/{rel}","templated":true}]}}