{"id":199287,"date":"2025-01-31T14:12:09","date_gmt":"2025-01-31T20:12:09","guid":{"rendered":"https:\/\/visionpeninsular.com\/mid\/?p=199287"},"modified":"2025-01-31T14:12:11","modified_gmt":"2025-01-31T20:12:11","slug":"la-seguridad-en-yucatan-es-prioridad-absoluta-joaquin-diaz-mena","status":"publish","type":"post","link":"https:\/\/visionpeninsular.com\/mid\/la-seguridad-en-yucatan-es-prioridad-absoluta-joaquin-diaz-mena\/","title":{"rendered":"La seguridad en Yucat\u00e1n es prioridad absoluta: Joaqu\u00edn D\u00edaz Mena"},"content":{"rendered":"\n<ul><li><strong><em>El Gobernador encabez\u00f3 la Mesa Estatal para la Construcci\u00f3n de Paz y Seguridad.<\/em><\/strong><\/li><\/ul>\n\n\n\n<p>&nbsp;\u201cVamos a trabajar para que Yucat\u00e1n no pierda su paz y su tranquilidad. No vamos a permitir que la impunidad y la falta de respuesta sean la norma; al contrario, debemos tomar medidas concretas a la brevedad\u201d, afirm\u00f3 el Gobernador Joaqu\u00edn D\u00edaz Mena, al encabezar la Mesa Estatal para la Construcci\u00f3n de Paz y Seguridad.<\/p>\n\n\n\n<p>Acompa\u00f1ado de representantes de las Fuerzas Armadas y autoridades estatales, D\u00edaz Mena asever\u00f3 que la seguridad no es solo un tema estatal, sino una responsabilidad compartida entre los tres \u00f3rdenes de gobierno y la ciudadan\u00eda.<\/p>\n\n\n\n<figure class=\"wp-block-image size-full\"><img loading=\"lazy\" width=\"400\" height=\"266\" src=\"https:\/\/visionpeninsular.com\/mid\/wp-content\/uploads\/2025\/01\/segurity-2.jpg\" alt=\"\" class=\"wp-image-199290\" srcset=\"https:\/\/visionpeninsular.com\/mid\/wp-content\/uploads\/2025\/01\/segurity-2.jpg 400w, https:\/\/visionpeninsular.com\/mid\/wp-content\/uploads\/2025\/01\/segurity-2-300x200.jpg 300w, https:\/\/visionpeninsular.com\/mid\/wp-content\/uploads\/2025\/01\/segurity-2-310x205.jpg 310w\" sizes=\"(max-width: 400px) 100vw, 400px\" \/><\/figure>\n\n\n\n<p>&nbsp;\u201cEn cada municipio, las autoridades municipales deben tomar conciencia de su responsabilidad y no ser solo espectadores de la violencia, sino actores en la soluci\u00f3n. La gente conf\u00eda en ustedes por su gran trabajo, y esta ciudadan\u00eda demanda justicia, orden y tranquilidad. Todos los aqu\u00ed presentes tenemos la responsabilidad de garantizarla\u201d, subray\u00f3.<\/p>\n\n\n\n<p>&nbsp;En este marco, donde dependencias de los tres \u00f3rdenes de gobierno rindieron un informe sobre las principales acciones encaminadas a preservar la paz y la tranquilidad del estado, el gobernador asegur\u00f3 que su administraci\u00f3n continuar\u00e1 con el Plan de Acci\u00f3n Integral para la atenci\u00f3n psicoemocional en el municipio de Tekit y ampliar\u00e1 su alcance a otros municipios con problemas similares.<\/p>\n\n\n\n<p>&nbsp;\u201cTenemos que garantizar que los valores de Yucat\u00e1n sigan protegi\u00e9ndonos de la inseguridad. Por ello, tomaremos decisiones firmes, no solo como responsabilidad del Gobierno del Estado, sino de manera transversal con todos los municipios\u201d, subray\u00f3.<\/p>\n\n\n\n<figure class=\"wp-block-image size-full\"><img loading=\"lazy\" width=\"400\" height=\"266\" src=\"https:\/\/visionpeninsular.com\/mid\/wp-content\/uploads\/2025\/01\/segurity-3.jpg\" alt=\"\" class=\"wp-image-199291\" srcset=\"https:\/\/visionpeninsular.com\/mid\/wp-content\/uploads\/2025\/01\/segurity-3.jpg 400w, https:\/\/visionpeninsular.com\/mid\/wp-content\/uploads\/2025\/01\/segurity-3-300x200.jpg 300w, https:\/\/visionpeninsular.com\/mid\/wp-content\/uploads\/2025\/01\/segurity-3-310x205.jpg 310w\" sizes=\"(max-width: 400px) 100vw, 400px\" \/><\/figure>\n\n\n\n<p>&nbsp;En ese sentido, el Ejecutivo estatal afirm\u00f3 que, en estos momentos, no hay margen para la indiferencia ni para la omisi\u00f3n. \u201cA las fuerzas de seguridad les pido que act\u00faen con firmeza y honor. La confianza de la gente se gana con resultados y compromiso. Y a la ciudadan\u00eda le digo con claridad: estamos aqu\u00ed para escucharlos y para actuar. No les vamos a fallar\u201d, enfatiz\u00f3.<\/p>\n\n\n\n<p>&nbsp;Acompa\u00f1aron al Gobernador los titulares de las Secretar\u00edas de Seguridad P\u00fablica (SSP), Luis Felipe Said\u00e9n Ojeda; de Gobierno, Omar P\u00e9rez Avil\u00e9s; y de las Mujeres, Sisely Burgos Cano; as\u00ed como el fiscal general del estado, Juan Manuel Le\u00f3n Le\u00f3n. Tambi\u00e9n estuvieron presentes los comandantes de la 32\u00aa Zona Militar, Bernardo Reyes Herrera, y de la X Regi\u00f3n Militar, Ricardo Flores Gonz\u00e1lez. Asimismo, asistieron el coordinador estatal de la Guardia Nacional, Ram\u00f3n Guardado P\u00e9rez, y el comandante de la D\u00e9cimo Tercera Zona Naval, H\u00e9ctor Sol\u00eds Hern\u00e1ndez.<\/p>\n<div class='share-to-whatsapp-wrapper'><div class='share-on-whsp'>Share on: <\/div><a data-text='La seguridad en Yucat\u00e1n es prioridad absoluta: Joaqu\u00edn D\u00edaz Mena' data-link='https:\/\/visionpeninsular.com\/mid\/la-seguridad-en-yucatan-es-prioridad-absoluta-joaquin-diaz-mena\/' class='whatsapp-button whatsapp-share'>WhatsApp<\/a><div class='clear '><\/div><\/div>","protected":false},"excerpt":{"rendered":"<p>El Gobernador encabez\u00f3 la Mesa Estatal para la Construcci\u00f3n de Paz y Seguridad. &nbsp;\u201cVamos a trabajar para que Yucat\u00e1n no pierda su paz y su tranquilidad. No vamos a permitir que la impunidad y la falta de respuesta sean la norma; al contrario, debemos tomar medidas concretas a la brevedad\u201d, afirm\u00f3 el Gobernador Joaqu\u00edn D\u00edaz &hellip;<\/p>\n","protected":false},"author":5,"featured_media":199289,"comment_status":"open","ping_status":"open","sticky":false,"template":"","format":"standard","meta":{"_mi_skip_tracking":false},"categories":[49,37],"tags":[185,10820,46438],"_links":{"self":[{"href":"https:\/\/visionpeninsular.com\/mid\/wp-json\/wp\/v2\/posts\/199287"}],"collection":[{"href":"https:\/\/visionpeninsular.com\/mid\/wp-json\/wp\/v2\/posts"}],"about":[{"href":"https:\/\/visionpeninsular.com\/mid\/wp-json\/wp\/v2\/types\/post"}],"author":[{"embeddable":true,"href":"https:\/\/visionpeninsular.com\/mid\/wp-json\/wp\/v2\/users\/5"}],"replies":[{"embeddable":true,"href":"https:\/\/visionpeninsular.com\/mid\/wp-json\/wp\/v2\/comments?post=199287"}],"version-history":[{"count":1,"href":"https:\/\/visionpeninsular.com\/mid\/wp-json\/wp\/v2\/posts\/199287\/revisions"}],"predecessor-version":[{"id":199292,"href":"https:\/\/visionpeninsular.com\/mid\/wp-json\/wp\/v2\/posts\/199287\/revisions\/199292"}],"wp:featuredmedia":[{"embeddable":true,"href":"https:\/\/visionpeninsular.com\/mid\/wp-json\/wp\/v2\/media\/199289"}],"wp:attachment":[{"href":"https:\/\/visionpeninsular.com\/mid\/wp-json\/wp\/v2\/media?parent=199287"}],"wp:term":[{"taxonomy":"category","embeddable":true,"href":"https:\/\/visionpeninsular.com\/mid\/wp-json\/wp\/v2\/categories?post=199287"},{"taxonomy":"post_tag","embeddable":true,"href":"https:\/\/visionpeninsular.com\/mid\/wp-json\/wp\/v2\/tags?post=199287"}],"curies":[{"name":"wp","href":"https:\/\/api.w.org\/{rel}","templated":true}]}}