{"id":199201,"date":"2025-01-30T11:32:25","date_gmt":"2025-01-30T17:32:25","guid":{"rendered":"https:\/\/visionpeninsular.com\/mid\/?p=199201"},"modified":"2025-01-30T12:43:14","modified_gmt":"2025-01-30T18:43:14","slug":"en-ucu-agentes-detuvieron-a-un-drogadicto-que-agredio-a-un-doctor","status":"publish","type":"post","link":"https:\/\/visionpeninsular.com\/mid\/en-ucu-agentes-detuvieron-a-un-drogadicto-que-agredio-a-un-doctor\/","title":{"rendered":"En Uc\u00fa, agentes detuvieron  a un drogadicto que agredi\u00f3 a un doctor"},"content":{"rendered":"\n<p>M\u00e9rida, Yucat\u00e1n, a 30 de enero de 2025.\u2013  Tras una discusi\u00f3n, un drogadicto, identificado como C.J.C.V., agredi\u00f3 con un machete a un m\u00e9dico del consultorio de la farmacia \u201cSan Rafael\u201d.<\/p>\n\n\n\n<p>El presunto agresor entr\u00f3 a pedirle dinero al doctor, quien se neg\u00f3 a entreg\u00e1rselo. En su molestia atac\u00f3 al galeno, quien fue ayudado por testigos.<\/p>\n\n\n\n<p>El m\u00e9dico, de 36 a\u00f1os, sufri\u00f3 heridas cortantes en la regi\u00f3n frontal y el brazo derecho. Fue atendido en el lugar y se reporta estable.<\/p>\n\n\n\n<p>La polic\u00eda municipal detuvo al maleante, quien fue entregado a la Secretar\u00eda de Seguridad P\u00fablica (SSP) para su traslado, quedando a disposici\u00f3n de la Fiscal\u00eda General del Estado (FGE).<\/p>\n\n\n\n<figure class=\"wp-block-image size-full\"><img loading=\"lazy\" width=\"947\" height=\"612\" src=\"https:\/\/visionpeninsular.com\/mid\/wp-content\/uploads\/2025\/01\/1000162212.jpg\" alt=\"\" class=\"wp-image-199203\" srcset=\"https:\/\/visionpeninsular.com\/mid\/wp-content\/uploads\/2025\/01\/1000162212.jpg 947w, https:\/\/visionpeninsular.com\/mid\/wp-content\/uploads\/2025\/01\/1000162212-300x194.jpg 300w, https:\/\/visionpeninsular.com\/mid\/wp-content\/uploads\/2025\/01\/1000162212-768x496.jpg 768w\" sizes=\"(max-width: 947px) 100vw, 947px\" \/><figcaption>C.J.C.V. detenido por agredir con machete a un galeno <\/figcaption><\/figure>\n<div class='share-to-whatsapp-wrapper'><div class='share-on-whsp'>Share on: <\/div><a data-text='En Uc\u00fa, agentes detuvieron  a un drogadicto que agredi\u00f3 a un doctor' data-link='https:\/\/visionpeninsular.com\/mid\/en-ucu-agentes-detuvieron-a-un-drogadicto-que-agredio-a-un-doctor\/' class='whatsapp-button whatsapp-share'>WhatsApp<\/a><div class='clear '><\/div><\/div>","protected":false},"excerpt":{"rendered":"<p>M\u00e9rida, Yucat\u00e1n, a 30 de enero de 2025.\u2013 Tras una discusi\u00f3n, un drogadicto, identificado como C.J.C.V., agredi\u00f3 con un machete a un m\u00e9dico del consultorio de la farmacia \u201cSan Rafael\u201d. El presunto agresor entr\u00f3 a pedirle dinero al doctor, quien se neg\u00f3 a entreg\u00e1rselo. En su molestia atac\u00f3 al galeno, quien fue ayudado por testigos. &hellip;<\/p>\n","protected":false},"author":11,"featured_media":199203,"comment_status":"open","ping_status":"open","sticky":false,"template":"","format":"standard","meta":{"_mi_skip_tracking":false},"categories":[49,37],"tags":[32762,2549,227],"_links":{"self":[{"href":"https:\/\/visionpeninsular.com\/mid\/wp-json\/wp\/v2\/posts\/199201"}],"collection":[{"href":"https:\/\/visionpeninsular.com\/mid\/wp-json\/wp\/v2\/posts"}],"about":[{"href":"https:\/\/visionpeninsular.com\/mid\/wp-json\/wp\/v2\/types\/post"}],"author":[{"embeddable":true,"href":"https:\/\/visionpeninsular.com\/mid\/wp-json\/wp\/v2\/users\/11"}],"replies":[{"embeddable":true,"href":"https:\/\/visionpeninsular.com\/mid\/wp-json\/wp\/v2\/comments?post=199201"}],"version-history":[{"count":2,"href":"https:\/\/visionpeninsular.com\/mid\/wp-json\/wp\/v2\/posts\/199201\/revisions"}],"predecessor-version":[{"id":199212,"href":"https:\/\/visionpeninsular.com\/mid\/wp-json\/wp\/v2\/posts\/199201\/revisions\/199212"}],"wp:featuredmedia":[{"embeddable":true,"href":"https:\/\/visionpeninsular.com\/mid\/wp-json\/wp\/v2\/media\/199203"}],"wp:attachment":[{"href":"https:\/\/visionpeninsular.com\/mid\/wp-json\/wp\/v2\/media?parent=199201"}],"wp:term":[{"taxonomy":"category","embeddable":true,"href":"https:\/\/visionpeninsular.com\/mid\/wp-json\/wp\/v2\/categories?post=199201"},{"taxonomy":"post_tag","embeddable":true,"href":"https:\/\/visionpeninsular.com\/mid\/wp-json\/wp\/v2\/tags?post=199201"}],"curies":[{"name":"wp","href":"https:\/\/api.w.org\/{rel}","templated":true}]}}