{"id":199151,"date":"2025-01-28T20:31:22","date_gmt":"2025-01-29T02:31:22","guid":{"rendered":"https:\/\/visionpeninsular.com\/mid\/?p=199151"},"modified":"2025-01-28T20:31:24","modified_gmt":"2025-01-29T02:31:24","slug":"el-pt-le-dice-no-a-morena-en-su-intencion-de-acabar-con-las-plurinominales","status":"publish","type":"post","link":"https:\/\/visionpeninsular.com\/mid\/el-pt-le-dice-no-a-morena-en-su-intencion-de-acabar-con-las-plurinominales\/","title":{"rendered":"El PT le dice no a Morena en su intenci\u00f3n de acabar con las plurinominales"},"content":{"rendered":"\n<h2 class=\"has-text-align-center\">&#8220;Ser\u00eda un retroceso para la democracia en M\u00e9xico que pondr\u00eda en riesgo el proyecto de la Cuarta Transformaci\u00f3n&#8221;, afirm\u00f3 el diputado Francisco Rosas Villavicencio <\/h2>\n\n\n\n<p>M\u00e9rida, Yucat\u00e1n, a 28 de enero de 2025.\u2013 La desaparici\u00f3n de las diputaciones plurnominales ser\u00eda un retroceso para la democracia en M\u00e9xico que pondr\u00eda en riesgo el proyecto de la Cuarta Transformaci\u00f3n en el pa\u00eds, afirm\u00f3 el diputado Francisco Rosas Villavicencio, comisionado pol\u00edtico nacional del Partido del Trabajo (PT) en Yucat\u00e1n.<\/p>\n\n\n\n<p>\u2013El PT no acompa\u00f1ar\u00e1 esa propuesta lanzada por un sector del partido Movimiento Regeneraci\u00f3n Nacional (Morena) en caso de que se busque concretar \u2013asegur\u00f3 el congresista, quien fue entrevistado en el podcast <em>A palo dado<\/em>.<\/p>\n\n\n\n<p>El desaparecer la posibilidad de una representaci\u00f3n en el Congreso a las minor\u00edas fortalecer\u00eda a la oposici\u00f3n y dejar\u00eda sin voz a millones de mexicanos, explic\u00f3.<\/p>\n\n\n\n<p>El asamble\u00edsta opin\u00f3 que se deben de buscar reglas precisas que eviten la llegada de personajes al poder legislativo que no cuenten con ninguna representaci\u00f3n, ni liderazgo.<\/p>\n\n\n\n<figure class=\"wp-block-image size-large\"><img loading=\"lazy\" width=\"1024\" height=\"768\" src=\"https:\/\/visionpeninsular.com\/mid\/wp-content\/uploads\/2025\/01\/1000160288-1024x768.jpg\" alt=\"\" class=\"wp-image-199153\" srcset=\"https:\/\/visionpeninsular.com\/mid\/wp-content\/uploads\/2025\/01\/1000160288-1024x768.jpg 1024w, https:\/\/visionpeninsular.com\/mid\/wp-content\/uploads\/2025\/01\/1000160288-300x225.jpg 300w, https:\/\/visionpeninsular.com\/mid\/wp-content\/uploads\/2025\/01\/1000160288-768x576.jpg 768w, https:\/\/visionpeninsular.com\/mid\/wp-content\/uploads\/2025\/01\/1000160288.jpg 1080w\" sizes=\"(max-width: 1024px) 100vw, 1024px\" \/><figcaption>El senador Jos\u00e9 Gerardo Rodolfo Fern\u00e1ndez Noro\u00f1a \u200by el diputado local Francisco Rosas Villavicencio. FOTO: Oficial<\/figcaption><\/figure>\n<div class='share-to-whatsapp-wrapper'><div class='share-on-whsp'>Share on: <\/div><a data-text='El PT le dice no a Morena en su intenci\u00f3n de acabar con las plurinominales' data-link='https:\/\/visionpeninsular.com\/mid\/el-pt-le-dice-no-a-morena-en-su-intencion-de-acabar-con-las-plurinominales\/' class='whatsapp-button whatsapp-share'>WhatsApp<\/a><div class='clear '><\/div><\/div>","protected":false},"excerpt":{"rendered":"<p>&#8220;Ser\u00eda un retroceso para la democracia en M\u00e9xico que pondr\u00eda en riesgo el proyecto de la Cuarta Transformaci\u00f3n&#8221;, afirm\u00f3 el diputado Francisco Rosas Villavicencio M\u00e9rida, Yucat\u00e1n, a 28 de enero de 2025.\u2013 La desaparici\u00f3n de las diputaciones plurnominales ser\u00eda un retroceso para la democracia en M\u00e9xico que pondr\u00eda en riesgo el proyecto de la Cuarta &hellip;<\/p>\n","protected":false},"author":11,"featured_media":199153,"comment_status":"open","ping_status":"open","sticky":false,"template":"","format":"standard","meta":{"_mi_skip_tracking":false},"categories":[49,37],"tags":[38234,42195,31235,227],"_links":{"self":[{"href":"https:\/\/visionpeninsular.com\/mid\/wp-json\/wp\/v2\/posts\/199151"}],"collection":[{"href":"https:\/\/visionpeninsular.com\/mid\/wp-json\/wp\/v2\/posts"}],"about":[{"href":"https:\/\/visionpeninsular.com\/mid\/wp-json\/wp\/v2\/types\/post"}],"author":[{"embeddable":true,"href":"https:\/\/visionpeninsular.com\/mid\/wp-json\/wp\/v2\/users\/11"}],"replies":[{"embeddable":true,"href":"https:\/\/visionpeninsular.com\/mid\/wp-json\/wp\/v2\/comments?post=199151"}],"version-history":[{"count":1,"href":"https:\/\/visionpeninsular.com\/mid\/wp-json\/wp\/v2\/posts\/199151\/revisions"}],"predecessor-version":[{"id":199154,"href":"https:\/\/visionpeninsular.com\/mid\/wp-json\/wp\/v2\/posts\/199151\/revisions\/199154"}],"wp:featuredmedia":[{"embeddable":true,"href":"https:\/\/visionpeninsular.com\/mid\/wp-json\/wp\/v2\/media\/199153"}],"wp:attachment":[{"href":"https:\/\/visionpeninsular.com\/mid\/wp-json\/wp\/v2\/media?parent=199151"}],"wp:term":[{"taxonomy":"category","embeddable":true,"href":"https:\/\/visionpeninsular.com\/mid\/wp-json\/wp\/v2\/categories?post=199151"},{"taxonomy":"post_tag","embeddable":true,"href":"https:\/\/visionpeninsular.com\/mid\/wp-json\/wp\/v2\/tags?post=199151"}],"curies":[{"name":"wp","href":"https:\/\/api.w.org\/{rel}","templated":true}]}}