{"id":199130,"date":"2025-01-28T17:06:33","date_gmt":"2025-01-28T23:06:33","guid":{"rendered":"https:\/\/visionpeninsular.com\/mid\/?p=199130"},"modified":"2025-01-28T17:06:36","modified_gmt":"2025-01-28T23:06:36","slug":"celebran-el-47-aniversario-del-hospital-psiquiatrico-yucatan-con-jornadas-academicas","status":"publish","type":"post","link":"https:\/\/visionpeninsular.com\/mid\/celebran-el-47-aniversario-del-hospital-psiquiatrico-yucatan-con-jornadas-academicas\/","title":{"rendered":"Celebran el 47\u00b0 Aniversario del Hospital Psiqui\u00e1trico Yucat\u00e1n con Jornadas Acad\u00e9micas"},"content":{"rendered":"\n<ul><li><strong><em>Los asistentes a las Jornadas tendr\u00e1n la oportunidad de aprender de destacados especialistas que abordar\u00e1n temas clave como: \u201cIdentificaci\u00f3n Proyectiva y Transferencia y Contratransferencia\u201d, impartidos por el Dr. V\u00edctor Israel Cervera Sol\u00eds. Asimismo, \u201cLa importancia de la Salud Mental en la Escuela\u201d, a cargo del Dr. Adri\u00e1n Iv\u00e1n Novelo del Valle.<\/em><\/strong><\/li><\/ul>\n\n\n\n<p>&nbsp;Para destacar la importancia de la salud mental como un pilar fundamental del bienestar social, este lunes la titular de la Secretar\u00eda de Salud de Yucat\u00e1n (SSY), Judith Elena Ortega Canto, puso en marcha las Jornadas Acad\u00e9micas, a realizarse los d\u00edas 27 y 28 del presente mes en el marco del 47\u00b0 aniversario del Hospital Psiqui\u00e1trico Yucat\u00e1n, cuyo objetivo principal es actualizar y capacitar al personal m\u00e9dico, param\u00e9dico y afines, en temas prioritarios para la atenci\u00f3n de la salud mental.<\/p>\n\n\n\n<p>&nbsp;En su mensaje inaugural, la secretaria reconoci\u00f3 el impacto positivo del Renacimiento Maya impulsado por el gobernador Joaqu\u00edn D\u00edaz Mena, el cual permitir\u00e1 avances significativos en el \u00e1mbito de la salud mental, en el \u00e1rea hospitalaria, donde se tiene contemplada la renovaci\u00f3n de la infraestructura, el abasto de medicamento, la mejora en la estancia hospitalaria de los pacientes internos, as\u00ed como en la atenci\u00f3n m\u00e9dica de las y los pacientes.<\/p>\n\n\n\n<p>&nbsp;Record\u00f3 que este hospital fue inaugurado en enero de 1978 y mencion\u00f3 al Doctor Eduardo Urzaiz Rodr\u00edguez quien despu\u00e9s de especializarse en Estados Unidos, tras su regreso desde 1907 tuvo una destacada trayectoria en Yucat\u00e1n como director del Asilo Ayala y desempe\u00f1\u00e1ndose como catedr\u00e1tico de la Escuela de Medicina de M\u00e9rida.<\/p>\n\n\n\n<p>&nbsp;Indic\u00f3 que durante estas jornadas los asistentes tendr\u00e1n la oportunidad de aprender de destacados especialistas que abordar\u00e1n temas clave como: \u201cIdentificaci\u00f3n Proyectiva y Transferencia y Contratransferencia\u201d, impartidos por el Dr. V\u00edctor Israel Cervera Sol\u00eds. Asimismo, \u201cLa importancia de la Salud Mental en la Escuela\u201d, a cargo del Dr. Adri\u00e1n Iv\u00e1n Novelo del Valle.<\/p>\n\n\n\n<p>&nbsp;Se\u00f1al\u00f3 que habr\u00e1 una mesa redonda titulada: \u201cEl Impacto de las Redes Sociales en la Salud Mental\u201d, con la participaci\u00f3n de los Dres. Alfredo Ariel Castilla Pech, Claudia Teresita Jim\u00e9nez Dom\u00ednguez y Ana Lizbeth Vel\u00e1zquez Leal, asimismo, \u201cDiversidad Sexual y Salud Mental\u201d, por la Psic. Rossana Achach Cervera.<\/p>\n\n\n\n<p>&nbsp;De igual manera: \u201cLa importancia de la salud mental en el ambiente laboral\u201d con el Dr. Alejandro Herrera Gonz\u00e1lez, y finalmente: \u00bfC\u00f3mo la violencia afecta la salud mental?, impartida por la Dra. Roc\u00edo Ivonne Quintal L\u00f3pez.<\/p>\n\n\n\n<p>&nbsp;Estas jornadas acad\u00e9micas refuerzan el compromiso del Hospital Psiqui\u00e1trico Yucat\u00e1n con el bienestar integral de la poblaci\u00f3n, promoviendo la capacitaci\u00f3n continua de su personal para enfrentar los retos actuales en materia de salud mental.<\/p>\n\n\n\n<p>&nbsp;Con esta iniciativa, el Hospital Psiqui\u00e1trico Yucat\u00e1n se consolida como un referente en la atenci\u00f3n y promoci\u00f3n de la salud mental, ratificando que no hay salud sin salud mental, concluy\u00f3.<\/p>\n<div class='share-to-whatsapp-wrapper'><div class='share-on-whsp'>Share on: <\/div><a data-text='Celebran el 47\u00b0 Aniversario del Hospital Psiqui\u00e1trico Yucat\u00e1n con Jornadas Acad\u00e9micas' data-link='https:\/\/visionpeninsular.com\/mid\/celebran-el-47-aniversario-del-hospital-psiquiatrico-yucatan-con-jornadas-academicas\/' class='whatsapp-button whatsapp-share'>WhatsApp<\/a><div class='clear '><\/div><\/div>","protected":false},"excerpt":{"rendered":"<p>Los asistentes a las Jornadas tendr\u00e1n la oportunidad de aprender de destacados especialistas que abordar\u00e1n temas clave como: \u201cIdentificaci\u00f3n Proyectiva y Transferencia y Contratransferencia\u201d, impartidos por el Dr. V\u00edctor Israel Cervera Sol\u00eds. Asimismo, \u201cLa importancia de la Salud Mental en la Escuela\u201d, a cargo del Dr. Adri\u00e1n Iv\u00e1n Novelo del Valle. &nbsp;Para destacar la importancia &hellip;<\/p>\n","protected":false},"author":5,"featured_media":199132,"comment_status":"open","ping_status":"open","sticky":false,"template":"","format":"standard","meta":{"_mi_skip_tracking":false},"categories":[49,37],"tags":[46388,44490,185,1950],"_links":{"self":[{"href":"https:\/\/visionpeninsular.com\/mid\/wp-json\/wp\/v2\/posts\/199130"}],"collection":[{"href":"https:\/\/visionpeninsular.com\/mid\/wp-json\/wp\/v2\/posts"}],"about":[{"href":"https:\/\/visionpeninsular.com\/mid\/wp-json\/wp\/v2\/types\/post"}],"author":[{"embeddable":true,"href":"https:\/\/visionpeninsular.com\/mid\/wp-json\/wp\/v2\/users\/5"}],"replies":[{"embeddable":true,"href":"https:\/\/visionpeninsular.com\/mid\/wp-json\/wp\/v2\/comments?post=199130"}],"version-history":[{"count":1,"href":"https:\/\/visionpeninsular.com\/mid\/wp-json\/wp\/v2\/posts\/199130\/revisions"}],"predecessor-version":[{"id":199133,"href":"https:\/\/visionpeninsular.com\/mid\/wp-json\/wp\/v2\/posts\/199130\/revisions\/199133"}],"wp:featuredmedia":[{"embeddable":true,"href":"https:\/\/visionpeninsular.com\/mid\/wp-json\/wp\/v2\/media\/199132"}],"wp:attachment":[{"href":"https:\/\/visionpeninsular.com\/mid\/wp-json\/wp\/v2\/media?parent=199130"}],"wp:term":[{"taxonomy":"category","embeddable":true,"href":"https:\/\/visionpeninsular.com\/mid\/wp-json\/wp\/v2\/categories?post=199130"},{"taxonomy":"post_tag","embeddable":true,"href":"https:\/\/visionpeninsular.com\/mid\/wp-json\/wp\/v2\/tags?post=199130"}],"curies":[{"name":"wp","href":"https:\/\/api.w.org\/{rel}","templated":true}]}}