{"id":199094,"date":"2025-01-27T14:13:23","date_gmt":"2025-01-27T20:13:23","guid":{"rendered":"https:\/\/visionpeninsular.com\/mid\/?p=199094"},"modified":"2025-01-27T14:13:26","modified_gmt":"2025-01-27T20:13:26","slug":"reconocen-relevancia-de-la-docencia-en-la-transformacion-de-la-sociedad-y-la-formacion-de-un-futuro-prospero","status":"publish","type":"post","link":"https:\/\/visionpeninsular.com\/mid\/reconocen-relevancia-de-la-docencia-en-la-transformacion-de-la-sociedad-y-la-formacion-de-un-futuro-prospero\/","title":{"rendered":"Reconocen relevancia de la docencia en la transformaci\u00f3n de la sociedad y la formaci\u00f3n de un futuro pr\u00f3spero"},"content":{"rendered":"\n<ul><li><strong><em>Al conmemorarse el D\u00eda Internacional de la Educaci\u00f3n, el Gobierno del Estado reconoci\u00f3 la importancia de la docencia en el proceso formativo de la ni\u00f1ez y juventud, y la honra en la figura de la profesora Effy Luz V\u00e1zquez L\u00f3pez, cuyo legado y vida destaca con la exposici\u00f3n documental y fotogr\u00e1fica \u201cSoy y ser\u00e9 siempre maestra\u201d.<\/em><\/strong><\/li><\/ul>\n\n\n\n<p>&nbsp;En conmemoraci\u00f3n del D\u00eda Internacional de la Educaci\u00f3n, se present\u00f3 la exposici\u00f3n documental y fotogr\u00e1fica \u201cSoy y ser\u00e9 siempre maestra: Homenaje a la profesora Effy Luz V\u00e1zquez L\u00f3pez, con la que Gobierno del Estado, a trav\u00e9s de la Secretar\u00eda de Educaci\u00f3n del Gobierno del Estado de Yucat\u00e1n (Segey), reconoce y honra a quien dedic\u00f3 m\u00e1s de 60 a\u00f1os de su vida al servicio docente y a la formaci\u00f3n de generaciones de ni\u00f1as, ni\u00f1os, j\u00f3venes y maestros, dejando una profunda huella en el magisterio yucateco con su legado pedag\u00f3gico y cultural.<\/p>\n\n\n\n<figure class=\"wp-block-image size-full\"><img loading=\"lazy\" width=\"400\" height=\"266\" src=\"https:\/\/visionpeninsular.com\/mid\/wp-content\/uploads\/2025\/01\/educacion-3.jpg\" alt=\"\" class=\"wp-image-199098\" srcset=\"https:\/\/visionpeninsular.com\/mid\/wp-content\/uploads\/2025\/01\/educacion-3.jpg 400w, https:\/\/visionpeninsular.com\/mid\/wp-content\/uploads\/2025\/01\/educacion-3-300x200.jpg 300w, https:\/\/visionpeninsular.com\/mid\/wp-content\/uploads\/2025\/01\/educacion-3-310x205.jpg 310w\" sizes=\"(max-width: 400px) 100vw, 400px\" \/><\/figure>\n\n\n\n<p>&nbsp; Al inaugurar la exposici\u00f3n, el titular de la Segey, Juan Balam V\u00e1rguez, acompa\u00f1ado de Wendy Leticia L\u00f3pez V\u00e1zquez y Fausto S\u00e1nchez L\u00f3pez, hija y nieto de la homenajeada, as\u00ed como de Erika Trujillo P\u00e9rez, coordinadora de la Casa de la Historia de Educaci\u00f3n, destac\u00f3 la importancia del legado cultural y pedag\u00f3gico que dej\u00f3 a cientos de generaciones la maestra Effy Luz.<\/p>\n\n\n\n<p>&nbsp;Balam V\u00e1rguez subray\u00f3 que los docentes representan una pieza de transformaci\u00f3n social, depositando ideas, proyectos e iniciativas que impulsan a ni\u00f1as y ni\u00f1os a formar un futuro pr\u00f3spero y exitoso. Asimismo, enfatiz\u00f3 que, siguiendo las indicaciones del gobernador Joaqu\u00edn D\u00edaz Mena, en esta administraci\u00f3n se reforzar\u00e1 el papel de la educaci\u00f3n como v\u00e9rtice fundamental en el desarrollo de la sociedad a trav\u00e9s del Renacimiento Maya, el cual ofrecer\u00e1 herramientas a ni\u00f1as y ni\u00f1os para el acercamiento a su cultura y el realce de la lengua maya.&nbsp;<\/p>\n\n\n\n<figure class=\"wp-block-image size-full\"><img loading=\"lazy\" width=\"400\" height=\"266\" src=\"https:\/\/visionpeninsular.com\/mid\/wp-content\/uploads\/2025\/01\/educacion-4.jpg\" alt=\"\" class=\"wp-image-199099\" srcset=\"https:\/\/visionpeninsular.com\/mid\/wp-content\/uploads\/2025\/01\/educacion-4.jpg 400w, https:\/\/visionpeninsular.com\/mid\/wp-content\/uploads\/2025\/01\/educacion-4-300x200.jpg 300w, https:\/\/visionpeninsular.com\/mid\/wp-content\/uploads\/2025\/01\/educacion-4-310x205.jpg 310w\" sizes=\"(max-width: 400px) 100vw, 400px\" \/><\/figure>\n\n\n\n<p>&nbsp;La exposici\u00f3n estar\u00e1 disponible del 24 de enero al 8 de abril de 2025 y puede ser visitada, en un horario de 9 a 14 horas, en la galer\u00eda de la Casa de la Historia de la Educaci\u00f3n, edificio emblem\u00e1tico que resguarda, preserva y difunde la historia de la educaci\u00f3n de nuestra entidad a trav\u00e9s de documentos educativos, objetos escolares y fotograf\u00edas que forman parte del legado magisterial de Yucat\u00e1n, as\u00ed como de la encomiable labor de maestras y maestros, por lo que tienen un gran valor hist\u00f3rico.<\/p>\n\n\n\n<p>&nbsp;Actualmente, la \u201cBiblioteca de la Maestra y el Maestro\u201d de la Casa de la Historia de la Educaci\u00f3n de Yucat\u00e1n, cuenta con aproximadamente 9,268 t\u00edtulos de tem\u00e1ticas diversas, principalmente sobre educaci\u00f3n, historia y literatura yucateca.<\/p>\n\n\n\n<figure class=\"wp-block-image size-full\"><img loading=\"lazy\" width=\"400\" height=\"266\" src=\"https:\/\/visionpeninsular.com\/mid\/wp-content\/uploads\/2025\/01\/educacion-2.jpg\" alt=\"\" class=\"wp-image-199100\" srcset=\"https:\/\/visionpeninsular.com\/mid\/wp-content\/uploads\/2025\/01\/educacion-2.jpg 400w, https:\/\/visionpeninsular.com\/mid\/wp-content\/uploads\/2025\/01\/educacion-2-300x200.jpg 300w, https:\/\/visionpeninsular.com\/mid\/wp-content\/uploads\/2025\/01\/educacion-2-310x205.jpg 310w\" sizes=\"(max-width: 400px) 100vw, 400px\" \/><\/figure>\n\n\n\n<p>&nbsp;El Archivo Hist\u00f3rico de la Educaci\u00f3n cuenta con m\u00e1s de 45,000 piezas de valor hist\u00f3rico, entre documentos, libros escolares, objetos utilizados en las aulas para la educaci\u00f3n b\u00e1sica, pinturas y fotograf\u00edas, dividido en diferentes fondos para su consulta. Tambi\u00e9n se cuenta con el resguardo de m\u00e1s de 10,000 vol\u00famenes correspondientes a 100 t\u00edtulos que a lo largo de las administraciones pasadas se han editado, con tem\u00e1ticas diversas, principalmente sobre educaci\u00f3n, historia y cultura yucateca.<\/p>\n<div class='share-to-whatsapp-wrapper'><div class='share-on-whsp'>Share on: <\/div><a data-text='Reconocen relevancia de la docencia en la transformaci\u00f3n de la sociedad y la formaci\u00f3n de un futuro pr\u00f3spero' data-link='https:\/\/visionpeninsular.com\/mid\/reconocen-relevancia-de-la-docencia-en-la-transformacion-de-la-sociedad-y-la-formacion-de-un-futuro-prospero\/' class='whatsapp-button whatsapp-share'>WhatsApp<\/a><div class='clear '><\/div><\/div>","protected":false},"excerpt":{"rendered":"<p>Al conmemorarse el D\u00eda Internacional de la Educaci\u00f3n, el Gobierno del Estado reconoci\u00f3 la importancia de la docencia en el proceso formativo de la ni\u00f1ez y juventud, y la honra en la figura de la profesora Effy Luz V\u00e1zquez L\u00f3pez, cuyo legado y vida destaca con la exposici\u00f3n documental y fotogr\u00e1fica \u201cSoy y ser\u00e9 siempre &hellip;<\/p>\n","protected":false},"author":5,"featured_media":199097,"comment_status":"open","ping_status":"open","sticky":false,"template":"","format":"standard","meta":{"_mi_skip_tracking":false},"categories":[49,37],"tags":[46375,185,46376],"_links":{"self":[{"href":"https:\/\/visionpeninsular.com\/mid\/wp-json\/wp\/v2\/posts\/199094"}],"collection":[{"href":"https:\/\/visionpeninsular.com\/mid\/wp-json\/wp\/v2\/posts"}],"about":[{"href":"https:\/\/visionpeninsular.com\/mid\/wp-json\/wp\/v2\/types\/post"}],"author":[{"embeddable":true,"href":"https:\/\/visionpeninsular.com\/mid\/wp-json\/wp\/v2\/users\/5"}],"replies":[{"embeddable":true,"href":"https:\/\/visionpeninsular.com\/mid\/wp-json\/wp\/v2\/comments?post=199094"}],"version-history":[{"count":1,"href":"https:\/\/visionpeninsular.com\/mid\/wp-json\/wp\/v2\/posts\/199094\/revisions"}],"predecessor-version":[{"id":199101,"href":"https:\/\/visionpeninsular.com\/mid\/wp-json\/wp\/v2\/posts\/199094\/revisions\/199101"}],"wp:featuredmedia":[{"embeddable":true,"href":"https:\/\/visionpeninsular.com\/mid\/wp-json\/wp\/v2\/media\/199097"}],"wp:attachment":[{"href":"https:\/\/visionpeninsular.com\/mid\/wp-json\/wp\/v2\/media?parent=199094"}],"wp:term":[{"taxonomy":"category","embeddable":true,"href":"https:\/\/visionpeninsular.com\/mid\/wp-json\/wp\/v2\/categories?post=199094"},{"taxonomy":"post_tag","embeddable":true,"href":"https:\/\/visionpeninsular.com\/mid\/wp-json\/wp\/v2\/tags?post=199094"}],"curies":[{"name":"wp","href":"https:\/\/api.w.org\/{rel}","templated":true}]}}