{"id":199024,"date":"2025-01-25T14:57:04","date_gmt":"2025-01-25T20:57:04","guid":{"rendered":"https:\/\/visionpeninsular.com\/mid\/?p=199024"},"modified":"2025-01-25T14:57:07","modified_gmt":"2025-01-25T20:57:07","slug":"arte-moda-y-gastronomia-convergen-en-el-merida-fest-2025","status":"publish","type":"post","link":"https:\/\/visionpeninsular.com\/mid\/arte-moda-y-gastronomia-convergen-en-el-merida-fest-2025\/","title":{"rendered":"Arte, moda y gastronom\u00eda convergen en el M\u00e9rida Fest 2025"},"content":{"rendered":"\n<p>25 enero 2025.- El arte comenz\u00f3 su estancia en el M\u00e9rida Fest 2025 con la apertura de las nuevas exposiciones \u201cIslandia. Terra Inc\u00f3gnita\u201d de Jaime Barrera y \u201cFragmentos Terrenales\u201d de Daniel Rosel, que permanecer\u00e1n expuestas hasta el mes de abril.<\/p>\n\n\n\n<p>La presidenta municipal Cecilia Patr\u00f3n Laviada encabez\u00f3 anoche el acto inaugural, destacando el trabajo de los dos artistas contempor\u00e1neos y el esfuerzo de acercar y llevar la cultura y el arte a todos los rincones de M\u00e9rida, colonias y comisar\u00edas. \u201cEsto es lo que buscamos, fomentar la justicia social&nbsp; y el acceso universal del arte para todas y todos\u201d.<\/p>\n\n\n\n<figure class=\"wp-block-image size-full\"><img loading=\"lazy\" width=\"400\" height=\"266\" src=\"https:\/\/visionpeninsular.com\/mid\/wp-content\/uploads\/2025\/01\/finzi-pasca.jpg\" alt=\"\" class=\"wp-image-199029\" srcset=\"https:\/\/visionpeninsular.com\/mid\/wp-content\/uploads\/2025\/01\/finzi-pasca.jpg 400w, https:\/\/visionpeninsular.com\/mid\/wp-content\/uploads\/2025\/01\/finzi-pasca-300x200.jpg 300w, https:\/\/visionpeninsular.com\/mid\/wp-content\/uploads\/2025\/01\/finzi-pasca-310x205.jpg 310w\" sizes=\"(max-width: 400px) 100vw, 400px\" \/><\/figure>\n\n\n\n<p>La nueva colecci\u00f3n de Jaime Barrera est\u00e1 inspirada en un viaje familiar realizado el verano pasado a Islandia, donde qued\u00f3 impresionado por la riqueza natural que ah\u00ed se vive, ideal para plasmar en obras de arte abstracto. Su exposici\u00f3n se acompa\u00f1a de \u00f3leos, fotograf\u00edas y dos esculturas.<\/p>\n\n\n\n<p><strong>Reflexi\u00f3n sobre desplazados de las comunidades<\/strong><\/p>\n\n\n\n<p>Por su parte Daniel Rosel hace una reflexi\u00f3n sobre el problema que viven las personas desplazadas de sus comunidades (campesinos, ejidatarios, mujeres, etc.), por el crecimiento de las grandes ciudades, a la cuales retrata en su peculiar estilo figurativo expresionista. Tambi\u00e9n incluye aquellos seres vivos que no pueden hablar ante la misma situaci\u00f3n, como los \u00e1rboles, y los animales, con \u00f3leos, grabados y una intervenci\u00f3n art\u00edstica de ceniza y carb\u00f3n.<\/p>\n\n\n\n<figure class=\"wp-block-image size-full\"><img loading=\"lazy\" width=\"400\" height=\"266\" src=\"https:\/\/visionpeninsular.com\/mid\/wp-content\/uploads\/2025\/01\/caniza-y-carbon.jpg\" alt=\"\" class=\"wp-image-199027\" srcset=\"https:\/\/visionpeninsular.com\/mid\/wp-content\/uploads\/2025\/01\/caniza-y-carbon.jpg 400w, https:\/\/visionpeninsular.com\/mid\/wp-content\/uploads\/2025\/01\/caniza-y-carbon-300x200.jpg 300w, https:\/\/visionpeninsular.com\/mid\/wp-content\/uploads\/2025\/01\/caniza-y-carbon-310x205.jpg 310w\" sizes=\"(max-width: 400px) 100vw, 400px\" \/><\/figure>\n\n\n\n<p>Esta noche, en el Centro Cultural Fernando Castro Pacheco se inaugura una nueva colecci\u00f3n de obra del gran artista que tiene como eje a la mujer, las rutinas con el agua y el tema del mar, con medio centenar de obras donde destaca el uso del color, la est\u00e9tica y la capacidad del yucateco de representar el cuerpo femenino en diferentes posturas propias de la actividad relacionada con el vital l\u00edquido, comparte el curador de la muestra Jorge Cort\u00e9s Ancona.<\/p>\n\n\n\n<p><strong>Obras del acervo de Fernando Castro Pacheco<\/strong><\/p>\n\n\n\n<p>Las obras, excepto una, fueron elaboradas entre los a\u00f1os 1940 y el 2010 y forman parte del acervo de la Fundaci\u00f3n Casa Estudio Fernando Castro Pacheco A.C. Incluyen acr\u00edlicos, esmaltes, esculturas, grabados e ilustraciones de libros.<\/p>\n\n\n\n<figure class=\"wp-block-image size-full\"><img loading=\"lazy\" width=\"400\" height=\"266\" src=\"https:\/\/visionpeninsular.com\/mid\/wp-content\/uploads\/2025\/01\/ilustraciones-de-libros.jpg\" alt=\"\" class=\"wp-image-199026\" srcset=\"https:\/\/visionpeninsular.com\/mid\/wp-content\/uploads\/2025\/01\/ilustraciones-de-libros.jpg 400w, https:\/\/visionpeninsular.com\/mid\/wp-content\/uploads\/2025\/01\/ilustraciones-de-libros-300x200.jpg 300w, https:\/\/visionpeninsular.com\/mid\/wp-content\/uploads\/2025\/01\/ilustraciones-de-libros-310x205.jpg 310w\" sizes=\"(max-width: 400px) 100vw, 400px\" \/><\/figure>\n\n\n\n<p>El teatro de la caricia cautiv\u00f3 a M\u00e9rida durante las presentaciones de \u201c\u00cdcaro\u201d y la clase magistral que ofreci\u00f3 el actor suizo Daniele Finzi Pasca. Esta noche ofrecer\u00e1 la \u00faltima funci\u00f3n en el Teatro Armando Manzanero.<\/p>\n\n\n\n<p>Aunque fue escrita para un solo espectador, la obra ha dado la vuelta al mundo durante 34 a\u00f1os, se ha presentado en varios idiomas cautivando en cada actuaci\u00f3n.<\/p>\n\n\n\n<p><strong>Clase magistral<\/strong><\/p>\n\n\n\n<p>En la primera funci\u00f3n, luego de varios minutos de pr\u00f3logo, el actor eligi\u00f3 entre el p\u00fablico a la joven Emilia, la \u201cespectadora privilegiada\u201d quien acompa\u00f1\u00f3 al artista en toda la presentaci\u00f3n.<\/p>\n\n\n\n<p>Durante la clase magistral fue motivante conocer la historia del Compangia Finzi Pasca, del cual Daniele es uno de los fundadores, el crecimiento de los artistas, el entrenamiento formal que llevan -indispensable para alcanzar el \u00e9xito-, la estrategia para mantener las emociones controladas a la hora de estar en escena y al mismo tiempo cautivar al p\u00fablico en cada presentaci\u00f3n.<\/p>\n\n\n\n<p>Para Daniele hay dos elementos claves: los actores c\u00edtricos, quienes necesitan sentir dolor, drama o presi\u00f3n para actuar en una direcci\u00f3n, y los florales donde lo bello florece al natural y est\u00e1n m\u00e1s receptivos a lo que venga, sin estar presionando. \u201cPero siempre hay que pensar en el espectador y proyectar emociones\u201d.<\/p>\n\n\n\n<p><strong>Homenaje a la riqueza cultural de M\u00e9xico<\/strong><\/p>\n\n\n\n<p>Por otro lado, como un homenaje a la riqueza cultural de M\u00e9xico se realiz\u00f3 anoche el conversatorio \u201cVoces y Sabores del Coraz\u00f3n de M\u00e9xico: Herencia de Manos y Coraz\u00f3n\u201d, evento coordinado por Guillermo Alay\u00f3n.<\/p>\n\n\n\n<p>En el acto, Karla Berr\u00f3n C\u00e1mara, directora de Identidad y Cultura, entreg\u00f3 un reconocimiento a la empresaria Mar\u00eda Teresa Cazola Bravo, por su aportaci\u00f3n a la riqueza culinaria e identitaria de la ciudad. \u201cLa identidad y la cultura no son elementos est\u00e1ticos, son din\u00e1micos que nosotros como colectividad vamos enriqueciendo y decidimos c\u00f3mo queremos que se mantengan y vuelvan parte de nuestra identidad\u201d, agreg\u00f3 la directora.<\/p>\n\n\n\n<figure class=\"wp-block-image size-full\"><img loading=\"lazy\" width=\"400\" height=\"266\" src=\"https:\/\/visionpeninsular.com\/mid\/wp-content\/uploads\/2025\/01\/la-directora.jpg\" alt=\"\" class=\"wp-image-199028\" srcset=\"https:\/\/visionpeninsular.com\/mid\/wp-content\/uploads\/2025\/01\/la-directora.jpg 400w, https:\/\/visionpeninsular.com\/mid\/wp-content\/uploads\/2025\/01\/la-directora-300x200.jpg 300w, https:\/\/visionpeninsular.com\/mid\/wp-content\/uploads\/2025\/01\/la-directora-310x205.jpg 310w\" sizes=\"(max-width: 400px) 100vw, 400px\" \/><\/figure>\n\n\n\n<p><strong>M\u00e9rida Fest<\/strong><\/p>\n\n\n\n<p>Durante el conversatorio que dur\u00f3 m\u00e1s de hora y media, se escucharon las voces de los destacados dise\u00f1adores Ismael Poot, Carmen Rion y Alberto L\u00f3pez G\u00f3mez (chiapaneco), as\u00ed como a las cocineras tradicionales Mar\u00eda Margarita Mis Vazquez y su hija Silvia del Socorro Cel Mis, y el cocinero ancestral Geovany Cupul Montejo.<\/p>\n\n\n\n<p>Se abord\u00f3 la relaci\u00f3n entre la moda y la gastronom\u00eda, c\u00f3mo la ense\u00f1anza materna en las comunidades yucatecas combina habilidades pr\u00e1cticas y valores culturales. Los invitados tambi\u00e9n compartieron historias personales de superaci\u00f3n, el empoderamiento de las mujeres artesanas, el empleo de ingrediente locales en platillo y en textiles, la importancia de la autenticidad y c\u00f3mo las tradiciones se reinterpretan para mantenerlas vivas en un mundo contempor\u00e1neo.<\/p>\n\n\n\n<p><strong>Literatura viva en el pa\u00eds<\/strong><\/p>\n\n\n\n<p>En el marco del M\u00e9rida Fest 2025, esta ma\u00f1ana se entreg\u00f3 el Premio Nacional de Cuento \u201cBeatriz Espejo\u201d a Ricardo Gabriel Garc\u00eda Cruz por su obra \u201cO l\u00e1 l\u00e1\u201d. El certamen lo organizan de manera conjunta el Ayuntamiento de M\u00e9rida y el gobierno estatal a trav\u00e9s de la Sedeculta. En la edici\u00f3n 2024 se recibieron 133 trabajos, de los cuales nueve fueron descalificados por incumplir con las bases establecidas en la fase de verificaci\u00f3n administrativa.<\/p>\n\n\n\n<p>En el acto, la Mtra. Karla Berr\u00f3n, directora de Identidad y Cultura celebr\u00f3 el talento y la creatividad que se reconoce con la entrega del Premio Nacional de Cuento Beatriz Espejo 2024, un certamen que sigue siendo un pilar fundamental para la literatura mexicana, ofreciendo una plataforma para voces que invitan a reflexionar sobre nuestra realidad y sociedad.<\/p>\n\n\n\n<p>Tambi\u00e9n extern\u00f3 una felicitaci\u00f3n al recipiendario por la calidad narrativa de sus personajes en la obra seleccionada \u201c O l\u00e1 l\u00e1\u201d, la agudeza con que observa la sociedad mexicana y la originalidad con que construye su historia. \u201cSigamos apoyando a nuestros escritores y celebrando el poder transformador de la literatura\u201d.<\/p>\n\n\n\n<p>Se mencion\u00f3 igual que se entregar\u00e1n menciones honor\u00edficas a Gibran Macdiel Correa Vargas&nbsp; por la obra \u201cEl precio de la vida\u201d y Efra\u00edn Blanco Salazar por \u201cCavar infinito\u201d. Por parte de la Sedeculta asisti\u00f3 la secretaria, Mtra. Ana Patricia Mart\u00edn Brice\u00f1o.<\/p>\n\n\n\n<p><strong>Este fin termina el M\u00e9rida Hip Hop Fest<\/strong><\/p>\n\n\n\n<p>Este fin de semana finalizan las actividades del M\u00e9rida Hip Hop Fest 2025 con las batallas de breakdance, freestyle de rap y cantantes como Comando 12, El Ap\u00f3stol, Gera, Skinni Bueno, Boss Ayuso, Rap Pech, Los Pacheco, Zil\u00f3n y La Colecta, de 10a.m. y hasta las 9 p.m. en el parque de La Mejorada.<\/p>\n\n\n\n<p>El s\u00e1bado 25 tendr\u00e1n sus dos \u00faltimas funciones \u201cSamba y Se\u00f1as. Sambandita e invitados\u201d y \u201cShol. Recital por la Paz\u201d con el grupo persa Kaliveh Music Band (5p.m.), y el concierto estelar de La Sonora Santanera y Mar\u00eda Fernada (9p.m.), en la Plaza Grande.<\/p>\n\n\n\n<p>A la puesta en escena \u201cPedro y Juli\u00e1n\u201d de Conchi Le\u00f3n, que esta noche se estrena, le quedan funciones el s\u00e1bado y el domingo en el Centro Cultural Olimpo.<\/p>\n\n\n\n<p>El domingo 26 habr\u00e1 dos momentos para la gran clausura del festival: en el remate del Paseo de Montejo con las dos presentaciones de la compa\u00f1\u00eda Circo Drag\u00f3n, a las 6:30 y 9:00 pm, y los talentos regionales&nbsp; Dzereco y Nohoch, Tila Mar\u00eda Sesto y m\u00fasica con Los M\u00e9ndez, a partir de las 6 de la tarde. Todas las actividades son gratuitas.<\/p>\n<div class='share-to-whatsapp-wrapper'><div class='share-on-whsp'>Share on: <\/div><a data-text='Arte, moda y gastronom\u00eda convergen en el M\u00e9rida Fest 2025' data-link='https:\/\/visionpeninsular.com\/mid\/arte-moda-y-gastronomia-convergen-en-el-merida-fest-2025\/' class='whatsapp-button whatsapp-share'>WhatsApp<\/a><div class='clear '><\/div><\/div>","protected":false},"excerpt":{"rendered":"<p>25 enero 2025.- El arte comenz\u00f3 su estancia en el M\u00e9rida Fest 2025 con la apertura de las nuevas exposiciones \u201cIslandia. Terra Inc\u00f3gnita\u201d de Jaime Barrera y \u201cFragmentos Terrenales\u201d de Daniel Rosel, que permanecer\u00e1n expuestas hasta el mes de abril. La presidenta municipal Cecilia Patr\u00f3n Laviada encabez\u00f3 anoche el acto inaugural, destacando el trabajo de &hellip;<\/p>\n","protected":false},"author":5,"featured_media":0,"comment_status":"open","ping_status":"open","sticky":false,"template":"","format":"standard","meta":{"_mi_skip_tracking":false},"categories":[49,37],"tags":[41,40236,46107],"_links":{"self":[{"href":"https:\/\/visionpeninsular.com\/mid\/wp-json\/wp\/v2\/posts\/199024"}],"collection":[{"href":"https:\/\/visionpeninsular.com\/mid\/wp-json\/wp\/v2\/posts"}],"about":[{"href":"https:\/\/visionpeninsular.com\/mid\/wp-json\/wp\/v2\/types\/post"}],"author":[{"embeddable":true,"href":"https:\/\/visionpeninsular.com\/mid\/wp-json\/wp\/v2\/users\/5"}],"replies":[{"embeddable":true,"href":"https:\/\/visionpeninsular.com\/mid\/wp-json\/wp\/v2\/comments?post=199024"}],"version-history":[{"count":1,"href":"https:\/\/visionpeninsular.com\/mid\/wp-json\/wp\/v2\/posts\/199024\/revisions"}],"predecessor-version":[{"id":199030,"href":"https:\/\/visionpeninsular.com\/mid\/wp-json\/wp\/v2\/posts\/199024\/revisions\/199030"}],"wp:attachment":[{"href":"https:\/\/visionpeninsular.com\/mid\/wp-json\/wp\/v2\/media?parent=199024"}],"wp:term":[{"taxonomy":"category","embeddable":true,"href":"https:\/\/visionpeninsular.com\/mid\/wp-json\/wp\/v2\/categories?post=199024"},{"taxonomy":"post_tag","embeddable":true,"href":"https:\/\/visionpeninsular.com\/mid\/wp-json\/wp\/v2\/tags?post=199024"}],"curies":[{"name":"wp","href":"https:\/\/api.w.org\/{rel}","templated":true}]}}