{"id":198728,"date":"2025-01-18T12:00:29","date_gmt":"2025-01-18T18:00:29","guid":{"rendered":"https:\/\/visionpeninsular.com\/mid\/?p=198728"},"modified":"2025-01-18T12:00:32","modified_gmt":"2025-01-18T18:00:32","slug":"iniciativa-privada-dice-no-a-la-promocion-del-voto-para-la-eleccion-de-personas-juzgadoras","status":"publish","type":"post","link":"https:\/\/visionpeninsular.com\/mid\/iniciativa-privada-dice-no-a-la-promocion-del-voto-para-la-eleccion-de-personas-juzgadoras\/","title":{"rendered":"Iniciativa Privada dice no a la promoci\u00f3n del voto para la elecci\u00f3n de personas juzgadoras"},"content":{"rendered":"\n<h2 class=\"has-text-align-center\">\u00abNo estamos de acuerdo y no contemplamos participar salvo las circunstancias lo ameriten\u00bb, afirm\u00f3 Alejandro G\u00f3mory<\/h2>\n\n\n\n<p>M\u00e9rida, Yucat\u00e1n, a 18 de enero de 2025.\u2013 El Consejo Coordinador Empresarial (CCE) Yucat\u00e1n no promocionar\u00e1 el voto para la elecci\u00f3n del pr\u00f3ximo 1 de junio en la que la ciudadan\u00eda elegir\u00e1 en las urnas a los jueces, magistrados y ministros.<\/p>\n\n\n\n<p>Alejandro G\u00f3mory Mart\u00ednez, presidente del CCE Yucat\u00e1n, record\u00f3 que no estuvieron de acuerdo con esa reforma al Poder Judicial de la Federaci\u00f3n.<\/p>\n\n\n\n<p>\u00abLo que se reform\u00f3 rompi\u00f3 el balance de poderes a nivel federal. No estamos de acuerdo y no contemplamos participar salvo las circunstancias lo ameriten\u00bb, expres\u00f3 el empresario, quien fue reelecto para presidir la Canacintra Yucat\u00e1n para el periodo 2025-2026.<\/p>\n\n\n\n<p>Para este proceso electoral participar\u00e1n unos tres mil candidaturas y ser\u00e1n electos 881 cargos.<\/p>\n\n\n\n<figure class=\"wp-block-image size-large\"><img loading=\"lazy\" width=\"1024\" height=\"1024\" src=\"https:\/\/visionpeninsular.com\/mid\/wp-content\/uploads\/2025\/01\/1000143182-1024x1024.jpg\" alt=\"\" class=\"wp-image-198730\" srcset=\"https:\/\/visionpeninsular.com\/mid\/wp-content\/uploads\/2025\/01\/1000143182-1024x1024.jpg 1024w, https:\/\/visionpeninsular.com\/mid\/wp-content\/uploads\/2025\/01\/1000143182-300x300.jpg 300w, https:\/\/visionpeninsular.com\/mid\/wp-content\/uploads\/2025\/01\/1000143182-150x150.jpg 150w, https:\/\/visionpeninsular.com\/mid\/wp-content\/uploads\/2025\/01\/1000143182-768x768.jpg 768w, https:\/\/visionpeninsular.com\/mid\/wp-content\/uploads\/2025\/01\/1000143182-1536x1536.jpg 1536w, https:\/\/visionpeninsular.com\/mid\/wp-content\/uploads\/2025\/01\/1000143182.jpg 1920w\" sizes=\"(max-width: 1024px) 100vw, 1024px\" \/><figcaption>Alejadro G\u00f3mory Mart\u00ednez, presidente del Consejo Coordinador Empresarial (CCE) Yucat\u00e1n, cofirm\u00f3 que no promocionar\u00e1n el voto para la elecci\u00f3n del 1 de junio<\/figcaption><\/figure>\n<div class='share-to-whatsapp-wrapper'><div class='share-on-whsp'>Share on: <\/div><a data-text='Iniciativa Privada dice no a la promoci\u00f3n del voto para la elecci\u00f3n de personas juzgadoras' data-link='https:\/\/visionpeninsular.com\/mid\/iniciativa-privada-dice-no-a-la-promocion-del-voto-para-la-eleccion-de-personas-juzgadoras\/' class='whatsapp-button whatsapp-share'>WhatsApp<\/a><div class='clear '><\/div><\/div>","protected":false},"excerpt":{"rendered":"<p>\u00abNo estamos de acuerdo y no contemplamos participar salvo las circunstancias lo ameriten\u00bb, afirm\u00f3 Alejandro G\u00f3mory M\u00e9rida, Yucat\u00e1n, a 18 de enero de 2025.\u2013 El Consejo Coordinador Empresarial (CCE) Yucat\u00e1n no promocionar\u00e1 el voto para la elecci\u00f3n del pr\u00f3ximo 1 de junio en la que la ciudadan\u00eda elegir\u00e1 en las urnas a los jueces, magistrados &hellip;<\/p>\n","protected":false},"author":11,"featured_media":198730,"comment_status":"open","ping_status":"open","sticky":false,"template":"","format":"standard","meta":{"_mi_skip_tracking":false},"categories":[50,37],"tags":[35391,46249,227],"_links":{"self":[{"href":"https:\/\/visionpeninsular.com\/mid\/wp-json\/wp\/v2\/posts\/198728"}],"collection":[{"href":"https:\/\/visionpeninsular.com\/mid\/wp-json\/wp\/v2\/posts"}],"about":[{"href":"https:\/\/visionpeninsular.com\/mid\/wp-json\/wp\/v2\/types\/post"}],"author":[{"embeddable":true,"href":"https:\/\/visionpeninsular.com\/mid\/wp-json\/wp\/v2\/users\/11"}],"replies":[{"embeddable":true,"href":"https:\/\/visionpeninsular.com\/mid\/wp-json\/wp\/v2\/comments?post=198728"}],"version-history":[{"count":1,"href":"https:\/\/visionpeninsular.com\/mid\/wp-json\/wp\/v2\/posts\/198728\/revisions"}],"predecessor-version":[{"id":198731,"href":"https:\/\/visionpeninsular.com\/mid\/wp-json\/wp\/v2\/posts\/198728\/revisions\/198731"}],"wp:featuredmedia":[{"embeddable":true,"href":"https:\/\/visionpeninsular.com\/mid\/wp-json\/wp\/v2\/media\/198730"}],"wp:attachment":[{"href":"https:\/\/visionpeninsular.com\/mid\/wp-json\/wp\/v2\/media?parent=198728"}],"wp:term":[{"taxonomy":"category","embeddable":true,"href":"https:\/\/visionpeninsular.com\/mid\/wp-json\/wp\/v2\/categories?post=198728"},{"taxonomy":"post_tag","embeddable":true,"href":"https:\/\/visionpeninsular.com\/mid\/wp-json\/wp\/v2\/tags?post=198728"}],"curies":[{"name":"wp","href":"https:\/\/api.w.org\/{rel}","templated":true}]}}