{"id":198717,"date":"2025-01-17T17:52:18","date_gmt":"2025-01-17T23:52:18","guid":{"rendered":"https:\/\/visionpeninsular.com\/mid\/?p=198717"},"modified":"2025-01-17T17:52:20","modified_gmt":"2025-01-17T23:52:20","slug":"homenaje-a-roberto-macswiney-salgado-promotor-de-la-trova-yucateca","status":"publish","type":"post","link":"https:\/\/visionpeninsular.com\/mid\/homenaje-a-roberto-macswiney-salgado-promotor-de-la-trova-yucateca\/","title":{"rendered":"Homenaje a Roberto MacSwiney salgado, promotor de la trova yucateca"},"content":{"rendered":"\n<ul><li><strong><em>Es recipiendario de las Medallas Yucat\u00e1n, al Periodismo de Espect\u00e1culos, \u201cLuis M. Far\u00edas\u201d y \u201cAdolfo Guzm\u00e1n\u201d, esta \u00faltima otorgada por el Gobierno Cubano.<\/em><\/strong><\/li><li><strong><em>Tambi\u00e9n fue merecedor del Premio Nacional de Locuci\u00f3n \u201cMarco Aurelio Moneda Krauss\u201d<\/em><\/strong><\/li><li><strong><em>La Sedeculta entrega reconocimiento por su dedicaci\u00f3n durante d\u00e9cadas a difundir nuestra m\u00fasica m\u00e1s all\u00e1 de la entidad y el pa\u00eds<\/em><\/strong><\/li><li><strong><em>Homenaje de la Asociaci\u00f3n de Trovadores \u2018Pastor Cervera\u2019 y la Sedeculta en el D\u00eda del Compositor<\/em><\/strong><\/li><\/ul>\n\n\n\n<p>El historiador, investigador y promotor de la trova yucateca, Roberto MacSwiney Salgado, presidente de la Asociaci\u00f3n de Amigos de la Trova Yucateca desde 1983, recibi\u00f3 un homenaje en el Palacio de la M\u00fasica, en el marco del D\u00eda del Compositor, a propuesta de la Asociaci\u00f3n de Trovadores \u2018Pastor Cervera\u2019 y la Secretar\u00eda de la Cultura y las Artes (Sedeculta).<\/p>\n\n\n\n<p>Desde la radio universitaria hasta la nota impresa de sus colaboraciones en revistas y peri\u00f3dicos, Roberto Macswiney ha sido promotor de la trova yucateca, llevando este g\u00e9nero a escenarios nacionales e internacionales.<\/p>\n\n\n\n<p>Fundador del Departamento de Difusi\u00f3n Cultural de la #UADY y creador de programas emblem\u00e1ticos como \u201cGranito de Sal\u201d y \u201cA\u00f1oranzas Yucatecas\u201d, llev\u00f3 el alma musical de Yucat\u00e1n a Cuba, Puerto Rico, Colombia, Venezuela, Espa\u00f1a y m\u00e1s.<\/p>\n\n\n\n<p>Su labor ha dejado un legado que contribuye a la consolidaci\u00f3n de la trova yucateca como un patrimonio vivo que trasciende fronteras y generaciones, afirm\u00f3 el integrante de la asociaci\u00f3n, Jorge Buenfil.<\/p>\n\n\n\n<figure class=\"wp-block-image size-full\"><img loading=\"lazy\" width=\"400\" height=\"259\" src=\"https:\/\/visionpeninsular.com\/mid\/wp-content\/uploads\/2025\/01\/el-ingeniero.jpg\" alt=\"\" class=\"wp-image-198720\" srcset=\"https:\/\/visionpeninsular.com\/mid\/wp-content\/uploads\/2025\/01\/el-ingeniero.jpg 400w, https:\/\/visionpeninsular.com\/mid\/wp-content\/uploads\/2025\/01\/el-ingeniero-300x194.jpg 300w\" sizes=\"(max-width: 400px) 100vw, 400px\" \/><\/figure>\n\n\n\n<p>La secretaria de la Cultura, Patricia Mart\u00edn Brice\u00f1o, entreg\u00f3 la placa afirmando que MacSwiney es una voz que se convirti\u00f3 en s\u00edmbolo de la cultura yucateca y su trayectoria como historiador, investigador y promotor de la trova deja huella en el patrimonio musical de Yucat\u00e1n.<\/p>\n\n\n\n<p>MacSwiney lleg\u00f3 a Yucat\u00e1n hace 58 a\u00f1os como ingeniero civil y encontr\u00f3 en esta tierra no solo un hogar, sino tambi\u00e9n la inspiraci\u00f3n para compartir y difundir el g\u00e9nero vern\u00e1culo que lo hab\u00eda acompa\u00f1ado desde la cuna.<\/p>\n\n\n\n<p>El evento, denominado \u201cLa Trova lleva su nombre. M\u00e1s de medio siglo de pasi\u00f3n por la m\u00fasica\u201d se realiz\u00f3 con la participaci\u00f3n artistas como el dueto Martha y Nacho, Tr\u00edo Ensue\u00f1o, Fabian Cano y Tr\u00edo Despertar, Los Tres Yucatecos, Las Hermanitas Pech, Jorge Buenfil y su Grupo, y Los Juglares.<\/p>\n<div class='share-to-whatsapp-wrapper'><div class='share-on-whsp'>Share on: <\/div><a data-text='Homenaje a Roberto MacSwiney salgado, promotor de la trova yucateca' data-link='https:\/\/visionpeninsular.com\/mid\/homenaje-a-roberto-macswiney-salgado-promotor-de-la-trova-yucateca\/' class='whatsapp-button whatsapp-share'>WhatsApp<\/a><div class='clear '><\/div><\/div>","protected":false},"excerpt":{"rendered":"<p>Es recipiendario de las Medallas Yucat\u00e1n, al Periodismo de Espect\u00e1culos, \u201cLuis M. Far\u00edas\u201d y \u201cAdolfo Guzm\u00e1n\u201d, esta \u00faltima otorgada por el Gobierno Cubano.Tambi\u00e9n fue merecedor del Premio Nacional de Locuci\u00f3n \u201cMarco Aurelio Moneda Krauss\u201dLa Sedeculta entrega reconocimiento por su dedicaci\u00f3n durante d\u00e9cadas a difundir nuestra m\u00fasica m\u00e1s all\u00e1 de la entidad y el pa\u00edsHomenaje de &hellip;<\/p>\n","protected":false},"author":5,"featured_media":198719,"comment_status":"open","ping_status":"open","sticky":false,"template":"","format":"standard","meta":{"_mi_skip_tracking":false},"categories":[49,37],"tags":[46247,9585,46246,1557],"_links":{"self":[{"href":"https:\/\/visionpeninsular.com\/mid\/wp-json\/wp\/v2\/posts\/198717"}],"collection":[{"href":"https:\/\/visionpeninsular.com\/mid\/wp-json\/wp\/v2\/posts"}],"about":[{"href":"https:\/\/visionpeninsular.com\/mid\/wp-json\/wp\/v2\/types\/post"}],"author":[{"embeddable":true,"href":"https:\/\/visionpeninsular.com\/mid\/wp-json\/wp\/v2\/users\/5"}],"replies":[{"embeddable":true,"href":"https:\/\/visionpeninsular.com\/mid\/wp-json\/wp\/v2\/comments?post=198717"}],"version-history":[{"count":1,"href":"https:\/\/visionpeninsular.com\/mid\/wp-json\/wp\/v2\/posts\/198717\/revisions"}],"predecessor-version":[{"id":198721,"href":"https:\/\/visionpeninsular.com\/mid\/wp-json\/wp\/v2\/posts\/198717\/revisions\/198721"}],"wp:featuredmedia":[{"embeddable":true,"href":"https:\/\/visionpeninsular.com\/mid\/wp-json\/wp\/v2\/media\/198719"}],"wp:attachment":[{"href":"https:\/\/visionpeninsular.com\/mid\/wp-json\/wp\/v2\/media?parent=198717"}],"wp:term":[{"taxonomy":"category","embeddable":true,"href":"https:\/\/visionpeninsular.com\/mid\/wp-json\/wp\/v2\/categories?post=198717"},{"taxonomy":"post_tag","embeddable":true,"href":"https:\/\/visionpeninsular.com\/mid\/wp-json\/wp\/v2\/tags?post=198717"}],"curies":[{"name":"wp","href":"https:\/\/api.w.org\/{rel}","templated":true}]}}