{"id":198670,"date":"2025-01-16T13:33:15","date_gmt":"2025-01-16T19:33:15","guid":{"rendered":"https:\/\/visionpeninsular.com\/mid\/?p=198670"},"modified":"2025-01-16T13:33:17","modified_gmt":"2025-01-16T19:33:17","slug":"serenata-yucateca-de-santa-lucia-celebra-seis-decadas-de-historia","status":"publish","type":"post","link":"https:\/\/visionpeninsular.com\/mid\/serenata-yucateca-de-santa-lucia-celebra-seis-decadas-de-historia\/","title":{"rendered":"Serenata Yucateca de Santa Luc\u00eda celebra seis d\u00e9cadas de historia"},"content":{"rendered":"\n<p>Referente de la trova y la m\u00fasica de grandes compositores yucatecos, el programa \u201cSerenata Yucateca\u201d del Ayuntamiento de M\u00e9rida, que encabeza Cecilia Patr\u00f3n Laviada, cumple seis d\u00e9cadas de fomentar las tradiciones y expresiones culturales.<\/p>\n\n\n\n<p>En el marco del M\u00e9rida Fest 2025 y de esta celebraci\u00f3n, se entregar\u00e1 este jueves 16 de enero la Medalla \u201cGuty C\u00e1rdenas\u201d a los hermanos C\u00e9sar y Jos\u00e9 Marrufo Mena, integrantes del grupo Los Juglares, en la tradicional serenata que se realiza en el parque de Santa Luc\u00eda.<\/p>\n\n\n\n<p>Ser\u00e1 la primera vez que dos hermanos fueran coautores, en letra y m\u00fasica de sus propias canciones, con m\u00e1s de 50 canciones troveras en variados g\u00e9neros y estilos que se ha vuelto \u00e9xito en sus propias voces.<\/p>\n\n\n\n<p><strong>Programa art\u00edstico&nbsp;<\/strong><\/p>\n\n\n\n<p>En el programa art\u00edstico participar\u00e1n la Orquesta Jaranera y el Ballet Folcl\u00f3rico Titular del Ayuntamiento de M\u00e9rida, el declamador Sergio C\u00e1mara y la presentaci\u00f3n estelar de Los Juglares, a partir de las 9pm.<\/p>\n\n\n\n<p>En presencia de autoridades municipales y de Cultura se develar\u00e1 la placa conmemorativa por el aniversario n\u00famero 60 del exitoso programa y se entregar\u00e1 la Medalla \u201cGuty C\u00e1rdenas\u201d a los hermanos Marrufo Mena en reconocimiento a su labor en la promoci\u00f3n y difusi\u00f3n de la canci\u00f3n yucateca.<\/p>\n\n\n\n<p>La primera serenata se escuch\u00f3 el 14 de enero de 1965 y con los a\u00f1os se han presentado grandes leyendas y artistas de la trova yucateca. Es la Sociedad Art\u00edstica Ricardo Pamer\u00edn la que propone al Ayuntamiento de M\u00e9rida a los recipiendarios de la medalla; el primero en recibirla fue el compositor Armando Manzanero en 1967.<\/p>\n\n\n\n<p><strong>Arte que conecta<\/strong><\/p>\n\n\n\n<p>Por otro lado, como parte del abanico de actividades que ofrece el M\u00e9rida Fest, esta noche de mi\u00e9rcoles se inauguran tres nuevas exposiciones en el Museo de la Ciudad, que juntas ofrecen m\u00e1s de 80 obras para el deleite de los seguidores del arte y que tambi\u00e9n enriquecen la oferta cultural de la ciudad.<\/p>\n\n\n\n<p>\u201cAlas del tiempo\u201d de Jorge Mar\u00edn incluye piezas en escultura y grabado en las que se fusionan elementos de la mitolog\u00eda antigua y cultura contempor\u00e1nea a trav\u00e9s del equilibrio, la proporci\u00f3n y la b\u00fasqueda del idealismo del cuerpo.<\/p>\n\n\n\n<p>En \u201cLa est\u00e9tica y la iron\u00eda de Timo\u201d, Rodrigo de la Sierra usa a su personaje Timoteo, a trav\u00e9s de piezas escult\u00f3ricas, para reflexionar sobre la cultura y la sociedad actual con sentido de humor.<\/p>\n\n\n\n<p><strong>Amplia cartelera cultural<\/strong><\/p>\n\n\n\n<p>Finalmente Ernesto Novelo y Laurie Rodr\u00edguez comparten en \u201cConvergencias\u201d su amor por el coleccionismo a trav\u00e9s de pinturas, esculturas y obra gr\u00e1fica de destacados artistas nacionales y yucatecos que adquirieron recientemente, con obras de Jos\u00e9 Luis Cuevas, David Alfaro Siqueiros, Alejandro Velasco, Lizzette Abraham, Francisco Toledo, Rafael Coronel, Alejandro Far\u00edas, Fernando Castro Pacheco y Shinzaburo Takeda, entre otros.<\/p>\n\n\n\n<p>Esta semana el M\u00e9rida Fest recibe nuevos regalos art\u00edsticos de proyectos seleccionados de su convocatoria como \u201cRelleno Negro\u201d, \u201cLa Legi\u00f3n de los Enanos\u201d y \u201cColisi\u00f3n: dos cuerpos se encuentran\u201d (danza), Tambi\u00e9n las propuestas musicales de \u201cA\u00ed Murakami Quartet\u201d, \u201cMujeres en la m\u00fasica hispanoamericana\u201d con Gina Osonor &amp; The Dreamers, y \u201cDe la Isla a la Pen\u00ednsula\u201d con Yucat\u00e1 Ska Jazz Foundation.<\/p>\n\n\n\n<figure class=\"wp-block-image size-full\"><img loading=\"lazy\" width=\"400\" height=\"266\" src=\"https:\/\/visionpeninsular.com\/mid\/wp-content\/uploads\/2025\/01\/jazz-foundation.jpg\" alt=\"\" class=\"wp-image-198673\" srcset=\"https:\/\/visionpeninsular.com\/mid\/wp-content\/uploads\/2025\/01\/jazz-foundation.jpg 400w, https:\/\/visionpeninsular.com\/mid\/wp-content\/uploads\/2025\/01\/jazz-foundation-300x200.jpg 300w, https:\/\/visionpeninsular.com\/mid\/wp-content\/uploads\/2025\/01\/jazz-foundation-310x205.jpg 310w\" sizes=\"(max-width: 400px) 100vw, 400px\" \/><\/figure>\n\n\n\n<p>El segundo concierto estelar masivo del festival estar\u00e1 a cargo de \u201cNortec; Bostich + Fussible\u201d, toda una instituci\u00f3n de la m\u00fasica electr\u00f3nica en M\u00e9xico, que combina este g\u00e9nero con sonidos de la m\u00fasica tradicional mexicana interpretados con instrumentos en vivo, el domingo 19 en la Plaza Grande a partir de las 8 de la noche. Con esta presentaci\u00f3n la banda dar\u00e1 inicio a su tour por sus 25 a\u00f1os de trayectoria.<\/p>\n\n\n\n<p>Un d\u00eda antes, los m\u00fasicos ofrecer\u00e1n una master class gratuita en el que compartir\u00e1n sus experiencias y proceso creativo, a las 11 de la ma\u00f1ana en la Universidad Modelo.<\/p>\n\n\n\n<p><strong>Encuentro de Gremios<\/strong><\/p>\n\n\n\n<p>Otro de los eventos tradicionales esperados es el Encuentro de Gremios el pr\u00f3ximo lunes 20 de enero. Se espera la participaci\u00f3n de 600 jaraneros de los gremios de barrios de M\u00e9rida, San Sebasti\u00e1n, Hoct\u00fan y Tixpeual, as\u00ed como integrantes de nueve ballets de los Centros de Desarrollo Integral y del Centro Municipal de Danza del a\u00e9rea de folclore.<\/p>\n\n\n\n<p>Los jaraneros saldr\u00e1n a las 8 de la noche de dos puntos: de los parques de Santiago y Santana, caminar\u00e1n en un ambiente de fiesta, con sus est\u00e1ndares, trajes regionales y m\u00fasica hasta llegar a los bajos del Palacio Municipal, donde el bastonero pedir\u00e1 permiso a las autoridades para iniciar la magna vaquer\u00eda. Ser\u00e1 de 9 a 11 de la noche que los bailarines, siguiendo los ritmos de la Orquesta Jaranera del Ayuntamiento de M\u00e9rida, dar\u00e1n vida a la vaquer\u00eda libre.<\/p>\n\n\n\n<p>En el sitio www.merida.gob.mx\/meridafest pueden consultarse horarios, sedes y m\u00e1s actividades del festival que celebra los 483 a\u00f1os de M\u00e9rida, las cuales se extender\u00e1n hasta el domingo 26 de enero.<\/p>\n<div class='share-to-whatsapp-wrapper'><div class='share-on-whsp'>Share on: <\/div><a data-text='Serenata Yucateca de Santa Luc\u00eda celebra seis d\u00e9cadas de historia' data-link='https:\/\/visionpeninsular.com\/mid\/serenata-yucateca-de-santa-lucia-celebra-seis-decadas-de-historia\/' class='whatsapp-button whatsapp-share'>WhatsApp<\/a><div class='clear '><\/div><\/div>","protected":false},"excerpt":{"rendered":"<p>Referente de la trova y la m\u00fasica de grandes compositores yucatecos, el programa \u201cSerenata Yucateca\u201d del Ayuntamiento de M\u00e9rida, que encabeza Cecilia Patr\u00f3n Laviada, cumple seis d\u00e9cadas de fomentar las tradiciones y expresiones culturales. En el marco del M\u00e9rida Fest 2025 y de esta celebraci\u00f3n, se entregar\u00e1 este jueves 16 de enero la Medalla \u201cGuty &hellip;<\/p>\n","protected":false},"author":5,"featured_media":198672,"comment_status":"open","ping_status":"open","sticky":false,"template":"","format":"standard","meta":{"_mi_skip_tracking":false},"categories":[49,37],"tags":[41,2757,46107],"_links":{"self":[{"href":"https:\/\/visionpeninsular.com\/mid\/wp-json\/wp\/v2\/posts\/198670"}],"collection":[{"href":"https:\/\/visionpeninsular.com\/mid\/wp-json\/wp\/v2\/posts"}],"about":[{"href":"https:\/\/visionpeninsular.com\/mid\/wp-json\/wp\/v2\/types\/post"}],"author":[{"embeddable":true,"href":"https:\/\/visionpeninsular.com\/mid\/wp-json\/wp\/v2\/users\/5"}],"replies":[{"embeddable":true,"href":"https:\/\/visionpeninsular.com\/mid\/wp-json\/wp\/v2\/comments?post=198670"}],"version-history":[{"count":1,"href":"https:\/\/visionpeninsular.com\/mid\/wp-json\/wp\/v2\/posts\/198670\/revisions"}],"predecessor-version":[{"id":198674,"href":"https:\/\/visionpeninsular.com\/mid\/wp-json\/wp\/v2\/posts\/198670\/revisions\/198674"}],"wp:featuredmedia":[{"embeddable":true,"href":"https:\/\/visionpeninsular.com\/mid\/wp-json\/wp\/v2\/media\/198672"}],"wp:attachment":[{"href":"https:\/\/visionpeninsular.com\/mid\/wp-json\/wp\/v2\/media?parent=198670"}],"wp:term":[{"taxonomy":"category","embeddable":true,"href":"https:\/\/visionpeninsular.com\/mid\/wp-json\/wp\/v2\/categories?post=198670"},{"taxonomy":"post_tag","embeddable":true,"href":"https:\/\/visionpeninsular.com\/mid\/wp-json\/wp\/v2\/tags?post=198670"}],"curies":[{"name":"wp","href":"https:\/\/api.w.org\/{rel}","templated":true}]}}