{"id":198617,"date":"2025-01-15T13:47:47","date_gmt":"2025-01-15T19:47:47","guid":{"rendered":"https:\/\/visionpeninsular.com\/mid\/?p=198617"},"modified":"2025-01-15T13:47:50","modified_gmt":"2025-01-15T19:47:50","slug":"entrega-joaquin-diaz-mena-plazas-a-136-docentes-yucatecos","status":"publish","type":"post","link":"https:\/\/visionpeninsular.com\/mid\/entrega-joaquin-diaz-mena-plazas-a-136-docentes-yucatecos\/","title":{"rendered":"Entrega Joaqu\u00edn D\u00edaz Mena plazas a 136 docentes yucatecos"},"content":{"rendered":"\n<ul><li><strong><em>D\u00edaz Mena entreg\u00f3 nombramientos y plazas a maestros de educaci\u00f3n b\u00e1sica. Reiter\u00f3 su compromiso con la transparencia, la mejora de la infraestructura escolar y el bienestar laboral del magisterio.<\/em><\/strong><\/li><\/ul>\n\n\n\n<p>&nbsp;Luego de un proceso de transparencia y justicia en la asignaci\u00f3n de plazas y las fases de promoci\u00f3n, el Gobernador Joaqu\u00edn D\u00edaz Mena entreg\u00f3 nombramientos y plazas a 136 docentes de educaci\u00f3n inicial, preescolar, primaria, secundaria general, telesecundaria y educaci\u00f3n especial.<\/p>\n\n\n\n<p>&nbsp;Junto al titular de la Secretar\u00eda de Educaci\u00f3n (Segey), Juan Balam V\u00e1rguez, y la presidenta honoraria del Sistema para el Desarrollo Integral de la Familia (DIF) Yucat\u00e1n, la maestra Wendy M\u00e9ndez Naal, el Gobernador convoc\u00f3 a la base magisterial a seguir actualiz\u00e1ndose y estudiando para tener mejores oportunidades, adem\u00e1s de continuar ejerciendo esta labor magisterial con pasi\u00f3n, integridad y amor por nuestra tierra.<\/p>\n\n\n\n<p>&nbsp;&#8220;Ustedes son un ejemplo de que, con esfuerzo y perseverancia, los sue\u00f1os se pueden alcanzar. La educaci\u00f3n no es un trabajo f\u00e1cil; es una tarea que exige entrega, paciencia y amor por el aprendizaje. En sus manos est\u00e1 la construcci\u00f3n de un Yucat\u00e1n m\u00e1s fuerte, m\u00e1s justo y m\u00e1s solidario&#8221;, subray\u00f3.<\/p>\n\n\n\n<figure class=\"wp-block-image size-full\"><img loading=\"lazy\" width=\"400\" height=\"266\" src=\"https:\/\/visionpeninsular.com\/mid\/wp-content\/uploads\/2025\/01\/plazas-4-h.jpg\" alt=\"\" class=\"wp-image-198620\" srcset=\"https:\/\/visionpeninsular.com\/mid\/wp-content\/uploads\/2025\/01\/plazas-4-h.jpg 400w, https:\/\/visionpeninsular.com\/mid\/wp-content\/uploads\/2025\/01\/plazas-4-h-300x200.jpg 300w, https:\/\/visionpeninsular.com\/mid\/wp-content\/uploads\/2025\/01\/plazas-4-h-310x205.jpg 310w\" sizes=\"(max-width: 400px) 100vw, 400px\" \/><\/figure>\n\n\n\n<p>&nbsp;Finalmente, el Gobernador D\u00edaz Mena reiter\u00f3 su compromiso de continuar mejorando la infraestructura en las escuelas, con m\u00e1s equipamiento y una mayor participaci\u00f3n de los padres de familia.<\/p>\n\n\n\n<p>&nbsp;Por su parte, Balam V\u00e1rguez asever\u00f3 que en este Gobierno hay una nota que nos va a distinguir: la transparencia y la justicia en los procesos de asignaci\u00f3n de plazas y en los procesos de promoci\u00f3n horizontal y vertical.<\/p>\n\n\n\n<p>&nbsp;&#8220;Queremos alcanzar mejores niveles de bienestar y certeza laboral que nos permitan realmente ejercer nuestra profesi\u00f3n con la tranquilidad que se requiere y, sobre todo, con el compromiso que esto implica, porque en nuestras manos est\u00e1 el futuro de la ni\u00f1ez, la adolescencia y la juventud de nuestro estado&#8221;, remarc\u00f3.<\/p>\n\n\n\n<figure class=\"wp-block-image size-full\"><img loading=\"lazy\" width=\"400\" height=\"266\" src=\"https:\/\/visionpeninsular.com\/mid\/wp-content\/uploads\/2025\/01\/plazas-3-h.jpg\" alt=\"\" class=\"wp-image-198621\" srcset=\"https:\/\/visionpeninsular.com\/mid\/wp-content\/uploads\/2025\/01\/plazas-3-h.jpg 400w, https:\/\/visionpeninsular.com\/mid\/wp-content\/uploads\/2025\/01\/plazas-3-h-300x200.jpg 300w, https:\/\/visionpeninsular.com\/mid\/wp-content\/uploads\/2025\/01\/plazas-3-h-310x205.jpg 310w\" sizes=\"(max-width: 400px) 100vw, 400px\" \/><\/figure>\n\n\n\n<p>&nbsp;Acompa\u00f1aron al Gobernador Jaime V\u00e1zquez Barcel\u00f3, subsecretario de Educaci\u00f3n B\u00e1sica; Maribel Ayala, presidenta de la Comisi\u00f3n de Educaci\u00f3n en el Congreso del Estado; y Lucy Ca\u00f1edo, directora de Educaci\u00f3n Primaria.<\/p>\n<div class='share-to-whatsapp-wrapper'><div class='share-on-whsp'>Share on: <\/div><a data-text='Entrega Joaqu\u00edn D\u00edaz Mena plazas a 136 docentes yucatecos' data-link='https:\/\/visionpeninsular.com\/mid\/entrega-joaquin-diaz-mena-plazas-a-136-docentes-yucatecos\/' class='whatsapp-button whatsapp-share'>WhatsApp<\/a><div class='clear '><\/div><\/div>","protected":false},"excerpt":{"rendered":"<p>D\u00edaz Mena entreg\u00f3 nombramientos y plazas a maestros de educaci\u00f3n b\u00e1sica. Reiter\u00f3 su compromiso con la transparencia, la mejora de la infraestructura escolar y el bienestar laboral del magisterio. &nbsp;Luego de un proceso de transparencia y justicia en la asignaci\u00f3n de plazas y las fases de promoci\u00f3n, el Gobernador Joaqu\u00edn D\u00edaz Mena entreg\u00f3 nombramientos y &hellip;<\/p>\n","protected":false},"author":5,"featured_media":198619,"comment_status":"open","ping_status":"open","sticky":false,"template":"","format":"standard","meta":{"_mi_skip_tracking":false},"categories":[49,37],"tags":[46216,185,10820,604],"_links":{"self":[{"href":"https:\/\/visionpeninsular.com\/mid\/wp-json\/wp\/v2\/posts\/198617"}],"collection":[{"href":"https:\/\/visionpeninsular.com\/mid\/wp-json\/wp\/v2\/posts"}],"about":[{"href":"https:\/\/visionpeninsular.com\/mid\/wp-json\/wp\/v2\/types\/post"}],"author":[{"embeddable":true,"href":"https:\/\/visionpeninsular.com\/mid\/wp-json\/wp\/v2\/users\/5"}],"replies":[{"embeddable":true,"href":"https:\/\/visionpeninsular.com\/mid\/wp-json\/wp\/v2\/comments?post=198617"}],"version-history":[{"count":1,"href":"https:\/\/visionpeninsular.com\/mid\/wp-json\/wp\/v2\/posts\/198617\/revisions"}],"predecessor-version":[{"id":198622,"href":"https:\/\/visionpeninsular.com\/mid\/wp-json\/wp\/v2\/posts\/198617\/revisions\/198622"}],"wp:featuredmedia":[{"embeddable":true,"href":"https:\/\/visionpeninsular.com\/mid\/wp-json\/wp\/v2\/media\/198619"}],"wp:attachment":[{"href":"https:\/\/visionpeninsular.com\/mid\/wp-json\/wp\/v2\/media?parent=198617"}],"wp:term":[{"taxonomy":"category","embeddable":true,"href":"https:\/\/visionpeninsular.com\/mid\/wp-json\/wp\/v2\/categories?post=198617"},{"taxonomy":"post_tag","embeddable":true,"href":"https:\/\/visionpeninsular.com\/mid\/wp-json\/wp\/v2\/tags?post=198617"}],"curies":[{"name":"wp","href":"https:\/\/api.w.org\/{rel}","templated":true}]}}