{"id":198514,"date":"2025-01-13T18:38:16","date_gmt":"2025-01-14T00:38:16","guid":{"rendered":"https:\/\/visionpeninsular.com\/mid\/?p=198514"},"modified":"2025-01-13T18:38:18","modified_gmt":"2025-01-14T00:38:18","slug":"a-finales-de-este-2025-abriria-sus-puertas-el-teatro-jose-peon-contreras-inah","status":"publish","type":"post","link":"https:\/\/visionpeninsular.com\/mid\/a-finales-de-este-2025-abriria-sus-puertas-el-teatro-jose-peon-contreras-inah\/","title":{"rendered":"A finales de este 2025 abrir\u00eda sus puertas el Teatro Jos\u00e9 Pe\u00f3n Contreras; INAH"},"content":{"rendered":"\n<p>La titular del Instituto Nacional de Antropolog\u00eda e Historia (INAH) en Yucat\u00e1n, Anna Goycoolea Art\u00eds, inform\u00f3 la posibilidad de reapertura del Teatro Jos\u00e9 Pe\u00f3n Contreras a finales de este a\u00f1o, debido a que las labores de restauraci\u00f3n que comenz\u00f3 luego del incendio del 1 de noviembre de 2022, continuar\u00e1 por 10m meses m\u00e1s, por lo que entgre noviembre y diciembre del presente a\u00f1o, estar\u00eda ya lista la obra de restauraci\u00f3n.<\/p>\n\n\n\n<p>&nbsp;\u201cEl Pe\u00f3n Contreras sigue avanzando pero como se sabe, es un teatro que tiene una complejidad grande para estas obras de restauraci\u00f3n, por lo tanto va a llevar m\u00e1s tiempo. Se sigue trabajando minuciosamente, est\u00e1n haciendo un gran trabajo los restauradores del Mural de las Musas. Todav\u00eda vamos a tardar aproximadamente unos 10 meses m\u00e1s en poder terminar\u201d, explic\u00f3.<\/p>\n\n\n\n<p>Remarc\u00f3 que se realiza un trabajo multidisciplinario en el que se invierten 120 millones de pesos, para la restauraci\u00f3n, remozamiento, rehabilitaci\u00f3n y equipamiento, debido a los da\u00f1os que el inmueble sufri\u00f3 a consecuencia del siniestro.<\/p>\n\n\n\n<p>Como se inform\u00f3 en su oportunidad, el 1 de noviembre de 2022, en el Teatro Jos\u00e9 Pe\u00f3n Contreras, ubicado en la calle 60 con 57 del Centro Hist\u00f3rico de M\u00e9rida se registr\u00f3 un incendio que da\u00f1\u00f3 estructuras del edificio y la c\u00fapula central del considerado recinto cultural m\u00e1s importante del Estado.<\/p>\n\n\n\n<p>El siniestro ocasion\u00f3 principalmente deterioros en el tercer nivel del teatro, en la zona cercana en donde inici\u00f3. Los da\u00f1os &nbsp;m\u00e1s evidentes se detectaron en los elementos decorativos del recinto: el mural de la c\u00fapula y las yeser\u00edas integradas en la arquitectura de las \u00e1reas afectadas.<\/p>\n\n\n\n<p>Luego de una evaluaci\u00f3n a cargo de un comit\u00e9 de expertos del INAH de la Ciudad de M\u00e9xico, en febrero de este a\u00f1o iniciaron los trabajos de restauraci\u00f3n.<\/p>\n\n\n\n<p>La rehabilitaci\u00f3n del recinto cultural se plante\u00f3 en tres etapas: en la primera etapa se trabajar\u00eda en las galer\u00edas, el \u00e1rea de acceso y la escalinata principal. En la segunda etapa, se intervendr\u00eda la gran galer\u00eda, y en la \u00faltima parte, la c\u00fapula y los elementos decorativos, los cuales son patrimonio art\u00edstico e hist\u00f3rico. Esta \u00faltima etapa inici\u00f3 en diciembre de 2024.<\/p>\n\n\n\n<p>El Gobierno del Estado invirti\u00f3 en una primera fase 13 millones 300 mil pesos, a cargo de un par de empresas contratadas a trav\u00e9s de adjudicaciones directas.<\/p>\n\n\n\n<p>Incluso, a pesar que el inmueble est\u00e1 cerrado al p\u00fablico, el Ejecutivo erog\u00f3 654 mil 928.9 pesos, para el pago de servicios de recolecta de residuos s\u00f3lidos as\u00ed como de vigilancia y seguridad, cuyos contratos asignados de manera directa a partir de 2023 y los cuales vencen el 31 de diciembre de 2024.<\/p>\n\n\n\n<p>El Teatro Jos\u00e9 Pe\u00f3n Contreras, inaugurado el 21 de diciembre de 1908, fue dise\u00f1ado por los arquitectos P\u00edo Piacentini, Enrico Deserti y Fernando Ceicola y tiene capacidad para 837 localidades numeradas: 301 fijas y 536 m\u00f3viles.<\/p>\n<div class='share-to-whatsapp-wrapper'><div class='share-on-whsp'>Share on: <\/div><a data-text='A finales de este 2025 abrir\u00eda sus puertas el Teatro Jos\u00e9 Pe\u00f3n Contreras; INAH' data-link='https:\/\/visionpeninsular.com\/mid\/a-finales-de-este-2025-abriria-sus-puertas-el-teatro-jose-peon-contreras-inah\/' class='whatsapp-button whatsapp-share'>WhatsApp<\/a><div class='clear '><\/div><\/div>","protected":false},"excerpt":{"rendered":"<p>La titular del Instituto Nacional de Antropolog\u00eda e Historia (INAH) en Yucat\u00e1n, Anna Goycoolea Art\u00eds, inform\u00f3 la posibilidad de reapertura del Teatro Jos\u00e9 Pe\u00f3n Contreras a finales de este a\u00f1o, debido a que las labores de restauraci\u00f3n que comenz\u00f3 luego del incendio del 1 de noviembre de 2022, continuar\u00e1 por 10m meses m\u00e1s, por lo &hellip;<\/p>\n","protected":false},"author":5,"featured_media":198516,"comment_status":"open","ping_status":"open","sticky":false,"template":"","format":"standard","meta":{"_mi_skip_tracking":false},"categories":[50,37],"tags":[1306,46163,46162],"_links":{"self":[{"href":"https:\/\/visionpeninsular.com\/mid\/wp-json\/wp\/v2\/posts\/198514"}],"collection":[{"href":"https:\/\/visionpeninsular.com\/mid\/wp-json\/wp\/v2\/posts"}],"about":[{"href":"https:\/\/visionpeninsular.com\/mid\/wp-json\/wp\/v2\/types\/post"}],"author":[{"embeddable":true,"href":"https:\/\/visionpeninsular.com\/mid\/wp-json\/wp\/v2\/users\/5"}],"replies":[{"embeddable":true,"href":"https:\/\/visionpeninsular.com\/mid\/wp-json\/wp\/v2\/comments?post=198514"}],"version-history":[{"count":1,"href":"https:\/\/visionpeninsular.com\/mid\/wp-json\/wp\/v2\/posts\/198514\/revisions"}],"predecessor-version":[{"id":198517,"href":"https:\/\/visionpeninsular.com\/mid\/wp-json\/wp\/v2\/posts\/198514\/revisions\/198517"}],"wp:featuredmedia":[{"embeddable":true,"href":"https:\/\/visionpeninsular.com\/mid\/wp-json\/wp\/v2\/media\/198516"}],"wp:attachment":[{"href":"https:\/\/visionpeninsular.com\/mid\/wp-json\/wp\/v2\/media?parent=198514"}],"wp:term":[{"taxonomy":"category","embeddable":true,"href":"https:\/\/visionpeninsular.com\/mid\/wp-json\/wp\/v2\/categories?post=198514"},{"taxonomy":"post_tag","embeddable":true,"href":"https:\/\/visionpeninsular.com\/mid\/wp-json\/wp\/v2\/tags?post=198514"}],"curies":[{"name":"wp","href":"https:\/\/api.w.org\/{rel}","templated":true}]}}