{"id":198476,"date":"2025-01-11T14:19:16","date_gmt":"2025-01-11T20:19:16","guid":{"rendered":"https:\/\/visionpeninsular.com\/mid\/?p=198476"},"modified":"2025-01-11T14:19:19","modified_gmt":"2025-01-11T20:19:19","slug":"siguen-las-celebraciones-para-merida-con-homenajes-teatro-y-musica","status":"publish","type":"post","link":"https:\/\/visionpeninsular.com\/mid\/siguen-las-celebraciones-para-merida-con-homenajes-teatro-y-musica\/","title":{"rendered":"Siguen las celebraciones para M\u00e9rida con homenajes, teatro y m\u00fasica"},"content":{"rendered":"\n<p>El Museo de la Ciudad es un elemento cultural de gran importancia para M\u00e9rida, tanto por sus caracter\u00edsticas arquitect\u00f3nicas y por su valor hist\u00f3rico. Por ello este mes de enero el espacio decidi\u00f3 dedicar su Pieza del Mes a una exposici\u00f3n en el que sobresalen las caracter\u00edsticas del edificio, belleza y solidez con la que fue edificado.<\/p>\n\n\n\n<p>La muestra se abri\u00f3 esta ma\u00f1ana en el marco de los festejos del M\u00e9rida Fest 2025 y la conforman obras pict\u00f3ricas y fotograf\u00edas gracias al apoyo de la Fototeca Pedro Guerra de la UADY y al Colectivo de Mujeres Pintoras que coordina el maestro May Til\u00e1n.<\/p>\n\n\n\n<p>En dos fotograf\u00edas se observan la fachada frontal del antiguo Palacio Federal -donde actualmente funciona el museo-, y en la otra una vista lateral del costado oriente, tomadas en 1913 y 1908, respectivamente, explic\u00f3 Cynthia Cruz, encargada de la Fototeca.<\/p>\n\n\n\n<p>Para complementar la exposici\u00f3n se invit\u00f3 a cuatro artistas que realizaron una reinterpretaci\u00f3n pict\u00f3rica de la fachada del emblem\u00e1tico edificio con diferentes t\u00e9cnicas, colores y texturas.<\/p>\n\n\n\n<p>Beatriz Brown titul\u00f3 su obra \u201cAntiguo Palacio Federal\u201d, Cyntika captur\u00f3 un \u201cAtardecer en el Palacio Federal de M\u00e9rida\u201d, ambas en la t\u00e9cnica de \u00f3leo sobre tela. Clarisa Alamilla participa con \u201cEco de lo cotidiano\u201d (t\u00e9cnica mixta) y Linha Violeta Noh Guerra, con \u201cSombras de ayer\u201d (acr\u00edlico sobre lienzo); todas las obras se elaboraron en el 2024.<\/p>\n\n\n\n<p>Museo de la Ciudad de M\u00e9ridaLa pieza del mes se acompa\u00f1a de un texto de sala que hace un recuento hist\u00f3rico del Ex Palacio Federal de Correos, dise\u00f1ado y construido por el Ingeniero militar Salvador Echegaray. El inmueble ha sufrido algunas modificaciones y tenido varios usos.<\/p>\n\n\n\n<p>El museo funcionaba antes en La Capilla (ubicada frente a la Catedral de M\u00e9rida) y desde hace 18 a\u00f1os se traslad\u00f3 a la sede actual en el edificio de Ex Correos. Actualmente en el recinto cultural se puede disfrutar un mosaico cultural de c\u00f3mo ha evolucionado la ciudad, desde la M\u00e9rida prehisp\u00e1nica hasta la M\u00e9rida del siglo XX a trav\u00e9s de cuatro salas en las que se exhiben m\u00e1s de 280 piezas arqueol\u00f3gicas de gran valor hist\u00f3rico y est\u00e9tico. A estas se suma las exposiciones temporales de artistas con obras que reafirman la identidad regional y las colecciones de la Pieza del mes.<\/p>\n\n\n\n<figure class=\"wp-block-image size-full\"><img loading=\"lazy\" width=\"400\" height=\"225\" src=\"https:\/\/visionpeninsular.com\/mid\/wp-content\/uploads\/2025\/01\/pieza-del-mes.jpg\" alt=\"\" class=\"wp-image-198479\" srcset=\"https:\/\/visionpeninsular.com\/mid\/wp-content\/uploads\/2025\/01\/pieza-del-mes.jpg 400w, https:\/\/visionpeninsular.com\/mid\/wp-content\/uploads\/2025\/01\/pieza-del-mes-300x169.jpg 300w\" sizes=\"(max-width: 400px) 100vw, 400px\" \/><\/figure>\n\n\n\n<p><strong>Museo de la Ciudad de M\u00e9rida<\/strong><\/p>\n\n\n\n<p>La entrada al museo es gratuita y abre de martes a viernes de 9 de la ma\u00f1ana a 6 de la tarde, s\u00e1bados y domingos de 9 a.m. a 2 p.m.<\/p>\n\n\n\n<p>En el acto de apertura estuvieron tambi\u00e9n presentes Jos\u00e9 Manuel Civeira, Jefe de Museos: Josu\u00e9 Morelos Echeverr\u00eda, Subdirector de Conservaci\u00f3n y Difusi\u00f3n Patrimonial, y las expositoras.<\/p>\n\n\n\n<p><strong>Actividades del M\u00e9rida Fest 2025<\/strong><\/p>\n\n\n\n<p>Por otro lado, en el primer fin de semana de actividades del M\u00e9rida Fest 2025 se presentar\u00e1n proyectos seleccionados de la convocatoria del festival de la ciudad.<\/p>\n\n\n\n<p>La tradicional Biciruta Nocturna se realizar\u00e1 ma\u00f1ana s\u00e1bado 11 y el derrotero ser\u00e1 del Monumento a la Patria al Remate del Paseo de Montejo para todos los asistentes. Por esta ocasi\u00f3n se podr\u00e1 disfrutar una representaci\u00f3n especial del juego de pelota maya \u201cPok Ta Pok\u201d , teniendo como fondo el videomapping \u201cIsla de Luz\u201d a las 8 de la noche.<\/p>\n\n\n\n<p>Entre los proyectos que se podr\u00e1n disfrutar est\u00e1n \u201cDe la isla a la Pen\u00ednsula\u201d con el grupo Yucat\u00e1n Ska Jazz Foundation; \u201cSujuy Ja\u2019\u201d (Agua Sagrada) del Word \u00d3pera Lab, y \u201c337 kM\u201d, obra sobre el autismo de Mitos Teatro.<\/p>\n\n\n\n<p>Tambi\u00e9n se presentar\u00e1n proyectos invitados del festival como \u201cCuervo Cuervo\u201d, una fusi\u00f3n de m\u00fasica electr\u00f3nica psicod\u00e9lica con Agust\u00edn Ganem y Benjam\u00edn Hill; \u201cChich\u00e9n de Fuego\u201d, espect\u00e1culo ritual de danza y m\u00fasica prehisp\u00e1nica en vivo;&nbsp; el homenaje a Luis P\u00e9rez Sabido por una vida dedicada en la cultura (con poemas y canciones), \u201cEntre sue\u00f1os y emociones\u201d (concierto de piano y acompa\u00f1amiento electr\u00f3nico con Blanca Fuentes)&nbsp; y el esperado concierto masivo de la cantante Mon Laferte, este \u00faltimo a realizarse este domingo a partir de las 8 de la noche en la Plaza Grande.<\/p>\n\n\n\n<figure class=\"wp-block-image size-full\"><img loading=\"lazy\" width=\"400\" height=\"277\" src=\"https:\/\/visionpeninsular.com\/mid\/wp-content\/uploads\/2025\/01\/plaza-grande.jpg\" alt=\"\" class=\"wp-image-198480\" srcset=\"https:\/\/visionpeninsular.com\/mid\/wp-content\/uploads\/2025\/01\/plaza-grande.jpg 400w, https:\/\/visionpeninsular.com\/mid\/wp-content\/uploads\/2025\/01\/plaza-grande-300x208.jpg 300w, https:\/\/visionpeninsular.com\/mid\/wp-content\/uploads\/2025\/01\/plaza-grande-110x75.jpg 110w\" sizes=\"(max-width: 400px) 100vw, 400px\" \/><\/figure>\n\n\n\n<p>El lunes 13 M\u00e9rida se vestir\u00e1 de colores y ritmos con la tradicional \u201cMagna Vaquer\u00eda\u201d en bajos del Palacio Municipal, a la cual se espera&nbsp; a un centenar de participantes, entre integrantes de los Ballets Folcl\u00f3ricos Infantil, Juvenil, Titular, Representativo y del Adulto Mayor y la Orquesta Jaranera del Ayuntamiento de M\u00e9rida.<\/p>\n\n\n\n<p>Para resaltar las tradiciones y costumbres, los bailarines danzar\u00e1n durante una hora, a partir de las 9 de la noche, con diferentes ritmos de jarana con temas como \u201cAngaripola\u201d, \u201cAires Yucatecos\u201d, \u201cLa Mestiza\u201d, \u201cChinito Koy KoY\u201d hasta suertes de la vaquer\u00eda y \u201cEl Torito\u201d.<\/p>\n\n\n\n<p>Las actividades del M\u00e9rida Fest se extender\u00e1n hasta el domingo 26 de enero y en la liga https:\/\/merida.gob.mx\/meridafest\/ pueden consultarse.<\/p>\n<div class='share-to-whatsapp-wrapper'><div class='share-on-whsp'>Share on: <\/div><a data-text='Siguen las celebraciones para M\u00e9rida con homenajes, teatro y m\u00fasica' data-link='https:\/\/visionpeninsular.com\/mid\/siguen-las-celebraciones-para-merida-con-homenajes-teatro-y-musica\/' class='whatsapp-button whatsapp-share'>WhatsApp<\/a><div class='clear '><\/div><\/div>","protected":false},"excerpt":{"rendered":"<p>El Museo de la Ciudad es un elemento cultural de gran importancia para M\u00e9rida, tanto por sus caracter\u00edsticas arquitect\u00f3nicas y por su valor hist\u00f3rico. Por ello este mes de enero el espacio decidi\u00f3 dedicar su Pieza del Mes a una exposici\u00f3n en el que sobresalen las caracter\u00edsticas del edificio, belleza y solidez con la que &hellip;<\/p>\n","protected":false},"author":5,"featured_media":198478,"comment_status":"open","ping_status":"open","sticky":false,"template":"","format":"standard","meta":{"_mi_skip_tracking":false},"categories":[49,37],"tags":[41,2757,46107,6572,46146],"_links":{"self":[{"href":"https:\/\/visionpeninsular.com\/mid\/wp-json\/wp\/v2\/posts\/198476"}],"collection":[{"href":"https:\/\/visionpeninsular.com\/mid\/wp-json\/wp\/v2\/posts"}],"about":[{"href":"https:\/\/visionpeninsular.com\/mid\/wp-json\/wp\/v2\/types\/post"}],"author":[{"embeddable":true,"href":"https:\/\/visionpeninsular.com\/mid\/wp-json\/wp\/v2\/users\/5"}],"replies":[{"embeddable":true,"href":"https:\/\/visionpeninsular.com\/mid\/wp-json\/wp\/v2\/comments?post=198476"}],"version-history":[{"count":1,"href":"https:\/\/visionpeninsular.com\/mid\/wp-json\/wp\/v2\/posts\/198476\/revisions"}],"predecessor-version":[{"id":198481,"href":"https:\/\/visionpeninsular.com\/mid\/wp-json\/wp\/v2\/posts\/198476\/revisions\/198481"}],"wp:featuredmedia":[{"embeddable":true,"href":"https:\/\/visionpeninsular.com\/mid\/wp-json\/wp\/v2\/media\/198478"}],"wp:attachment":[{"href":"https:\/\/visionpeninsular.com\/mid\/wp-json\/wp\/v2\/media?parent=198476"}],"wp:term":[{"taxonomy":"category","embeddable":true,"href":"https:\/\/visionpeninsular.com\/mid\/wp-json\/wp\/v2\/categories?post=198476"},{"taxonomy":"post_tag","embeddable":true,"href":"https:\/\/visionpeninsular.com\/mid\/wp-json\/wp\/v2\/tags?post=198476"}],"curies":[{"name":"wp","href":"https:\/\/api.w.org\/{rel}","templated":true}]}}