{"id":198444,"date":"2025-01-10T13:01:11","date_gmt":"2025-01-10T19:01:11","guid":{"rendered":"https:\/\/visionpeninsular.com\/mid\/?p=198444"},"modified":"2025-01-10T13:01:14","modified_gmt":"2025-01-10T19:01:14","slug":"yucatan-aliado-en-la-construccion-de-un-entorno-mas-sustentable-para-mexico","status":"publish","type":"post","link":"https:\/\/visionpeninsular.com\/mid\/yucatan-aliado-en-la-construccion-de-un-entorno-mas-sustentable-para-mexico\/","title":{"rendered":"Yucat\u00e1n, aliado en la construcci\u00f3n de un entorno m\u00e1s sustentable para M\u00e9xico"},"content":{"rendered":"\n<ul><li><strong>El Gobernador Joaqu\u00edn D\u00edaz Mena y la titular de la Semarnat, Alicia B\u00e1rcena Ibarra, encabezaron el Foro de Consulta a la Sociedad en el Marco de la Elaboraci\u00f3n del Plan Nacional de Desarrollo 2025-2030.<\/strong><\/li><\/ul>\n\n\n\n<p>&nbsp;&#8220;Desde Yucat\u00e1n, estamos comprometidos en ser un modelo de desarrollo sustentable para el resto del pa\u00eds&#8221;, asever\u00f3 el Gobernador Joaqu\u00edn D\u00edaz Mena al encabezar el Foro de Consulta a la Sociedad en el Marco de la Elaboraci\u00f3n del Plan Nacional de Desarrollo 2025-2030.<\/p>\n\n\n\n<p>&nbsp;Junto a la titular de la Secretar\u00eda de Medio Ambiente y Recursos Naturales (Semarnat), Alicia B\u00e1rcena Ibarra, D\u00edaz Mena dio inicio en Yucat\u00e1n a los foros para la elaboraci\u00f3n de este Plan Nacional, en su vertiente de desarrollo sustentable.<\/p>\n\n\n\n<p>&nbsp;D\u00edaz Mena adelant\u00f3 que en breve cumplir\u00e1 con su compromiso de campa\u00f1a de sembrar dos \u00e1rboles por cada voto recibido.<\/p>\n\n\n\n<p>D\u00edaz Mena subray\u00f3 que, a trav\u00e9s de programas de manejo forestal comunitario, la promoci\u00f3n del ecoturismo y los esfuerzos por preservar las tradiciones mayas, se demuestra que es posible crecer econ\u00f3micamente sin sacrificar la herencia cultural y el entorno natural.<\/p>\n\n\n\n<p>&#8220;Este compromiso se basa en la convicci\u00f3n de que el desarrollo no puede ser entendido como un fin en s\u00ed mismo, sino como un medio para garantizar el bienestar de las personas y la protecci\u00f3n de los ecosistemas que nos sustentan. Hoy m\u00e1s que nunca necesitamos un enfoque inclusivo y participativo para enfrentar los desaf\u00edos que tenemos por delante&#8221;, remarc\u00f3.<\/p>\n\n\n\n<figure class=\"wp-block-image size-full\"><img loading=\"lazy\" width=\"400\" height=\"266\" src=\"https:\/\/visionpeninsular.com\/mid\/wp-content\/uploads\/2025\/01\/semarhuacho.jpg\" alt=\"\" class=\"wp-image-198447\" srcset=\"https:\/\/visionpeninsular.com\/mid\/wp-content\/uploads\/2025\/01\/semarhuacho.jpg 400w, https:\/\/visionpeninsular.com\/mid\/wp-content\/uploads\/2025\/01\/semarhuacho-300x200.jpg 300w, https:\/\/visionpeninsular.com\/mid\/wp-content\/uploads\/2025\/01\/semarhuacho-310x205.jpg 310w\" sizes=\"(max-width: 400px) 100vw, 400px\" \/><\/figure>\n\n\n\n<p>&nbsp;Al adelantar que Yucat\u00e1n ser\u00e1 el pr\u00f3ximo estado donde se firmar\u00e1 el derecho al agua y la sustentabilidad, B\u00e1rcena Ibarra reiter\u00f3 el compromiso federal de proteger el 30% del territorio nacional para 2030, lo que implica generar m\u00e1s \u00e1reas naturales protegidas.<\/p>\n\n\n\n<p>&nbsp;Acompa\u00f1aron al Gobernador la alcaldesa de M\u00e9rida, Cecilia Patr\u00f3n Laviada; los senadores Ver\u00f3nica Camino Farjat y Jorge Carlos Ram\u00edrez Mar\u00edn; los legisladores federales \u00d3scar Brito Zapata y Jorge S\u00e1nchez Reyes; la titular de la Secretar\u00eda de Desarrollo Sustentable, Federica Quijano Tapia; los presidentes de la C\u00e1mara Nacional de Comercio, Servicios y Turismo (Canaco-Servytur), Levi Abraham Macari, y de la Asociaci\u00f3n Mexicana de Hoteles en Yucat\u00e1n, Juan Jos\u00e9 Mart\u00edn Pacheco; as\u00ed como la representante de Grupo Mieles Mayas, Ana Rosa Parra Canto.<\/p>\n<div class='share-to-whatsapp-wrapper'><div class='share-on-whsp'>Share on: <\/div><a data-text='Yucat\u00e1n, aliado en la construcci\u00f3n de un entorno m\u00e1s sustentable para M\u00e9xico' data-link='https:\/\/visionpeninsular.com\/mid\/yucatan-aliado-en-la-construccion-de-un-entorno-mas-sustentable-para-mexico\/' class='whatsapp-button whatsapp-share'>WhatsApp<\/a><div class='clear '><\/div><\/div>","protected":false},"excerpt":{"rendered":"<p>El Gobernador Joaqu\u00edn D\u00edaz Mena y la titular de la Semarnat, Alicia B\u00e1rcena Ibarra, encabezaron el Foro de Consulta a la Sociedad en el Marco de la Elaboraci\u00f3n del Plan Nacional de Desarrollo 2025-2030. &nbsp;&#8220;Desde Yucat\u00e1n, estamos comprometidos en ser un modelo de desarrollo sustentable para el resto del pa\u00eds&#8221;, asever\u00f3 el Gobernador Joaqu\u00edn D\u00edaz &hellip;<\/p>\n","protected":false},"author":5,"featured_media":198446,"comment_status":"open","ping_status":"open","sticky":false,"template":"","format":"standard","meta":{"_mi_skip_tracking":false},"categories":[49,37],"tags":[42915,185,10820,379],"_links":{"self":[{"href":"https:\/\/visionpeninsular.com\/mid\/wp-json\/wp\/v2\/posts\/198444"}],"collection":[{"href":"https:\/\/visionpeninsular.com\/mid\/wp-json\/wp\/v2\/posts"}],"about":[{"href":"https:\/\/visionpeninsular.com\/mid\/wp-json\/wp\/v2\/types\/post"}],"author":[{"embeddable":true,"href":"https:\/\/visionpeninsular.com\/mid\/wp-json\/wp\/v2\/users\/5"}],"replies":[{"embeddable":true,"href":"https:\/\/visionpeninsular.com\/mid\/wp-json\/wp\/v2\/comments?post=198444"}],"version-history":[{"count":1,"href":"https:\/\/visionpeninsular.com\/mid\/wp-json\/wp\/v2\/posts\/198444\/revisions"}],"predecessor-version":[{"id":198448,"href":"https:\/\/visionpeninsular.com\/mid\/wp-json\/wp\/v2\/posts\/198444\/revisions\/198448"}],"wp:featuredmedia":[{"embeddable":true,"href":"https:\/\/visionpeninsular.com\/mid\/wp-json\/wp\/v2\/media\/198446"}],"wp:attachment":[{"href":"https:\/\/visionpeninsular.com\/mid\/wp-json\/wp\/v2\/media?parent=198444"}],"wp:term":[{"taxonomy":"category","embeddable":true,"href":"https:\/\/visionpeninsular.com\/mid\/wp-json\/wp\/v2\/categories?post=198444"},{"taxonomy":"post_tag","embeddable":true,"href":"https:\/\/visionpeninsular.com\/mid\/wp-json\/wp\/v2\/tags?post=198444"}],"curies":[{"name":"wp","href":"https:\/\/api.w.org\/{rel}","templated":true}]}}