{"id":198407,"date":"2025-01-09T18:21:30","date_gmt":"2025-01-10T00:21:30","guid":{"rendered":"https:\/\/visionpeninsular.com\/mid\/?p=198407"},"modified":"2025-01-09T18:21:33","modified_gmt":"2025-01-10T00:21:33","slug":"el-gobierno-del-renacimiento-maya-atiende-las-necesidades-del-pueblo-yucateco","status":"publish","type":"post","link":"https:\/\/visionpeninsular.com\/mid\/el-gobierno-del-renacimiento-maya-atiende-las-necesidades-del-pueblo-yucateco\/","title":{"rendered":"El Gobierno del Renacimiento Maya atiende las necesidades del pueblo yucateco"},"content":{"rendered":"\n<ul><li><strong><em>Encabeza el Gobernador Joaqu\u00edn D\u00edaz Mena las primeras Audiencias con el Pueblo del a\u00f1o 2025.<\/em><\/strong><\/li><\/ul>\n\n\n\n<p>&nbsp;Con un Palacio de Gobierno a puertas abiertas, el Gobernador Joaqu\u00edn D\u00edaz Mena y la presidenta honoraria del Sistema para el Desarrollo Integral de la Familia (DIF) Yucat\u00e1n, la maestra Wendy M\u00e9ndez Naal, encabezaron la primera jornada del 2025 de Audiencias con el Pueblo, en donde atendieron las preocupaciones y necesidades m\u00e1s sentidas de los yucatecos, ejercicio que reafirma el compromiso de construir el Renacimiento Maya con cercan\u00eda y justicia social.<\/p>\n\n\n\n<p>&nbsp;En el marco del cumplimiento de los primeros 100 d\u00edas de su administraci\u00f3n, el mandatario estatal y la presidenta honoraria del DIF Yucat\u00e1n se instalaron en el patio central de la sede del Ejecutivo, junto con los titulares de las dependencias de la administraci\u00f3n estatal e instancias federales, para recibir personalmente a gente de todo el estado y escuchar sus requerimientos personales y los de sus comunidades, reiterando su compromiso de trabajar por y para el pueblo.<\/p>\n\n\n\n<p>&nbsp;&#8220;Estamos aqu\u00ed para atenderles. Nos comprometimos a que no descansaremos un solo d\u00eda hasta llevar bienestar a todas las familias de Yucat\u00e1n y as\u00ed lo seguiremos haciendo por los siguientes 6 a\u00f1os&#8221;, afirm\u00f3.<\/p>\n\n\n\n<p>&nbsp;&#8220;Estamos aqu\u00ed para atenderles porque nosotros, los funcionarios p\u00fablicos, estamos para servirles con humildad a todos los yucatecos y mexicanos&#8221;.<\/p>\n\n\n\n<p>&nbsp;Aurora del Carmen Chel Iuit estuvo entre los yucatecos que fueron atendidos durante esta jornada. La originaria de Abal\u00e1 acudi\u00f3 a solicitar el apoyo del Gobernador para que finalmente pueda recibir su pensi\u00f3n de viudez, ya que hace 8 a\u00f1os falleci\u00f3 su esposo, pero debido a temas jur\u00eddicos no ha podido acceder a este beneficio.<\/p>\n\n\n\n<p>&nbsp;La mujer expres\u00f3 que para ella es importante recibir la pensi\u00f3n, ya que tiene bajo su cargo a su hija con hidrocefalia y epilepsia. Por ello, agradeci\u00f3 al mandatario estatal por este espacio para escuchar a la gente.<\/p>\n\n\n\n<p>Juliana May Moreno, quien se dio cita para pedir apoyo en materia de vivienda, afirm\u00f3 que es la primera vez que ve que un Gobernador est\u00e1 actuando como debe ser, es decir, orientado a las necesidades de la gente.<\/p>\n\n\n\n<p>&nbsp;Desde esta ma\u00f1ana y hasta que sea atendida la \u00faltima persona, el Gobernador Joaqu\u00edn D\u00edaz Mena estar\u00e1 atendiendo las necesidades de los yucatecos, tal como se comprometi\u00f3 al encabezar un Gobierno que d\u00e9 prioridad a la cercan\u00eda con la gente y la participaci\u00f3n del pueblo yucateco.<\/p>\n<div class='share-to-whatsapp-wrapper'><div class='share-on-whsp'>Share on: <\/div><a data-text='El Gobierno del Renacimiento Maya atiende las necesidades del pueblo yucateco' data-link='https:\/\/visionpeninsular.com\/mid\/el-gobierno-del-renacimiento-maya-atiende-las-necesidades-del-pueblo-yucateco\/' class='whatsapp-button whatsapp-share'>WhatsApp<\/a><div class='clear '><\/div><\/div>","protected":false},"excerpt":{"rendered":"<p>Encabeza el Gobernador Joaqu\u00edn D\u00edaz Mena las primeras Audiencias con el Pueblo del a\u00f1o 2025. &nbsp;Con un Palacio de Gobierno a puertas abiertas, el Gobernador Joaqu\u00edn D\u00edaz Mena y la presidenta honoraria del Sistema para el Desarrollo Integral de la Familia (DIF) Yucat\u00e1n, la maestra Wendy M\u00e9ndez Naal, encabezaron la primera jornada del 2025 de &hellip;<\/p>\n","protected":false},"author":5,"featured_media":198409,"comment_status":"open","ping_status":"open","sticky":false,"template":"","format":"standard","meta":{"_mi_skip_tracking":false},"categories":[49,37],"tags":[45151,185,10820],"_links":{"self":[{"href":"https:\/\/visionpeninsular.com\/mid\/wp-json\/wp\/v2\/posts\/198407"}],"collection":[{"href":"https:\/\/visionpeninsular.com\/mid\/wp-json\/wp\/v2\/posts"}],"about":[{"href":"https:\/\/visionpeninsular.com\/mid\/wp-json\/wp\/v2\/types\/post"}],"author":[{"embeddable":true,"href":"https:\/\/visionpeninsular.com\/mid\/wp-json\/wp\/v2\/users\/5"}],"replies":[{"embeddable":true,"href":"https:\/\/visionpeninsular.com\/mid\/wp-json\/wp\/v2\/comments?post=198407"}],"version-history":[{"count":1,"href":"https:\/\/visionpeninsular.com\/mid\/wp-json\/wp\/v2\/posts\/198407\/revisions"}],"predecessor-version":[{"id":198410,"href":"https:\/\/visionpeninsular.com\/mid\/wp-json\/wp\/v2\/posts\/198407\/revisions\/198410"}],"wp:featuredmedia":[{"embeddable":true,"href":"https:\/\/visionpeninsular.com\/mid\/wp-json\/wp\/v2\/media\/198409"}],"wp:attachment":[{"href":"https:\/\/visionpeninsular.com\/mid\/wp-json\/wp\/v2\/media?parent=198407"}],"wp:term":[{"taxonomy":"category","embeddable":true,"href":"https:\/\/visionpeninsular.com\/mid\/wp-json\/wp\/v2\/categories?post=198407"},{"taxonomy":"post_tag","embeddable":true,"href":"https:\/\/visionpeninsular.com\/mid\/wp-json\/wp\/v2\/tags?post=198407"}],"curies":[{"name":"wp","href":"https:\/\/api.w.org\/{rel}","templated":true}]}}