{"id":198211,"date":"2025-01-04T13:44:44","date_gmt":"2025-01-04T19:44:44","guid":{"rendered":"https:\/\/visionpeninsular.com\/mid\/?p=198211"},"modified":"2025-01-04T13:44:47","modified_gmt":"2025-01-04T19:44:47","slug":"mas-de-cien-trovadores-le-cantaran-a-merida","status":"publish","type":"post","link":"https:\/\/visionpeninsular.com\/mid\/mas-de-cien-trovadores-le-cantaran-a-merida\/","title":{"rendered":"M\u00e1s de cien  trovadores le cantar\u00e1n a M\u00e9rida"},"content":{"rendered":"\n<p>Las tres primeras semanas del a\u00f1o, M\u00e9rida se convertir\u00e1 en centro de atenci\u00f3n con una amplia oferta de actividades, artistas de nueve pa\u00edses invitados y el talento de la comunidad art\u00edstica.<\/p>\n\n\n\n<p>Del 5 al 26 de enero, el Ayuntamiento de M\u00e9rida que encabeza Cecilia Patr\u00f3n Laviada celebrar\u00e1 los 483 a\u00f1os de fundaci\u00f3n de la ciudad fomentando la convivencia, la participaci\u00f3n ciudadana y el disfrute de las artes para todas y todos.<\/p>\n\n\n\n<p>La tradicional callejoneada y alborada con la que dan inicio los festejos a M\u00e9rida comenzar\u00e1 el domingo 5 de enero a las 10 de la noche en el parque de Santa Luc\u00eda con un concierto con el tr\u00edo Trovanova.<\/p>\n\n\n\n<p>De manera simult\u00e1nea se presentar\u00e1 Reyna Adriana en la tarima principal en bajos del Palacio Municipal.<\/p>\n\n\n\n<p>Alborada con trovadores<\/p>\n\n\n\n<p>A las 11:15 de la noche est\u00e1 previsto el recorrido con integrantes de las cuatro Asociaciones de Trovadores de M\u00e9rida: \u201cPastor Cervera\u201d, \u201cPepe Dom\u00ednguez\u201d, \u201cArmando Manzanero\u201d y la \u201cGuty C\u00e1rdenas\u201d, que partir\u00e1 de Santa Luc\u00eda rumbo a la Plaza Grande.<\/p>\n\n\n\n<p>Se espera a m\u00e1s de un centenar de trovadores, integrantes de los ballets folcl\u00f3ricos del Ayuntamiento de M\u00e9rida y autoridades del municipio.<\/p>\n\n\n\n<p>Una vez en el escenario principal cada grupo interpretar\u00e1 dos temas tradicionales: Acuarela y Peregrina, M\u00e9rida y Mi M\u00e9rida, M\u00e9rida Colonial y Solo T\u00fa, Flor con alma y En tus ojos, para que a la medianoche todos entonen las ma\u00f1anitas a M\u00e9rida. La velada finalizar\u00e1 con pirotecnia.<\/p>\n\n\n\n<p>El mismo domingo se abre la exposici\u00f3n \u201cMeztli. Sombras y reflejos\u201d de las artistas mexicanas Betzabe\u00e9 Romero y Annalisa Quagliata, en Filux Lab, en un encuentro entre lo artesanal y tradicional y lo digital.<\/p>\n\n\n\n<p>Sesi\u00f3n solemne<\/p>\n\n\n\n<p>El lunes 6 de enero las actividades iniciar\u00e1n con una misa solemne en la S. I. Catedral, a las 8 de la ma\u00f1ana, que celebrar\u00e1 Monse\u00f1or Gustavo Rodr\u00edguez Vega, arzobispo de Yucat\u00e1n.<\/p>\n\n\n\n<p>Durante la celebraci\u00f3n la m\u00fasica estar\u00e1 a cargo de la Orquesta de C\u00e1mara de M\u00e9rida, dirigida por Russell Monta\u00f1ez, el Coro de la Ciudad y solistas invitados; se escuchar\u00e1n obras del repertorio de m\u00fasica sacra de Bach, Schubert, Vivaldi, Schubert, Mozart, Franck y Handel.<\/p>\n\n\n\n<p>A las 6 de la tarde est\u00e1 prevista la Sesi\u00f3n Solemne de Cabildo que se realizar\u00e1 en el Auditorio \u201cSilvio Zavala Vallado\u201d del Centro Cultural Olimpo.<\/p>\n\n\n\n<p>Este a\u00f1o la oradora hu\u00e9sped invitada es la maestra Mar\u00eda Concepci\u00f3n Le\u00f3n Mora, mejor conocida como \u201cConchi Le\u00f3n\u201d.<\/p>\n\n\n\n<p>Posteriormente, el concierto inaugural del M\u00e9rida Fest ser\u00e1 encabezado por la Orquesta de C\u00e1mara de M\u00e9rida y Los Juglares en la Plaza Grande a partir de las 8 de la noche. Las dos reconocidas agrupaciones compartir\u00e1n el escenario con sonidos sinf\u00f3nicos.<\/p>\n<div class='share-to-whatsapp-wrapper'><div class='share-on-whsp'>Share on: <\/div><a data-text='M\u00e1s de cien  trovadores le cantar\u00e1n a M\u00e9rida' data-link='https:\/\/visionpeninsular.com\/mid\/mas-de-cien-trovadores-le-cantaran-a-merida\/' class='whatsapp-button whatsapp-share'>WhatsApp<\/a><div class='clear '><\/div><\/div>","protected":false},"excerpt":{"rendered":"<p>Las tres primeras semanas del a\u00f1o, M\u00e9rida se convertir\u00e1 en centro de atenci\u00f3n con una amplia oferta de actividades, artistas de nueve pa\u00edses invitados y el talento de la comunidad art\u00edstica. Del 5 al 26 de enero, el Ayuntamiento de M\u00e9rida que encabeza Cecilia Patr\u00f3n Laviada celebrar\u00e1 los 483 a\u00f1os de fundaci\u00f3n de la ciudad &hellip;<\/p>\n","protected":false},"author":5,"featured_media":198213,"comment_status":"open","ping_status":"open","sticky":false,"template":"","format":"standard","meta":{"_mi_skip_tracking":false},"categories":[49,37],"tags":[45906,41,2757],"_links":{"self":[{"href":"https:\/\/visionpeninsular.com\/mid\/wp-json\/wp\/v2\/posts\/198211"}],"collection":[{"href":"https:\/\/visionpeninsular.com\/mid\/wp-json\/wp\/v2\/posts"}],"about":[{"href":"https:\/\/visionpeninsular.com\/mid\/wp-json\/wp\/v2\/types\/post"}],"author":[{"embeddable":true,"href":"https:\/\/visionpeninsular.com\/mid\/wp-json\/wp\/v2\/users\/5"}],"replies":[{"embeddable":true,"href":"https:\/\/visionpeninsular.com\/mid\/wp-json\/wp\/v2\/comments?post=198211"}],"version-history":[{"count":1,"href":"https:\/\/visionpeninsular.com\/mid\/wp-json\/wp\/v2\/posts\/198211\/revisions"}],"predecessor-version":[{"id":198214,"href":"https:\/\/visionpeninsular.com\/mid\/wp-json\/wp\/v2\/posts\/198211\/revisions\/198214"}],"wp:featuredmedia":[{"embeddable":true,"href":"https:\/\/visionpeninsular.com\/mid\/wp-json\/wp\/v2\/media\/198213"}],"wp:attachment":[{"href":"https:\/\/visionpeninsular.com\/mid\/wp-json\/wp\/v2\/media?parent=198211"}],"wp:term":[{"taxonomy":"category","embeddable":true,"href":"https:\/\/visionpeninsular.com\/mid\/wp-json\/wp\/v2\/categories?post=198211"},{"taxonomy":"post_tag","embeddable":true,"href":"https:\/\/visionpeninsular.com\/mid\/wp-json\/wp\/v2\/tags?post=198211"}],"curies":[{"name":"wp","href":"https:\/\/api.w.org\/{rel}","templated":true}]}}