{"id":197956,"date":"2024-12-27T15:04:20","date_gmt":"2024-12-27T21:04:20","guid":{"rendered":"https:\/\/visionpeninsular.com\/mid\/?p=197956"},"modified":"2024-12-27T15:04:22","modified_gmt":"2024-12-27T21:04:22","slug":"oscuridad-en-literatura","status":"publish","type":"post","link":"https:\/\/visionpeninsular.com\/mid\/oscuridad-en-literatura\/","title":{"rendered":"Oscuridad en literatura"},"content":{"rendered":"\n<p>Erica Millet Corona<\/p>\n\n\n\n<p>Fuente: Diario de Yucat\u00e1n<\/p>\n\n\n\n<p>El pasado viernes 20 de diciembre me levant\u00e9 temprano, me salt\u00e9 los ejercicios matutinos y me dispuse a vestirme para asistir, como cada a\u00f1o desde 2018, al desayuno organizado por la Secretar\u00eda de la Cultura y las Artes con motivo del d\u00eda del escritor. Anunciaron que, en esta ocasi\u00f3n, se llamar\u00eda \u201cEncuentro con la palabra\u201d.<\/p>\n\n\n\n<p>Cuando fui secretaria, asist\u00ed a dos de estos eventos, y a partir del 2022 particip\u00e9 como escritora, parte de un gremio que antes no era el m\u00edo, pero que como funcionaria conoc\u00ed de cerca y al cual, a pesar de rencillas y desacuerdos, me enorgullece pertenecer.<\/p>\n\n\n\n<p>Conduje el camino hacia la UNAY, donde se llevar\u00eda a cabo el convivio y, pese a haberlo transitado muchas veces antes, di vuelta en el sentido opuesto a la universidad una calle antes; me desubiqu\u00e9 por completo. \u00bfC\u00f3mo era posible? \u201cNo me juzguen\u201d, les dije a los amigos con quienes hab\u00eda acordado asistir y ya me esperaban en la puerta. Soy desorientada por naturaleza, pero dicen por ah\u00ed que cuando una se pierde, en realidad se resiste a llegar.<\/p>\n\n\n\n<p>Lo cierto es que me retir\u00e9 del evento por motivos personales a los pocos minutos de haber llegado. No haberme quedado a atestiguar el desarrollo de los acontecimientos me mantuvo un par de d\u00edas con dudas sobre la pertinencia de opinar acerca de lo que ah\u00ed sucedi\u00f3.<\/p>\n\n\n\n<p>Despu\u00e9s de charlar con amigos escritores y haber le\u00eddo comentarios en redes y medios, conclu\u00ed que era importante externar que m\u00e1s que la desilusi\u00f3n de no encontrar caf\u00e9 en las mesas a las que nos convocaron, existe preocupaci\u00f3n sobre los mensajes que fueron enviados desde la m\u00e1xima instituci\u00f3n a cargo de salvaguardar el trabajo de las y los artistas en el estado.<\/p>\n\n\n\n<p>Ya lo dijo el escritor Jorge Cort\u00e9s Ancona: en el evento hubo un \u201ccompendio de errores de todo tipo\u201d, y sin duda los m\u00e1s sobresalientes tienen que ver con el desconocimiento de la efem\u00e9ride y las pr\u00e1cticas que de ella se desprenden. En consecuencia, el \u201cEncuentro\u201d careci\u00f3 del ambiente festivo de otros a\u00f1os y la comunidad literaria asisti\u00f3 para ser rega\u00f1ada por un funcionario capitalino que, sin conocimiento alguno de la esencia de la ocasi\u00f3n, arremeti\u00f3 contra ella.<\/p>\n\n\n\n<p>No hubo alusi\u00f3n a los premios literarios obtenidos por escritoras y escritores de Yucat\u00e1n durante el 2024; a diferencia de quienes creen que esta pr\u00e1ctica solo sirve para ensalzar egos, a m\u00ed me parece que deja en la oscuridad lo acontecido este a\u00f1o en materia de literatura y opaca los m\u00e9ritos de quienes con tes\u00f3n e ingenio consiguen dar visibilidad a su trabajo y proyectar hacia el exterior lo que se escribe y premia aqu\u00ed y ahora. Si no es la Secretar\u00eda el ente encargado de celebrar estos logros, \u00bfqui\u00e9n lo es? Si no es la Secretar\u00eda la responsable de documentar los pormenores de la historia literaria que se va construyendo a partir de cada publicaci\u00f3n hecha por yucatecas y yucatecos, \u00bfqui\u00e9n lo es?<\/p>\n\n\n\n<p>Triste tambi\u00e9n fue saber que el fallecimiento del maestro Rold\u00e1n Peniche Barrera, uno de los m\u00e1s destacados escritores que ha dado nuestra tierra, y a quien dolorosamente perdimos este a\u00f1o, fue pasado por alto, as\u00ed como otras sensibles p\u00e9rdidas de integrantes del gremio, a quienes se neg\u00f3 el tradicional minuto de aplausos como m\u00ednimo homenaje. \u00bfEs que no se hizo una investigaci\u00f3n sobre la agenda del d\u00eda que se hab\u00eda seguido en otros a\u00f1os?<\/p>\n\n\n\n<p>Sin duda es una tarea dif\u00edcil la de decantar la lista de invitados. Nunca estar\u00e1n todos los que deben y, por el contrario, los m\u00e9ritos de algunos ser\u00e1n cuestionables para otros; pienso que hacer una pesquisa cuidadosa sobre la obra publicada en el estado (en general y durante el a\u00f1o transcurrido), puede arrojar luz sobre la importancia de no obviar algunas presencias.<\/p>\n\n\n\n<p>Nos congratulamos siempre con las intenciones de descentralizaci\u00f3n del arte y la visibilizaci\u00f3n de la cultura de las comunidades mayas, pero no con la radicalizaci\u00f3n de una postura que insin\u00faa que escribir en espa\u00f1ol es un privilegio indecoroso, como muchos otros que aparentemente ostenta una comunidad que abandon\u00f3 el recinto con la sensaci\u00f3n de no ser merecedora m\u00e1s que de reprimendas por parte de la autoridad que deber\u00eda impulsar su quehacer creativo.<\/p>\n\n\n\n<p>Si algo podemos rescatar de todo esto es la sensaci\u00f3n de que una vasta mayor\u00eda del gremio est\u00e1 de acuerdo en lo que no debe volver a suceder. No se est\u00e1 nunca en contra de una innovaci\u00f3n respetuosa, que abone a pol\u00edticas p\u00fablicas equitativas, pero no que elimine sin ning\u00fan argumento sensato los espacios de vinculaci\u00f3n en los que la autoridad reconoce y da valor a la comunidad art\u00edstica. Nos quedan cinco a\u00f1os por delante; nuestra intenci\u00f3n es que se pueda rescatar lo rescatable y que se escuchen las voces de quienes pueden orientar estas acciones.<\/p>\n\n\n\n<p>Mientras dejaba atr\u00e1s aquel evento, ansiando llegar a mi casa por una buena taza de caf\u00e9, solo pensaba que, se les llame como se les decida llamar, algunas cosas no pierden el nombre por el que fueron originalmente conocidas, y este evento no ser\u00e1 la excepci\u00f3n: la celebraci\u00f3n del 20 de diciembre, siempre ser\u00e1 el \u201cDesayuno del D\u00eda del Escritor\u201d.\u2014 M\u00e9rida, Yucat\u00e1n<\/p>\n\n\n\n<p>erica.millet@gmail.com<\/p>\n\n\n\n<p>*Licenciada en periodismo y maestra en relaciones p\u00fablicas; ex funcionaria del Ayuntamiento de M\u00e9rida y del Gobierno del Estado<\/p>\n<div class='share-to-whatsapp-wrapper'><div class='share-on-whsp'>Share on: <\/div><a data-text='Oscuridad en literatura' data-link='https:\/\/visionpeninsular.com\/mid\/oscuridad-en-literatura\/' class='whatsapp-button whatsapp-share'>WhatsApp<\/a><div class='clear '><\/div><\/div>","protected":false},"excerpt":{"rendered":"<p>Erica Millet Corona Fuente: Diario de Yucat\u00e1n El pasado viernes 20 de diciembre me levant\u00e9 temprano, me salt\u00e9 los ejercicios matutinos y me dispuse a vestirme para asistir, como cada a\u00f1o desde 2018, al desayuno organizado por la Secretar\u00eda de la Cultura y las Artes con motivo del d\u00eda del escritor. Anunciaron que, en esta &hellip;<\/p>\n","protected":false},"author":5,"featured_media":149239,"comment_status":"open","ping_status":"open","sticky":false,"template":"","format":"standard","meta":{"_mi_skip_tracking":false},"categories":[44],"tags":[40040,25308,1557],"_links":{"self":[{"href":"https:\/\/visionpeninsular.com\/mid\/wp-json\/wp\/v2\/posts\/197956"}],"collection":[{"href":"https:\/\/visionpeninsular.com\/mid\/wp-json\/wp\/v2\/posts"}],"about":[{"href":"https:\/\/visionpeninsular.com\/mid\/wp-json\/wp\/v2\/types\/post"}],"author":[{"embeddable":true,"href":"https:\/\/visionpeninsular.com\/mid\/wp-json\/wp\/v2\/users\/5"}],"replies":[{"embeddable":true,"href":"https:\/\/visionpeninsular.com\/mid\/wp-json\/wp\/v2\/comments?post=197956"}],"version-history":[{"count":1,"href":"https:\/\/visionpeninsular.com\/mid\/wp-json\/wp\/v2\/posts\/197956\/revisions"}],"predecessor-version":[{"id":197958,"href":"https:\/\/visionpeninsular.com\/mid\/wp-json\/wp\/v2\/posts\/197956\/revisions\/197958"}],"wp:featuredmedia":[{"embeddable":true,"href":"https:\/\/visionpeninsular.com\/mid\/wp-json\/wp\/v2\/media\/149239"}],"wp:attachment":[{"href":"https:\/\/visionpeninsular.com\/mid\/wp-json\/wp\/v2\/media?parent=197956"}],"wp:term":[{"taxonomy":"category","embeddable":true,"href":"https:\/\/visionpeninsular.com\/mid\/wp-json\/wp\/v2\/categories?post=197956"},{"taxonomy":"post_tag","embeddable":true,"href":"https:\/\/visionpeninsular.com\/mid\/wp-json\/wp\/v2\/tags?post=197956"}],"curies":[{"name":"wp","href":"https:\/\/api.w.org\/{rel}","templated":true}]}}