{"id":197520,"date":"2024-12-14T19:12:40","date_gmt":"2024-12-15T01:12:40","guid":{"rendered":"https:\/\/visionpeninsular.com\/mid\/?p=197520"},"modified":"2024-12-14T19:12:42","modified_gmt":"2024-12-15T01:12:42","slug":"poco-mas-de-600-mil-estudiantes-saldran-de-vacaciones","status":"publish","type":"post","link":"https:\/\/visionpeninsular.com\/mid\/poco-mas-de-600-mil-estudiantes-saldran-de-vacaciones\/","title":{"rendered":"Poco m\u00e1s de 600 mil estudiantes saldr\u00e1n de vacaciones"},"content":{"rendered":"\n<p>M\u00e9rida, Yucat\u00e1n, a 14 de diciembre de 2024.\u2013 Las escuelas p\u00fablicas y privadas de nivel b\u00e1sico concluir\u00e1n actividades el mi\u00e9rcoles 18 de diciembre, con lo que inician las vacaciones de invierno.<\/p>\n\n\n\n<p>La Secretar\u00eda de Educaci\u00f3n del Gobierno del Estado de Yucat\u00e1n (Segey) dio a conocer que poco m\u00e1s de 600 mil estudiantes de la entidad saldr\u00e1n de receso.<\/p>\n\n\n\n<p>Tambi\u00e9n que los docentes y administrativos de las escuelas regresar\u00e1n a sus labores el 6 de enero para participar en diversos cursos.<\/p>\n\n\n\n<p>Los estudiantes se reincorporar\u00e1n a las aulas el 9 de enero para continuar con el ciclo escolar.<\/p>\n\n\n\n<figure class=\"wp-block-image size-large\"><img loading=\"lazy\" width=\"1024\" height=\"618\" src=\"https:\/\/visionpeninsular.com\/mid\/wp-content\/uploads\/2024\/12\/1000087322-1024x618.jpg\" alt=\"\" class=\"wp-image-197522\" srcset=\"https:\/\/visionpeninsular.com\/mid\/wp-content\/uploads\/2024\/12\/1000087322-1024x618.jpg 1024w, https:\/\/visionpeninsular.com\/mid\/wp-content\/uploads\/2024\/12\/1000087322-300x181.jpg 300w, https:\/\/visionpeninsular.com\/mid\/wp-content\/uploads\/2024\/12\/1000087322-768x464.jpg 768w, https:\/\/visionpeninsular.com\/mid\/wp-content\/uploads\/2024\/12\/1000087322.jpg 1199w\" sizes=\"(max-width: 1024px) 100vw, 1024px\" \/><figcaption>Ser\u00e1 el 19 de diciembre cuando comiencen las vacaciones de invierno; poco m\u00e1s de 600 mil estudiantes tomar\u00e1n ese receso, de acuerdo con las autoridades. FOTO: Cortes\u00eda<\/figcaption><\/figure>\n<div class='share-to-whatsapp-wrapper'><div class='share-on-whsp'>Share on: <\/div><a data-text='Poco m\u00e1s de 600 mil estudiantes saldr\u00e1n de vacaciones' data-link='https:\/\/visionpeninsular.com\/mid\/poco-mas-de-600-mil-estudiantes-saldran-de-vacaciones\/' class='whatsapp-button whatsapp-share'>WhatsApp<\/a><div class='clear '><\/div><\/div>","protected":false},"excerpt":{"rendered":"<p>M\u00e9rida, Yucat\u00e1n, a 14 de diciembre de 2024.\u2013 Las escuelas p\u00fablicas y privadas de nivel b\u00e1sico concluir\u00e1n actividades el mi\u00e9rcoles 18 de diciembre, con lo que inician las vacaciones de invierno. La Secretar\u00eda de Educaci\u00f3n del Gobierno del Estado de Yucat\u00e1n (Segey) dio a conocer que poco m\u00e1s de 600 mil estudiantes de la entidad &hellip;<\/p>\n","protected":false},"author":11,"featured_media":197522,"comment_status":"open","ping_status":"open","sticky":false,"template":"","format":"standard","meta":{"_mi_skip_tracking":false},"categories":[49,37],"tags":[418,43086,1269,227],"_links":{"self":[{"href":"https:\/\/visionpeninsular.com\/mid\/wp-json\/wp\/v2\/posts\/197520"}],"collection":[{"href":"https:\/\/visionpeninsular.com\/mid\/wp-json\/wp\/v2\/posts"}],"about":[{"href":"https:\/\/visionpeninsular.com\/mid\/wp-json\/wp\/v2\/types\/post"}],"author":[{"embeddable":true,"href":"https:\/\/visionpeninsular.com\/mid\/wp-json\/wp\/v2\/users\/11"}],"replies":[{"embeddable":true,"href":"https:\/\/visionpeninsular.com\/mid\/wp-json\/wp\/v2\/comments?post=197520"}],"version-history":[{"count":1,"href":"https:\/\/visionpeninsular.com\/mid\/wp-json\/wp\/v2\/posts\/197520\/revisions"}],"predecessor-version":[{"id":197523,"href":"https:\/\/visionpeninsular.com\/mid\/wp-json\/wp\/v2\/posts\/197520\/revisions\/197523"}],"wp:featuredmedia":[{"embeddable":true,"href":"https:\/\/visionpeninsular.com\/mid\/wp-json\/wp\/v2\/media\/197522"}],"wp:attachment":[{"href":"https:\/\/visionpeninsular.com\/mid\/wp-json\/wp\/v2\/media?parent=197520"}],"wp:term":[{"taxonomy":"category","embeddable":true,"href":"https:\/\/visionpeninsular.com\/mid\/wp-json\/wp\/v2\/categories?post=197520"},{"taxonomy":"post_tag","embeddable":true,"href":"https:\/\/visionpeninsular.com\/mid\/wp-json\/wp\/v2\/tags?post=197520"}],"curies":[{"name":"wp","href":"https:\/\/api.w.org\/{rel}","templated":true}]}}