{"id":197452,"date":"2024-12-13T14:27:12","date_gmt":"2024-12-13T20:27:12","guid":{"rendered":"https:\/\/visionpeninsular.com\/mid\/?p=197452"},"modified":"2024-12-13T14:27:14","modified_gmt":"2024-12-13T20:27:14","slug":"inconformidad-de-madres-de-familia-por-fusion-de-grupos-en-escuela","status":"publish","type":"post","link":"https:\/\/visionpeninsular.com\/mid\/inconformidad-de-madres-de-familia-por-fusion-de-grupos-en-escuela\/","title":{"rendered":"Inconformidad de madres de familia por fusi\u00f3n de grupos en escuela."},"content":{"rendered":"\n<p>La escuela \u201cAlfonso N. Urueta\u201d, de la colonia Nueva Alem\u00e1n, fue cerrada por madres de familia para manifestarse en contra de la fusi\u00f3n de grupos y para exigir la intervenci\u00f3n &nbsp;de autoridades de la SEGEY en este caso, &nbsp;colocaron pancartas y se plantaron en la entrada del plantel.<\/p>\n\n\n\n<p>Las mismas se\u00f1alaron que al inicio del ciclo escolar, se fusionaron los dos grupos de primer grado, algo que se har\u00e1 con los dem\u00e1s grados, decisi\u00f3n afectar\u00eda a los alumnos, pues refieren que hay ni\u00f1os con necesidades especiales, adem\u00e1s de que ya est\u00e1n avanzados en el curso, por lo que se negaron.<\/p>\n\n\n\n<p>Asimismo, presentaron una petici\u00f3n a la SEGEY, aunque refieren que no han sido escuchadas, por lo que insistieron en el cumplimiento de sus demandas.<\/p>\n<div class='share-to-whatsapp-wrapper'><div class='share-on-whsp'>Share on: <\/div><a data-text='Inconformidad de madres de familia por fusi\u00f3n de grupos en escuela.' data-link='https:\/\/visionpeninsular.com\/mid\/inconformidad-de-madres-de-familia-por-fusion-de-grupos-en-escuela\/' class='whatsapp-button whatsapp-share'>WhatsApp<\/a><div class='clear '><\/div><\/div>","protected":false},"excerpt":{"rendered":"<p>La escuela \u201cAlfonso N. Urueta\u201d, de la colonia Nueva Alem\u00e1n, fue cerrada por madres de familia para manifestarse en contra de la fusi\u00f3n de grupos y para exigir la intervenci\u00f3n &nbsp;de autoridades de la SEGEY en este caso, &nbsp;colocaron pancartas y se plantaron en la entrada del plantel. Las mismas se\u00f1alaron que al inicio del &hellip;<\/p>\n","protected":false},"author":5,"featured_media":197454,"comment_status":"open","ping_status":"open","sticky":false,"template":"","format":"standard","meta":{"_mi_skip_tracking":false},"categories":[50,37],"tags":[45839,45838],"_links":{"self":[{"href":"https:\/\/visionpeninsular.com\/mid\/wp-json\/wp\/v2\/posts\/197452"}],"collection":[{"href":"https:\/\/visionpeninsular.com\/mid\/wp-json\/wp\/v2\/posts"}],"about":[{"href":"https:\/\/visionpeninsular.com\/mid\/wp-json\/wp\/v2\/types\/post"}],"author":[{"embeddable":true,"href":"https:\/\/visionpeninsular.com\/mid\/wp-json\/wp\/v2\/users\/5"}],"replies":[{"embeddable":true,"href":"https:\/\/visionpeninsular.com\/mid\/wp-json\/wp\/v2\/comments?post=197452"}],"version-history":[{"count":1,"href":"https:\/\/visionpeninsular.com\/mid\/wp-json\/wp\/v2\/posts\/197452\/revisions"}],"predecessor-version":[{"id":197455,"href":"https:\/\/visionpeninsular.com\/mid\/wp-json\/wp\/v2\/posts\/197452\/revisions\/197455"}],"wp:featuredmedia":[{"embeddable":true,"href":"https:\/\/visionpeninsular.com\/mid\/wp-json\/wp\/v2\/media\/197454"}],"wp:attachment":[{"href":"https:\/\/visionpeninsular.com\/mid\/wp-json\/wp\/v2\/media?parent=197452"}],"wp:term":[{"taxonomy":"category","embeddable":true,"href":"https:\/\/visionpeninsular.com\/mid\/wp-json\/wp\/v2\/categories?post=197452"},{"taxonomy":"post_tag","embeddable":true,"href":"https:\/\/visionpeninsular.com\/mid\/wp-json\/wp\/v2\/tags?post=197452"}],"curies":[{"name":"wp","href":"https:\/\/api.w.org\/{rel}","templated":true}]}}