{"id":197397,"date":"2024-12-12T15:11:48","date_gmt":"2024-12-12T21:11:48","guid":{"rendered":"https:\/\/visionpeninsular.com\/mid\/?p=197397"},"modified":"2024-12-12T15:11:51","modified_gmt":"2024-12-12T21:11:51","slug":"segundo-encuentro-nacional-del-comic-en-merida","status":"publish","type":"post","link":"https:\/\/visionpeninsular.com\/mid\/segundo-encuentro-nacional-del-comic-en-merida\/","title":{"rendered":"Segundo Encuentro Nacional del C\u00f3mic en M\u00e9rida"},"content":{"rendered":"\n<p>Promover, difundir y revalorar la cultura del c\u00f3mic como una forma art\u00edstica o medio de comunicaci\u00f3n en M\u00e9xico es uno de los objetivos del Segundo Encuentro Nacional de Narrativa Gr\u00e1fica en M\u00e9rida, que se realizar\u00e1 el 14 y 15 de diciembre en el Centro Cultural Olimpo.<\/p>\n\n\n\n<p>La actividad forma parte de los proyectos seleccionados del Fondo Municipal para Creadores con Trayectoria 2024 que promueve la Direcci\u00f3n de Identidad y Cultura del Ayuntamiento de M\u00e9rida.<\/p>\n\n\n\n<p><strong>Dos d\u00edas de actividades con bazar incluido<\/strong><\/p>\n\n\n\n<p>Durante dos d\u00edas, el p\u00fablico interesado podr\u00e1 disfrutar de conferencias, mesas paneles con ilustradores, presentaciones de c\u00f3mics y bazar para coleccionistas en el que tomar\u00e1n parte investigadores, dibujantes e ilustradores mexicanos y artistas gr\u00e1ficos locales. Todas las actividades ser\u00e1n con entrada gratuita, seg\u00fan se anunci\u00f3 esta ma\u00f1ana en un encuentro con los medios de comunicaci\u00f3n.<\/p>\n\n\n\n<p>Entre los invitados nacionales se contar\u00e1 con la participaci\u00f3n de Santiago Moyao, autor de la novela gr\u00e1fica \u201cMandr\u00e1gora\u201d, coeditada por Tierra Adentro y el Fondo de Cultura Econ\u00f3mica.<\/p>\n\n\n\n<p>De la ciudad de M\u00e9xico estar\u00e1 el investigador y coleccionista Luis Gant\u00fas, quien ofrecer\u00e1 la conferencia \u201c\u00bfQu\u00e9 le pas\u00f3 a la historieta mexicana?\u201d y presentar\u00e1 la colecci\u00f3n \u201cTesoros de la historieta mexicana\u201d.<\/p>\n\n\n\n<p>Como invitado especial al encuentro asistir\u00e1 Sebasti\u00e1n Carrillo \u201cBachan\u201d, creador del c\u00f3mic \u201cEl Bulbo\u201d, \u201cVinny, el perro de la Balbuena\u201d y del exitoso \u201cPowernap\u201d, un webc\u00f3mic que nace en el mundo digital y que dio el salto al impreso. El artista brindar\u00e1 la conferencia \u201cC\u00f3mo vivir de hacer c\u00f3mics\u201d, para ofrecer sugerencias y alternativas a los j\u00f3venes creadores que quieran dedicarse al oficio comiquero.<\/p>\n\n\n\n<p><strong>Presentar\u00e1n proyectos independientes<\/strong><\/p>\n\n\n\n<p>Durante el encuentro de narrativa habr\u00e1 cabida tambi\u00e9n para proyectos independientes de la pen\u00ednsula de Yucat\u00e1n, como el Taller de Comic Experimental de la UNAY, cuyos integrantes presentar\u00e1n los dos vol\u00famenes del c\u00f3mic Final Layer.<\/p>\n\n\n\n<p>De los invitados locales figura el Dr. Jos\u00e9 Cetina, investigador del INAH, con una ponencia sobre Karmatr\u00f3n; una ponencia de Milo Novelo en torno a la metaling\u00fc\u00edstica e intertextualidad en las obras de Alan Moore, as\u00ed como el ilustrador Gabriel Chac\u00f3n Liz\u00e1rraga \u201cChakz Armada\u201d, quien presentar\u00e1 \u201cOnix\u201d del teatro del c\u00f3mic, su m\u00e1s reciente obra.<\/p>\n\n\n\n<p>Tambi\u00e9n se tendr\u00e1 como invitados al Fondo de Cultura Econ\u00f3mica y su Colecci\u00f3n Popular de Novela Gr\u00e1fica, y el sello Espectogr\u00e1fica, dirigido a p\u00fablico infantil y juvenil.<\/p>\n\n\n\n<p><strong>Encuentro Nacional Comic M\u00e9rida<\/strong><\/p>\n\n\n\n<p>El Encuentro Nacional de Narrativa tambi\u00e9n servir\u00e1 para celebrar la und\u00e9cima edici\u00f3n del Coloquio del C\u00f3mic en la Cultura, evento \u00fanico en el pa\u00eds, creado en 2010 y antecedente del actual encuentro enfocado en esta ocasi\u00f3n a artistas, dibujantes e ilustradores mexicanos, record\u00f3 Ricardo E. Tatto, coordinador general de la actividad.<\/p>\n\n\n\n<p>Ema\u00fas Torres, del Taller de C\u00f3mic Experimental de la UNAY y Omar Couoh, miembro del Coloquio del C\u00f3mic, coincidieron que en el pa\u00eds hay una gran producci\u00f3n de narrativa gr\u00e1fica que est\u00e1 repuntando y este tipo de encuentro permite visibilizar el trabajo de los artistas, en particular los que trabajan en la regi\u00f3n.<\/p>\n\n\n\n<p>Encabez\u00f3 la presentaci\u00f3n Josu\u00e9 Morelos Echeverr\u00eda, Subdirector de Conservaci\u00f3n y Difusi\u00f3n Patrimonial, en representaci\u00f3n de la Mtra. Karla Berr\u00f3n C\u00e1mara, directora de Cultura.<\/p>\n\n\n\n<p>Las actividades del encuentro nacional de narrativa se pueden consultar en las redes sociales de Facebook como Coloquio del C\u00f3mic en la Cultura, y en Instagram como @comicyucatan.<\/p>\n\n\n\n<p>A la Temporada Olimpo 2024 le quedan varios proyectos de estreno; la cartelera se puede consultar en el sitio www.merida.gob.mx\/cultura del Ayuntamiento de M\u00e9rida.<\/p>\n\n\n\n<p><\/p>\n\n\n\n<p><\/p>\n\n\n\n<p><\/p>\n<div class='share-to-whatsapp-wrapper'><div class='share-on-whsp'>Share on: <\/div><a data-text='Segundo Encuentro Nacional del C\u00f3mic en M\u00e9rida' data-link='https:\/\/visionpeninsular.com\/mid\/segundo-encuentro-nacional-del-comic-en-merida\/' class='whatsapp-button whatsapp-share'>WhatsApp<\/a><div class='clear '><\/div><\/div>","protected":false},"excerpt":{"rendered":"<p>Promover, difundir y revalorar la cultura del c\u00f3mic como una forma art\u00edstica o medio de comunicaci\u00f3n en M\u00e9xico es uno de los objetivos del Segundo Encuentro Nacional de Narrativa Gr\u00e1fica en M\u00e9rida, que se realizar\u00e1 el 14 y 15 de diciembre en el Centro Cultural Olimpo. La actividad forma parte de los proyectos seleccionados del &hellip;<\/p>\n","protected":false},"author":5,"featured_media":197399,"comment_status":"open","ping_status":"open","sticky":false,"template":"","format":"standard","meta":{"_mi_skip_tracking":false},"categories":[49,37],"tags":[45825,41,2757,44421],"_links":{"self":[{"href":"https:\/\/visionpeninsular.com\/mid\/wp-json\/wp\/v2\/posts\/197397"}],"collection":[{"href":"https:\/\/visionpeninsular.com\/mid\/wp-json\/wp\/v2\/posts"}],"about":[{"href":"https:\/\/visionpeninsular.com\/mid\/wp-json\/wp\/v2\/types\/post"}],"author":[{"embeddable":true,"href":"https:\/\/visionpeninsular.com\/mid\/wp-json\/wp\/v2\/users\/5"}],"replies":[{"embeddable":true,"href":"https:\/\/visionpeninsular.com\/mid\/wp-json\/wp\/v2\/comments?post=197397"}],"version-history":[{"count":1,"href":"https:\/\/visionpeninsular.com\/mid\/wp-json\/wp\/v2\/posts\/197397\/revisions"}],"predecessor-version":[{"id":197400,"href":"https:\/\/visionpeninsular.com\/mid\/wp-json\/wp\/v2\/posts\/197397\/revisions\/197400"}],"wp:featuredmedia":[{"embeddable":true,"href":"https:\/\/visionpeninsular.com\/mid\/wp-json\/wp\/v2\/media\/197399"}],"wp:attachment":[{"href":"https:\/\/visionpeninsular.com\/mid\/wp-json\/wp\/v2\/media?parent=197397"}],"wp:term":[{"taxonomy":"category","embeddable":true,"href":"https:\/\/visionpeninsular.com\/mid\/wp-json\/wp\/v2\/categories?post=197397"},{"taxonomy":"post_tag","embeddable":true,"href":"https:\/\/visionpeninsular.com\/mid\/wp-json\/wp\/v2\/tags?post=197397"}],"curies":[{"name":"wp","href":"https:\/\/api.w.org\/{rel}","templated":true}]}}