{"id":19713,"date":"2017-01-09T05:22:05","date_gmt":"2017-01-09T11:22:05","guid":{"rendered":"http:\/\/visionpeninsular.com\/mid\/?p=19713"},"modified":"2017-01-09T05:22:05","modified_gmt":"2017-01-09T11:22:05","slug":"policia-estatal-vs-protestas-morena","status":"publish","type":"post","link":"https:\/\/visionpeninsular.com\/mid\/policia-estatal-vs-protestas-morena\/","title":{"rendered":"Polic\u00eda de Campeche disuelve ola de protestas de MORENA"},"content":{"rendered":"<p>(proceso.com.mx).- La polic\u00eda estatal disolvi\u00f3 una protesta pac\u00edfica contra el gasolinazo que al grito de \u201cFuera Pe\u00f1a!\u201d, \u201c\u00a1Fuera Alito!\u201d, encabez\u00f3 la dirigencia estatal del Partido Morena.<\/p>\n<p>La manifestaci\u00f3n comenz\u00f3 con una caravana de aproximadamente 70 veh\u00edculos por el malec\u00f3n, que parti\u00f3 en el monumento a La Campechana y concluy\u00f3 kil\u00f3metros m\u00e1s adelante con un mitin en la glorieta del asta bandera.<\/p>\n<p>Los manifestantes cerraron la circulaci\u00f3n s\u00f3lo en torno a la glorieta y estacionaron los veh\u00edculos en el carril izquierdo de la arteria, sin bloquear el flujo vehicular.   <\/p>\n<p>Los inconformes, entre los que tambi\u00e9n se encontraban maestros disidentes y jubilados, exigieron la abrogaci\u00f3n de las reformas estructurales del gobierno de Enrique Pe\u00f1a Nieto y exigieron la renuncia de \u00e9ste porque \u201clos mexicanos no merecemos que nos gobierne un hombre como \u00e9l\u201d.<\/p>\n<p>Adem\u00e1s, reprocharon a los legisladores, \u201cque s\u00f3lo est\u00e1n en el cargo para llenarse las bolsas con el dinero que nos roban al pueblo\u201d, haber aprobado esas reformas en perjuicio de la naci\u00f3n.<\/p>\n<p>Tambi\u00e9n reclamaron al gobernador Alejandro Moreno C\u00e1rdenas el haber sido uno de los consumadores de la reformas del gobierno federal, pues como diputado federal, en su calidad de presidente de la comisi\u00f3n de puntos constitucionales y gobernaci\u00f3n, las impuls\u00f3 y defendi\u00f3.<\/p>\n<p>\u201cHoy su pueblo es de los estados m\u00e1s afectados y como gobernador no ha salido a darnos la cara por esto\u201d, reclamaron.<\/p>\n<p>En medio de las cr\u00edticas y reclamamos a Moreno C\u00e1rdenas, decenas de polic\u00edas estatales se presentaron en el evento a exigir que se reabrir\u00e1 la circulaci\u00f3n en la glorieta y se retiraran los veh\u00edculos.<\/p>\n<p>Aunque los manifestantes obedecieron de inmediato para evitar confrontaciones y procedieron a reubicar los autos a las \u00e1reas permitidas de estacionamiento, todos fueron infraccionados.<\/p>\n<p>Los \u00e1nimos se tensaron cuando por instrucciones del comandante Benjam\u00edn Centuri\u00f3n lleg\u00f3 una gr\u00faa para llevarse al corral\u00f3n la camioneta de Morena que transportaba el equipo de sonido que se utiliz\u00f3 para en la protesta.<br \/>\n\u201cNo nos vas a arrodillar Alito\u201d, \u201c\u00a1Alito, eres un represor!\u201d, \u201c!Campeche est\u00e1 harto de sus tranzas!\u201d, \u00a1\u201dTe conocemos muy bien Alito!\u201d, \u201cAlito, nos vamos a ir pero vamos a regresar y seremos m\u00e1s!\u201d, advert\u00edan a gritos al mandatario. <\/p>\n<p>Los manifestantes se arremolinaron y se sentaron en el suelo en torno al veh\u00edculo para evitar que la gr\u00faa lo levantara, al tiempo que entonaban la canci\u00f3n \u201cS\u00f3lo le pido a Dios\u201d, que populariz\u00f3 Mercedes Sosa.<\/p>\n<p>Otros escribieron pintas, con tinta lavable, en la gr\u00faa: \u201c\u00a1No al gasolinazo!\u201d, mientras el dirigente estatal de Morena, Manuel Zavala Salazar, ped\u00eda en tono conciliador \u201c10 minutos m\u00e1s para terminar la manifestaci\u00f3n y nos retiramos\u201d.                <\/p>\n<p>La protesta se dio por concluida y los organizadores pidieron a los participantes que se retiraran del lugar acompa\u00f1\u00e1ndose por grupos para evitar ser detenidos por los polic\u00edas, a quienes finalmente recibieron la orden de permitir que se retirara la gr\u00faa que no logr\u00f3 levantar la camioneta de Morena.<\/p>\n<p>Por la ma\u00f1ana militantes todos los partidos, con excepci\u00f3n del PRI, se aglutinaron en el parque principal para protestar contra el gasolinazo.<\/p>\n<p>Esta noche, en Ciudad del Carmen ciudadanos tambi\u00e9n protestaron contra la reforma energ\u00e9tica con una marcha que sali\u00f3 desde la glorieta del Camar\u00f3n y concluy\u00f3 con un mitin en la plaza c\u00edvica 7 de agosto.<\/p>\n<div class='share-to-whatsapp-wrapper'><div class='share-on-whsp'>Share on: <\/div><a data-text='Polic\u00eda de Campeche disuelve ola de protestas de MORENA' data-link='https:\/\/visionpeninsular.com\/mid\/policia-estatal-vs-protestas-morena\/' class='whatsapp-button whatsapp-share'>WhatsApp<\/a><div class='clear '><\/div><\/div>","protected":false},"excerpt":{"rendered":"<p>(proceso.com.mx).- La polic\u00eda estatal disolvi\u00f3 una protesta pac\u00edfica contra el gasolinazo que al grito de \u201cFuera Pe\u00f1a!\u201d, \u201c\u00a1Fuera Alito!\u201d, encabez\u00f3 la dirigencia estatal del Partido Morena. La manifestaci\u00f3n comenz\u00f3 con una caravana de aproximadamente 70 veh\u00edculos por el malec\u00f3n, que parti\u00f3 en el monumento a La Campechana y concluy\u00f3 kil\u00f3metros m\u00e1s adelante con un mitin &hellip;<\/p>\n","protected":false},"author":1,"featured_media":19714,"comment_status":"open","ping_status":"open","sticky":false,"template":"","format":"standard","meta":{"_mi_skip_tracking":false},"categories":[45],"tags":[4790,451,354,1076],"_links":{"self":[{"href":"https:\/\/visionpeninsular.com\/mid\/wp-json\/wp\/v2\/posts\/19713"}],"collection":[{"href":"https:\/\/visionpeninsular.com\/mid\/wp-json\/wp\/v2\/posts"}],"about":[{"href":"https:\/\/visionpeninsular.com\/mid\/wp-json\/wp\/v2\/types\/post"}],"author":[{"embeddable":true,"href":"https:\/\/visionpeninsular.com\/mid\/wp-json\/wp\/v2\/users\/1"}],"replies":[{"embeddable":true,"href":"https:\/\/visionpeninsular.com\/mid\/wp-json\/wp\/v2\/comments?post=19713"}],"version-history":[{"count":1,"href":"https:\/\/visionpeninsular.com\/mid\/wp-json\/wp\/v2\/posts\/19713\/revisions"}],"predecessor-version":[{"id":19715,"href":"https:\/\/visionpeninsular.com\/mid\/wp-json\/wp\/v2\/posts\/19713\/revisions\/19715"}],"wp:featuredmedia":[{"embeddable":true,"href":"https:\/\/visionpeninsular.com\/mid\/wp-json\/wp\/v2\/media\/19714"}],"wp:attachment":[{"href":"https:\/\/visionpeninsular.com\/mid\/wp-json\/wp\/v2\/media?parent=19713"}],"wp:term":[{"taxonomy":"category","embeddable":true,"href":"https:\/\/visionpeninsular.com\/mid\/wp-json\/wp\/v2\/categories?post=19713"},{"taxonomy":"post_tag","embeddable":true,"href":"https:\/\/visionpeninsular.com\/mid\/wp-json\/wp\/v2\/tags?post=19713"}],"curies":[{"name":"wp","href":"https:\/\/api.w.org\/{rel}","templated":true}]}}