{"id":197002,"date":"2024-12-02T21:30:52","date_gmt":"2024-12-03T03:30:52","guid":{"rendered":"https:\/\/visionpeninsular.com\/mid\/?p=197002"},"modified":"2024-12-02T21:30:54","modified_gmt":"2024-12-03T03:30:54","slug":"coordinacion-de-inclusion-los-ojos-permanentes-para-tener-una-merida-incluyente","status":"publish","type":"post","link":"https:\/\/visionpeninsular.com\/mid\/coordinacion-de-inclusion-los-ojos-permanentes-para-tener-una-merida-incluyente\/","title":{"rendered":"Coordinaci\u00f3n de Inclusi\u00f3n,  los ojos permanentes para tener una M\u00e9rida incluyente"},"content":{"rendered":"\n<h2 class=\"has-text-align-center\">\u2022La medallista y atleta paraol\u00edmpica Gilda Cota Vera ser\u00e1 la encargada para contribuir al desarrollo social, educativo, cultural y laboral de las personas con discapacidad<\/h2>\n\n\n\n<p>M\u00e9rida, Yucat\u00e1n, a 2 de diciembre de 2024.\u2013 La alcaldesa Cecilia Patr\u00f3n Laviada inaugur\u00f3 la Coordinaci\u00f3n de Inclusi\u00f3n, cuya titular es la atleta y medallista paraol\u00edmpica Gilda Cota Vera y Jes\u00fas Campos Hern\u00e1ndez ser\u00e1 el enlace de esta oficina dependiente al DIF M\u00e9rida. <\/p>\n\n\n\n<p>En su mensaje, la primera edil mencion\u00f3 que desde la oficina buscar\u00e1n tener ojos permanentes en la visi\u00f3n de una ciudad incluyente para las personas con discapacidad.<\/p>\n\n\n\n<p>Tambi\u00e9n anunci\u00f3 que se trabajar\u00e1 con diferentes empresas para retirar del Centro Hist\u00f3rico unos 800 obst\u00e1culos que complican la movilidad de las personas con discapacidad.<\/p>\n\n\n\n<p>Por su parte, Gilda Cota asumi\u00f3 el compromiso con el objetivo de promover y contribuir al desarrollo social, educativo, cultural y laboral de las personas con discapacidad tanto de la comunidad como del propio Ayuntamiento de M\u00e9rida. <\/p>\n\n\n\n<figure class=\"wp-block-image size-large\"><img loading=\"lazy\" width=\"1024\" height=\"1024\" src=\"https:\/\/visionpeninsular.com\/mid\/wp-content\/uploads\/2024\/12\/1000071682-1024x1024.jpg\" alt=\"\" class=\"wp-image-197004\" srcset=\"https:\/\/visionpeninsular.com\/mid\/wp-content\/uploads\/2024\/12\/1000071682-1024x1024.jpg 1024w, https:\/\/visionpeninsular.com\/mid\/wp-content\/uploads\/2024\/12\/1000071682-300x300.jpg 300w, https:\/\/visionpeninsular.com\/mid\/wp-content\/uploads\/2024\/12\/1000071682-150x150.jpg 150w, https:\/\/visionpeninsular.com\/mid\/wp-content\/uploads\/2024\/12\/1000071682-768x768.jpg 768w, https:\/\/visionpeninsular.com\/mid\/wp-content\/uploads\/2024\/12\/1000071682-1536x1536.jpg 1536w, https:\/\/visionpeninsular.com\/mid\/wp-content\/uploads\/2024\/12\/1000071682.jpg 1920w\" sizes=\"(max-width: 1024px) 100vw, 1024px\" \/><figcaption>Inauguraci\u00f3n de la Coordinaci\u00f3n de Inclusi\u00f3n. En el orden habitual, la titular Gilda Cota Vera, la alcaldesa Cecilia Patr\u00f3n y Jes\u00fas C\u00e1mpos Hern\u00e1ndez. FOTO: Cortes\u00eda<\/figcaption><\/figure>\n<div class='share-to-whatsapp-wrapper'><div class='share-on-whsp'>Share on: <\/div><a data-text='Coordinaci\u00f3n de Inclusi\u00f3n,  los ojos permanentes para tener una M\u00e9rida incluyente' data-link='https:\/\/visionpeninsular.com\/mid\/coordinacion-de-inclusion-los-ojos-permanentes-para-tener-una-merida-incluyente\/' class='whatsapp-button whatsapp-share'>WhatsApp<\/a><div class='clear '><\/div><\/div>","protected":false},"excerpt":{"rendered":"<p>\u2022La medallista y atleta paraol\u00edmpica Gilda Cota Vera ser\u00e1 la encargada para contribuir al desarrollo social, educativo, cultural y laboral de las personas con discapacidad M\u00e9rida, Yucat\u00e1n, a 2 de diciembre de 2024.\u2013 La alcaldesa Cecilia Patr\u00f3n Laviada inaugur\u00f3 la Coordinaci\u00f3n de Inclusi\u00f3n, cuya titular es la atleta y medallista paraol\u00edmpica Gilda Cota Vera y &hellip;<\/p>\n","protected":false},"author":11,"featured_media":197004,"comment_status":"open","ping_status":"open","sticky":false,"template":"","format":"standard","meta":{"_mi_skip_tracking":false},"categories":[49,37],"tags":[43126,5668,45685,43676,1285],"_links":{"self":[{"href":"https:\/\/visionpeninsular.com\/mid\/wp-json\/wp\/v2\/posts\/197002"}],"collection":[{"href":"https:\/\/visionpeninsular.com\/mid\/wp-json\/wp\/v2\/posts"}],"about":[{"href":"https:\/\/visionpeninsular.com\/mid\/wp-json\/wp\/v2\/types\/post"}],"author":[{"embeddable":true,"href":"https:\/\/visionpeninsular.com\/mid\/wp-json\/wp\/v2\/users\/11"}],"replies":[{"embeddable":true,"href":"https:\/\/visionpeninsular.com\/mid\/wp-json\/wp\/v2\/comments?post=197002"}],"version-history":[{"count":1,"href":"https:\/\/visionpeninsular.com\/mid\/wp-json\/wp\/v2\/posts\/197002\/revisions"}],"predecessor-version":[{"id":197005,"href":"https:\/\/visionpeninsular.com\/mid\/wp-json\/wp\/v2\/posts\/197002\/revisions\/197005"}],"wp:featuredmedia":[{"embeddable":true,"href":"https:\/\/visionpeninsular.com\/mid\/wp-json\/wp\/v2\/media\/197004"}],"wp:attachment":[{"href":"https:\/\/visionpeninsular.com\/mid\/wp-json\/wp\/v2\/media?parent=197002"}],"wp:term":[{"taxonomy":"category","embeddable":true,"href":"https:\/\/visionpeninsular.com\/mid\/wp-json\/wp\/v2\/categories?post=197002"},{"taxonomy":"post_tag","embeddable":true,"href":"https:\/\/visionpeninsular.com\/mid\/wp-json\/wp\/v2\/tags?post=197002"}],"curies":[{"name":"wp","href":"https:\/\/api.w.org\/{rel}","templated":true}]}}