{"id":196881,"date":"2024-11-29T17:17:15","date_gmt":"2024-11-29T23:17:15","guid":{"rendered":"https:\/\/visionpeninsular.com\/mid\/?p=196881"},"modified":"2024-11-29T17:17:17","modified_gmt":"2024-11-29T23:17:17","slug":"yucatan-enfrenta-exclusion-y-desafios-en-discapacidad","status":"publish","type":"post","link":"https:\/\/visionpeninsular.com\/mid\/yucatan-enfrenta-exclusion-y-desafios-en-discapacidad\/","title":{"rendered":"Yucat\u00e1n enfrenta exclusi\u00f3n y desaf\u00edos en discapacidad"},"content":{"rendered":"\n<p>Con el 6.4 % de su poblaci\u00f3n de 5 a\u00f1os y m\u00e1s viviendo con alguna discapacidad, equivalente a aproximadamente 127,664 personas, Yucat\u00e1n ocupa el lugar 24 a nivel nacional en prevalencia de esta condici\u00f3n, seg\u00fan datos recientes del INEGI.<\/p>\n\n\n\n<p>El INEGI public\u00f3 estas estad\u00edsticas en conmemoraci\u00f3n del D\u00eda Internacional de las Personas con Discapacidad, establecido el 3 de diciembre por la Asamblea General de las Naciones Unidas en 1992, con el objetivo de promover los derechos de esta poblaci\u00f3n y generar conciencia sobre su situaci\u00f3n.<\/p>\n\n\n\n<p>En cuanto a Yucat\u00e1n, si bien el porcentaje est\u00e1 por debajo del promedio nacional, que es de 7.2 %, la exclusi\u00f3n y el rezago educativo y laboral que enfrenta esta poblaci\u00f3n son problemas constantes en el estado y en la regi\u00f3n sureste, conformada por Campeche, Quintana Roo y Tabasco.<\/p>\n\n\n\n<p><strong>Programa integral para discapacidad en Yucat\u00e1n<\/strong><\/p>\n\n\n\n<p>El gobierno de Yucat\u00e1n, con el respaldo federal, lanz\u00f3 un programa de atenci\u00f3n para personas con discapacidad, que incluye un censo casa por casa para precisar su n\u00famero y las causas de su condici\u00f3n, con el objetivo de implementar un programa social y brindar apoyo econ\u00f3mico a esta poblaci\u00f3n vulnerable.<\/p>\n\n\n\n<p>En comparaci\u00f3n regional, Yucat\u00e1n presenta la prevalencia m\u00e1s baja, mientras que Tabasco se ubica como el segundo estado a nivel nacional con mayor proporci\u00f3n de personas con discapacidad, con un 10.1 %, solo por debajo de Zacatecas. Campeche y Quintana Roo registran porcentajes similares a Yucat\u00e1n, aunque todos comparten desaf\u00edos comunes en inclusi\u00f3n y accesibilidad.<\/p>\n\n\n\n<p>Los datos del INEGI revelan que las principales causas de discapacidad est\u00e1n relacionadas con enfermedades (43.9 %) y la edad avanzada (27.2 %). En menor medida, figuran las discapacidades derivadas de accidentes de trabajo (0.9 %) o violencia (0.6 %). La mayor\u00eda de los casos est\u00e1n vinculados a factores estructurales de salud y envejecimiento.<\/p>\n\n\n\n<p>A nivel de actividades cotidianas, las principales dificultades reportadas incluyen ver, incluso con el uso de lentes (45.8 %), y caminar o subir y bajar escaleras (40.3 %). Estas limitaciones afectan m\u00e1s a mujeres que a hombres, situaci\u00f3n que se refleja tambi\u00e9n en las brechas educativas y econ\u00f3micas.<\/p>\n\n\n\n<p><strong>Baja inclusi\u00f3n educativa y laboral<\/strong><\/p>\n\n\n\n<p>Seg\u00fan los datos, solo el 46 % de las personas con discapacidad entre 5 y 29 a\u00f1os en M\u00e9xico asisten a la escuela, mientras que este porcentaje asciende al 60 % en la poblaci\u00f3n sin discapacidad. En Yucat\u00e1n, esta exclusi\u00f3n educativa se traduce en un rezago importante, pues el 14.9 % de las personas con discapacidad carecen de escolaridad, frente al 3.2 % de quienes no enfrentan esta condici\u00f3n.<\/p>\n\n\n\n<p>La exclusi\u00f3n laboral es otro de los retos. Mientras que el 68 % de las personas sin discapacidad participan en actividades econ\u00f3micas, solo el 40.6 % de las personas con discapacidad tienen acceso a un empleo. Las mujeres con discapacidad enfrentan a\u00fan m\u00e1s barreras, con una participaci\u00f3n laboral de apenas el 31.3 %, frente al 51.5 % de los hombres.<\/p>\n\n\n\n<p>Aunque Yucat\u00e1n tiene una prevalencia de discapacidad inferior a la de estados como Tabasco, pero enfrenta la inclusi\u00f3n educativa y econ\u00f3mica, agravados por la discriminaci\u00f3n seg\u00fan el origen de la discapacidad.<\/p>\n\n\n\n<p><\/p>\n\n\n\n<p><\/p>\n<div class='share-to-whatsapp-wrapper'><div class='share-on-whsp'>Share on: <\/div><a data-text='Yucat\u00e1n enfrenta exclusi\u00f3n y desaf\u00edos en discapacidad' data-link='https:\/\/visionpeninsular.com\/mid\/yucatan-enfrenta-exclusion-y-desafios-en-discapacidad\/' class='whatsapp-button whatsapp-share'>WhatsApp<\/a><div class='clear '><\/div><\/div>","protected":false},"excerpt":{"rendered":"<p>Con el 6.4 % de su poblaci\u00f3n de 5 a\u00f1os y m\u00e1s viviendo con alguna discapacidad, equivalente a aproximadamente 127,664 personas, Yucat\u00e1n ocupa el lugar 24 a nivel nacional en prevalencia de esta condici\u00f3n, seg\u00fan datos recientes del INEGI. El INEGI public\u00f3 estas estad\u00edsticas en conmemoraci\u00f3n del D\u00eda Internacional de las Personas con Discapacidad, establecido &hellip;<\/p>\n","protected":false},"author":5,"featured_media":196883,"comment_status":"open","ping_status":"open","sticky":false,"template":"","format":"standard","meta":{"_mi_skip_tracking":false},"categories":[50,37],"tags":[45644,1487],"_links":{"self":[{"href":"https:\/\/visionpeninsular.com\/mid\/wp-json\/wp\/v2\/posts\/196881"}],"collection":[{"href":"https:\/\/visionpeninsular.com\/mid\/wp-json\/wp\/v2\/posts"}],"about":[{"href":"https:\/\/visionpeninsular.com\/mid\/wp-json\/wp\/v2\/types\/post"}],"author":[{"embeddable":true,"href":"https:\/\/visionpeninsular.com\/mid\/wp-json\/wp\/v2\/users\/5"}],"replies":[{"embeddable":true,"href":"https:\/\/visionpeninsular.com\/mid\/wp-json\/wp\/v2\/comments?post=196881"}],"version-history":[{"count":1,"href":"https:\/\/visionpeninsular.com\/mid\/wp-json\/wp\/v2\/posts\/196881\/revisions"}],"predecessor-version":[{"id":196884,"href":"https:\/\/visionpeninsular.com\/mid\/wp-json\/wp\/v2\/posts\/196881\/revisions\/196884"}],"wp:featuredmedia":[{"embeddable":true,"href":"https:\/\/visionpeninsular.com\/mid\/wp-json\/wp\/v2\/media\/196883"}],"wp:attachment":[{"href":"https:\/\/visionpeninsular.com\/mid\/wp-json\/wp\/v2\/media?parent=196881"}],"wp:term":[{"taxonomy":"category","embeddable":true,"href":"https:\/\/visionpeninsular.com\/mid\/wp-json\/wp\/v2\/categories?post=196881"},{"taxonomy":"post_tag","embeddable":true,"href":"https:\/\/visionpeninsular.com\/mid\/wp-json\/wp\/v2\/tags?post=196881"}],"curies":[{"name":"wp","href":"https:\/\/api.w.org\/{rel}","templated":true}]}}