{"id":19678,"date":"2017-01-07T08:44:58","date_gmt":"2017-01-07T14:44:58","guid":{"rendered":"http:\/\/visionpeninsular.com\/mid\/?p=19678"},"modified":"2017-01-07T08:44:58","modified_gmt":"2017-01-07T14:44:58","slug":"merida-la-capital-mundial-la-cultura-armando-caton","status":"publish","type":"post","link":"https:\/\/visionpeninsular.com\/mid\/merida-la-capital-mundial-la-cultura-armando-caton\/","title":{"rendered":"M\u00e9rida deber\u00eda ser la Capital Mundial de la Cultura: Armando &#8220;Cat\u00f3n&#8221;"},"content":{"rendered":"<p>Durante la sesi\u00f3n solemne de Cabildo con motivo del 475 aniversario de la fundaci\u00f3n de M\u00e9rida, el alcalde Mauricio Vila Dosal destac\u00f3 las virtudes y reconocimientos que recibe la Ciudad Blanca, como la denominaci\u00f3n, por segunda vez, como Capital Americana de la Cultura, lo que, sin duda, la convertir\u00e1 en el centro de las miradas y permitir\u00e1 mostrar al mundo lo que es, lo que ha sido y lo que aspira a ser.<\/p>\n<p>Manifest\u00f3 que a la herencia cultural de los yucatecos, procedente de los mayas, espa\u00f1oles y el mestizaje de ambas razas, se han sumado de a\u00f1os atr\u00e1s representantes de otras latitudes y, m\u00e1s recientemente, de diferentes partes del pa\u00eds, que han aportado su acervo para enriquecerla a\u00fan m\u00e1s.<\/p>\n<p>El presidente municipal hizo notar que la construcci\u00f3n de la M\u00e9rida de nuestros d\u00edas no ha sido tarea sencilla, sino que es el producto del trabajo diario de miles de meridanas y meridanos que a lo largo de su historia, con su esfuerzo y talento, han hecho de la Ciudad Blanca, la mejor en calidad de vida de todo el pa\u00eds.<\/p>\n<p>El Alcalde dirigi\u00f3 su mensaje durante la sesi\u00f3n solemne que comenz\u00f3 a las 20 horas en el auditorio \u201cSilvio Zavala Vallado\u201d del Centro Cultural de M\u00e9rida \u201cOlimpo\u201d y que tuvo como orador hu\u00e9sped al escritor Armando Fuentes Aguirre (Cat\u00f3n). Entre los asistentes se encontraba la esposa del Presidente Municipal, Mar\u00eda Eugenia Ortiz Abraham. La sesi\u00f3n comenz\u00f3 con honores a la bandera y el Himno Nacional.<\/p>\n<p>Ante el Cabildo en pleno, y la presencia de autoridades estatales, federales y de las fuerzas armadas, representantes de los otros dos poderes y de diplom\u00e1ticos, as\u00ed como de la sociedad civil, y ex alcaldes de la capital yucateca, Mauricio Vila se\u00f1al\u00f3 que M\u00e9rida es una ciudad moderna que preserva sus tradiciones.<\/p>\n<p>\u2014Una ciudad que ha sido construida y sigue avanzando, con el talento y esfuerzo de todos los nacidos en ella y de quienes la han elegido para vivir y ver crecer a sus hijos.<\/p>\n<p>Esta M\u00e9rida en crecimiento tiene un reto adicional el cual debemos enfrentar juntos, gobierno y sociedad \u2014advirti\u00f3: Si queremos seguir como ciudad segura y con la mejor calidad de vida, debemos conservar su entorno natural, fortalecer el tejido social, combatir la desigualdad y fomentar la inclusi\u00f3n social de quienes menos tienen y son m\u00e1s vulnerables. Para ello trabajamos autoridad municipal y sociedad.<\/p>\n<p>El orador hu\u00e9sped, Armando Fuentes Aguirre \u201cCat\u00f3n\u201d manifest\u00f3 que M\u00e9rida deber\u00eda ser nombrada la Capital Mundial de la Cultura y llam\u00f3 a los meridanos a conservar lo mejor de su riqueza y sus tradiciones<\/p>\n<p>Los presentes escucharon y respondieron con aplausos la intervenci\u00f3n de Fuentes Aguirre (Cat\u00f3n), salpicada de an\u00e9cdotas, recuerdos y consejos, pero poniendo sobre todo \u00e9nfasis en la calidad de vida en M\u00e9rida, en su cultura, en sus tradiciones, su gastronom\u00eda y el reconocimiento a la capital yucateca por su designaci\u00f3n como Capital Americana de la Cultura a la vez que opin\u00f3 que debe ser nombrada Capital Mundial de la Cultura.<\/p>\n<p>Aunque dijo no ser partidario de dar mensajes, ya que considera que esa tarea le corresponde a Tel\u00e9grafos de M\u00e9xico, Cat\u00f3n aconsej\u00f3 a los meridanos, y a los yucatecos en general: no pierdan la esencia de lo que es Yucat\u00e1n, que conserven sus galas de atuendo, como la vivida la noche anterior durante la alborada en honor de M\u00e9rida, en la que las damas lucieron el elegante terno, en tanto los varones vistieron de blanco.<\/p>\n<p>Tambi\u00e9n pidi\u00f3 no perder el \u201cmodito\u201d de hablar \u201cporque ustedes cantan cuando hablan\u201d, en tanto que en el Norte \u201cparece que gritamos\u201d<\/p>\n<p>\u2014 Que conserven la espl\u00e9ndida riqueza de su gastronom\u00eda \u2014expres\u00f3\u2014. Si me preguntan cu\u00e1les son los platillos en mi estado, digo que son tres: carne asada t\u00e9rmino medio, tres cuartos y bien cocida.<\/p>\n<p>Agreg\u00f3 que no se compara con la cocina yucateca que tiene un platillo para cada d\u00eda.<\/p>\n<p>Recalc\u00f3 que se deben conservar esas ricas tradiciones y no olvidar la m\u00fasica como la trova de Guty C\u00e1rdenas y Ricardo Palmer\u00edn y ahora de Esquivel y Manzanero.<\/p>\n<p>Tampoco se debe perder la lengua maya, que es de una riqueza indescriptible.<\/p>\n<p>Al t\u00e9rmino de su intervenci\u00f3n, el escritor, oriundo de Saltillo Coahuila, recibi\u00f3 nutridos aplausos del p\u00fablico. Previamente, el alcalde Mauricio Vila le entreg\u00f3 un reconocimiento.<\/p>\n<p>En su discurso el alcalde tambi\u00e9n record\u00f3 algunas de las acciones que el Ayuntamiento lleva a cabo para mantener los valores de la Ciudad Blanca, entre ellas, desarrollo sustentable que fomenta el arbolado urbano, utilizaci\u00f3n de energ\u00edas limpias y respeto al entorno natural; financiamiento y capacitaci\u00f3n para j\u00f3venes o adultos que s\u00f3lo cuentan con sus ideas y su talento, para que emprendan su propio negocio, o bien capacitaci\u00f3n que permita tener un empleo bien remunerado.<\/p>\n<p>\u2014Una M\u00e9rida donde la cultura no es propiedad del gobierno, sino patrimonio de los ciudadanos \u2014expres\u00f3 el Presidente Municipal\u2014. Por ello, somos la primera ciudad de M\u00e9xico en suscribir una carta de los Derechos Culturales a trav\u00e9s de la cual se garantiza el acceso a los bienes de la cultura a todo habitante de la ciudad.<\/p>\n<p>Mauricio Vila invit\u00f3 a que el 475 aniversario de M\u00e9rida sea una oportunidad para que autoridad y ciudadanos refrenden su compromiso de continuar desarrollando pol\u00edticas p\u00fablicas en las que la inclusi\u00f3n, la gobernanza, la transparencia y el ejercicio democr\u00e1tico del poder permitan construir una mejor ciudad y, de esta manera, honrar nuestro pasado y construir un mejor futuro.<\/p>\n<p>La Sesi\u00f3n Solemne de Cabildo cont\u00f3 con la presencia del Sr. Omar Sabat Guzm\u00e1n, Alcalde de Valdivia, Chile Capital Americana de la Cultura de 2016 , Mtro. Allan Navarrete Mu\u00f1oz, Vicepresidente Ejecutivo y Gerente General de Discovery Networks M\u00e9xico , Sr. Xavier Tudela Penya, Presidente del Bureau Internacional de Capitales Culturales, Excmo. Sr. Daniel Chuburu, Embajador de Argentina en M\u00e9xico, Excmo. Sr. Jorge Delgado Fern\u00e1ndez, Embajador Rep\u00fablica Oriental del Uruguay en M\u00e9xico, Consejera Gianina Torres Diaz, Encargada de Asuntos Culturales de la Embajada del Per\u00fa en M\u00e9xico, Felipe Ahumada Vasconcelos, Director de Cultura, Erica Millet Corona, Secretaria Ejecutiva de M\u00e9rida, Capital Americana de la Cultura 2017, Victor Hugo Lozano Poveda, Coordinador General de Pol\u00edtica Comunitaria.<\/p>\n<p>Tambi\u00e9n asistieron el general de Brigada Diplomado de Estado Mayor Rafael V\u00e1zquez Zavala, general de Grupo Piloto Aviador Diplomado de Estado Mayor A\u00e9reo, Rom\u00e1n Cardona Landa, Comandante de la Base A\u00e9rea Militar No. 8. Comandante Julio C\u00e9sar Mart\u00ednez Arredondo, Comisario Estatal de la Polic\u00eda Federal.<\/p>\n<div class='share-to-whatsapp-wrapper'><div class='share-on-whsp'>Share on: <\/div><a data-text='M\u00e9rida deber\u00eda ser la Capital Mundial de la Cultura: Armando \"Cat\u00f3n\"' data-link='https:\/\/visionpeninsular.com\/mid\/merida-la-capital-mundial-la-cultura-armando-caton\/' class='whatsapp-button whatsapp-share'>WhatsApp<\/a><div class='clear '><\/div><\/div>","protected":false},"excerpt":{"rendered":"<p>Durante la sesi\u00f3n solemne de Cabildo con motivo del 475 aniversario de la fundaci\u00f3n de M\u00e9rida, el alcalde Mauricio Vila Dosal destac\u00f3 las virtudes y reconocimientos que recibe la Ciudad Blanca, como la denominaci\u00f3n, por segunda vez, como Capital Americana de la Cultura, lo que, sin duda, la convertir\u00e1 en el centro de las miradas &hellip;<\/p>\n","protected":false},"author":1,"featured_media":19679,"comment_status":"open","ping_status":"open","sticky":false,"template":"","format":"standard","meta":{"_mi_skip_tracking":false},"categories":[50],"tags":[174,4778,199,107],"_links":{"self":[{"href":"https:\/\/visionpeninsular.com\/mid\/wp-json\/wp\/v2\/posts\/19678"}],"collection":[{"href":"https:\/\/visionpeninsular.com\/mid\/wp-json\/wp\/v2\/posts"}],"about":[{"href":"https:\/\/visionpeninsular.com\/mid\/wp-json\/wp\/v2\/types\/post"}],"author":[{"embeddable":true,"href":"https:\/\/visionpeninsular.com\/mid\/wp-json\/wp\/v2\/users\/1"}],"replies":[{"embeddable":true,"href":"https:\/\/visionpeninsular.com\/mid\/wp-json\/wp\/v2\/comments?post=19678"}],"version-history":[{"count":1,"href":"https:\/\/visionpeninsular.com\/mid\/wp-json\/wp\/v2\/posts\/19678\/revisions"}],"predecessor-version":[{"id":19680,"href":"https:\/\/visionpeninsular.com\/mid\/wp-json\/wp\/v2\/posts\/19678\/revisions\/19680"}],"wp:featuredmedia":[{"embeddable":true,"href":"https:\/\/visionpeninsular.com\/mid\/wp-json\/wp\/v2\/media\/19679"}],"wp:attachment":[{"href":"https:\/\/visionpeninsular.com\/mid\/wp-json\/wp\/v2\/media?parent=19678"}],"wp:term":[{"taxonomy":"category","embeddable":true,"href":"https:\/\/visionpeninsular.com\/mid\/wp-json\/wp\/v2\/categories?post=19678"},{"taxonomy":"post_tag","embeddable":true,"href":"https:\/\/visionpeninsular.com\/mid\/wp-json\/wp\/v2\/tags?post=19678"}],"curies":[{"name":"wp","href":"https:\/\/api.w.org\/{rel}","templated":true}]}}