{"id":19675,"date":"2017-01-07T08:41:50","date_gmt":"2017-01-07T14:41:50","guid":{"rendered":"http:\/\/visionpeninsular.com\/mid\/?p=19675"},"modified":"2017-01-07T08:41:50","modified_gmt":"2017-01-07T14:41:50","slug":"merida-sera-faro-cultural-mexico-este-2017-mauricio-vila","status":"publish","type":"post","link":"https:\/\/visionpeninsular.com\/mid\/merida-sera-faro-cultural-mexico-este-2017-mauricio-vila\/","title":{"rendered":"M\u00e9rida ser\u00e1 el faro cultural de M\u00e9xico este 2017: Mauricio Vila"},"content":{"rendered":"<p>M\u00e9rida, en 475 a\u00f1os de historia, preservando su riqueza colonial, transita para ser una ciudad moderna, con valores y gobernanza, afirm\u00f3 el alcalde de M\u00e9rida, Mauricio Vila Dosal, durante el inicio de \u201cM\u00e9rida, Capital Americana de la Cultura 2017\u201d.<\/p>\n<p>Esta transformaci\u00f3n, agreg\u00f3, compromete a las autoridades a mantener el rumbo, a mejorar lo que ha dado resultado y a cambiar lo que sea necesario.<\/p>\n<p>Vila Dosal se\u00f1al\u00f3 que el t\u00edtulo Capital Americana de la Cultura, que en este a\u00f1o se recibe por segunda ocasi\u00f3n, es una confirmaci\u00f3n al reconocimiento de la riqueza de nuestra cultura y de la profundidad de nuestras ra\u00edces.<\/p>\n<p>-Esta M\u00e9rida en crecimiento que hoy cumple 475 a\u00f1os tiene un reto adicional, si queremos seguir siendo una ciudad segura, con la mejor calidad de vida, debemos conservar su ambiente, fortalecer nuestro tejido social, combatir la desigualdad y fomentar la inclusi\u00f3n social de los que menos tienen y son m\u00e1s vulnerables.<\/p>\n<p>El alcalde destac\u00f3 que se trabaja por una M\u00e9rida donde la cultura no es propiedad del gobierno, sino patrimonio de los ciudadanos, por ello es la primera ciudad en suscribir la Carta de los Derechos Culturales mediante la cual se garantiza el acceso a los bienes de la cultura a todo habitante de la ciudad.<\/p>\n<p>-Hoy M\u00e9rida, que es distinguible en el mundo por sus valores c\u00edvicos y familiares, tiene enfrente el reto de las ciudades que crecen: ser moderna sin perder su esencia y su identidad -detall\u00f3.<\/p>\n<p>En el evento estuvieron presentes el secretario de la Cultura y las Artes, Roger Metri Duarte, en representaci\u00f3n del gobernador, Rolando Zapata Bello;  el alcalde de Valdivia, Chile (Capital Americana de la Cultura 2016), Omar Sabat Guzm\u00e1n; el vicepresidente Ejecutivo y Gerente General de Discovery  Networks Latinoam\u00e9rica, Allan Navarrete Mu\u00f1oz.<\/p>\n<p>Tambi\u00e9n el presidente del Bureau Internacional de Capitales Culturales, Xavier Tudela Penya; la secretaria Ejecutiva de M\u00e9rida, Capital Americana de la Cultura 2017, Erica Millet Corona, y el coordinador general de Pol\u00edtica Comunitaria, V\u00edctor Hugo Lozano Poveda.<\/p>\n<p>El alcalde de Valdivia hizo un reconocimiento a la calidad humana y al cari\u00f1o con que fueron recibidos en M\u00e9rida, adem\u00e1s destac\u00f3 la calidad y la cantidad de actividades culturales que se han desarrollado, que han hecho de M\u00e9rida una apuesta al valor,  a la persona, al patrimonio arquitect\u00f3nico, al valor patrimonio cultural en general y al valor de la historia, para ser una ciudad hist\u00f3rica y con profundas ra\u00edces.<\/p>\n<p>-Por eso nos sentimos felices de haber estado presentes y poder entregar el t\u00edtulo de Capital American de la Cultura 2017 a ustedes que ya tienen  la experiencia, parti\u00f3 de aqu\u00ed, nosotros hemos copiado ciertas cosas que hemos repetido en nuestra Capital Cultural.<\/p>\n<p>Omar Sabat se\u00f1al\u00f3 que est\u00e1n a disposici\u00f3n para trabajar en conjunto, para crear instancias donde ambas ciudades tengan mayor unidad, que la Capital Cultural de Valdivia y la de M\u00e9rida sea el s\u00edmbolo de Am\u00e9rica.<\/p>\n<p>-Buscamos unificar, demostrar que somos verdaderos americanos, que somos personas y que no importa la tierra sino los seres humanos -expres\u00f3.<\/p>\n<p>El vicepresidente de Ejecutivo de Discovery Networks, Navarrete Mu\u00f1oz, inform\u00f3 que M\u00e9rida ser\u00e1 promocionada en este a\u00f1o de Capital Americana en los 11 canales, incluyendo Brasil, que tienen la cadena m\u00e1s grande en toda Latinoam\u00e9rica, adem\u00e1s de los canales hispanos en Estados unidos.<\/p>\n<p>Adem\u00e1s, dijo, se realizaran diversas actividades en sus sitios web, como el promover que la gente mande sus fotos en los puntos que m\u00e1s les gusten de la ciudad de M\u00e9rida y con esas im\u00e1genes hacer un video.<\/p>\n<p>-Vamos a llevar el mensaje de M\u00e9rida a m\u00e1s de 362 millones de hogares de Latinoam\u00e9rica, adem\u00e1s de los hogares hispanos en Estados Unidos -explic\u00f3.<\/p>\n<p>Xavier Tudela, presidente del Bureau Internacional de Capitales Culturales, indic\u00f3 que M\u00e9rida tiene que ser en 2017 el faro cultural de M\u00e9xico, de las Am\u00e9ricas y del Mundo, para que se reconozcan los mejores valores que son los que en M\u00e9rida existen y exist\u00edan en 2000.<\/p>\n<p>Erica Millet se\u00f1al\u00f3 que el primer reto de ser dos veces capital cultural es hacer honor al pasado, nuestra tradici\u00f3n y costumbres, pero con la mirada puesta en el futuro, en el progreso y en la continua transformaci\u00f3n de esta cultura que por definici\u00f3n vive sumando, incluyendo y dialogando.<\/p>\n<p>El alcalde de M\u00e9rida, agreg\u00f3 que en el Ayuntamiento se trabaja  para que M\u00e9rida, a sus 475 a\u00f1os, no solo tenga un crecimiento, sino un desarrollo sustentable, que fomente el arbolado urbano, la utilizaci\u00f3n de energ\u00edas limpias y el respeto al entorno natural.<\/p>\n<p>-Se trabaja por una M\u00e9rida donde sea posible que un joven o un adulto, que solo cuente con sus ideas y su talento, acceda al financiamiento y capacitaci\u00f3n para emprender su propio negocio, o en la que tenga acceso a la capacitaci\u00f3n que le permita tener un empleo y que sea bien remunerado -expres\u00f3.<br \/>\n-Trabajamos por una M\u00e9rida donde sea posible detectar a tiempo el c\u00e1ncer de mama entre las mujeres de las zonas marginadas mediante un mast\u00f3grafo m\u00f3vil, donde sea posible que un m\u00e9dico acuda al domicilio de un adulto mayor que no pueda moverse y donde sea posible que un ni\u00f1o acuda a un Cendi con personal certificado para su cuidado.<\/p>\n<p>El alcalde asegur\u00f3 que el presente de M\u00e9rida se ha escrito a lo largo de 475 a\u00f1os y que su futuro se est\u00e1 escribiendo desde ahora.<\/p>\n<p>-Hagamos que sea un futuro de paz, de prosperidad y de oportunidades para todos\u2026  M\u00e9rida, nuestra Ciudad Blanca y Capital Americana 2017 cuenta con todos -enfatiz\u00f3.<\/p>\n<p>Adem\u00e1s estuvieron presentes embajadores Invitados Excmo. Sr. Daniel Chuburu, de Argentina en M\u00e9xico, Excmo. Sr. Jorge Delgado Fern\u00e1ndez, de Rep\u00fablica Oriental del Uruguay en M\u00e9xico, as\u00ed como la consejera Gianina Torres D\u00edaz, encargada de Asuntos Culturales de la Embajada de Per\u00fa en M\u00e9xico; la comitiva de Valdivia, directores y regidores del Ayuntamiento de M\u00e9rida, cronistas de la ciudad y los ex alcaldes Xavier Abreu Sierra y Cesar Boj\u00f3rquez Zapata.<\/p>\n<div class='share-to-whatsapp-wrapper'><div class='share-on-whsp'>Share on: <\/div><a data-text='M\u00e9rida ser\u00e1 el faro cultural de M\u00e9xico este 2017: Mauricio Vila' data-link='https:\/\/visionpeninsular.com\/mid\/merida-sera-faro-cultural-mexico-este-2017-mauricio-vila\/' class='whatsapp-button whatsapp-share'>WhatsApp<\/a><div class='clear '><\/div><\/div>","protected":false},"excerpt":{"rendered":"<p>M\u00e9rida, en 475 a\u00f1os de historia, preservando su riqueza colonial, transita para ser una ciudad moderna, con valores y gobernanza, afirm\u00f3 el alcalde de M\u00e9rida, Mauricio Vila Dosal, durante el inicio de \u201cM\u00e9rida, Capital Americana de la Cultura 2017\u201d. Esta transformaci\u00f3n, agreg\u00f3, compromete a las autoridades a mantener el rumbo, a mejorar lo que ha &hellip;<\/p>\n","protected":false},"author":1,"featured_media":19676,"comment_status":"open","ping_status":"open","sticky":false,"template":"","format":"standard","meta":{"_mi_skip_tracking":false},"categories":[49],"tags":[3390,199,107],"_links":{"self":[{"href":"https:\/\/visionpeninsular.com\/mid\/wp-json\/wp\/v2\/posts\/19675"}],"collection":[{"href":"https:\/\/visionpeninsular.com\/mid\/wp-json\/wp\/v2\/posts"}],"about":[{"href":"https:\/\/visionpeninsular.com\/mid\/wp-json\/wp\/v2\/types\/post"}],"author":[{"embeddable":true,"href":"https:\/\/visionpeninsular.com\/mid\/wp-json\/wp\/v2\/users\/1"}],"replies":[{"embeddable":true,"href":"https:\/\/visionpeninsular.com\/mid\/wp-json\/wp\/v2\/comments?post=19675"}],"version-history":[{"count":1,"href":"https:\/\/visionpeninsular.com\/mid\/wp-json\/wp\/v2\/posts\/19675\/revisions"}],"predecessor-version":[{"id":19677,"href":"https:\/\/visionpeninsular.com\/mid\/wp-json\/wp\/v2\/posts\/19675\/revisions\/19677"}],"wp:featuredmedia":[{"embeddable":true,"href":"https:\/\/visionpeninsular.com\/mid\/wp-json\/wp\/v2\/media\/19676"}],"wp:attachment":[{"href":"https:\/\/visionpeninsular.com\/mid\/wp-json\/wp\/v2\/media?parent=19675"}],"wp:term":[{"taxonomy":"category","embeddable":true,"href":"https:\/\/visionpeninsular.com\/mid\/wp-json\/wp\/v2\/categories?post=19675"},{"taxonomy":"post_tag","embeddable":true,"href":"https:\/\/visionpeninsular.com\/mid\/wp-json\/wp\/v2\/tags?post=19675"}],"curies":[{"name":"wp","href":"https:\/\/api.w.org\/{rel}","templated":true}]}}