{"id":196590,"date":"2024-11-22T16:27:44","date_gmt":"2024-11-22T22:27:44","guid":{"rendered":"https:\/\/visionpeninsular.com\/mid\/?p=196590"},"modified":"2024-11-22T16:27:44","modified_gmt":"2024-11-22T22:27:44","slug":"valladolid-lleva-su-magia-a-la-cdmx-con-una-feria-turistica","status":"publish","type":"post","link":"https:\/\/visionpeninsular.com\/mid\/valladolid-lleva-su-magia-a-la-cdmx-con-una-feria-turistica\/","title":{"rendered":"Valladolid lleva su magia a la CDMX con una feria tur\u00edstica"},"content":{"rendered":"\n<ul><li><strong><em>Dentro de las acciones emprendidas por el Gobierno de Yucat\u00e1n para impulsar el turismo, la Secretar\u00eda de Fomento Tur\u00edstico (Sefotur) promueve una serie de actividades para incrementar la afluencia de visitantes a este municipio del oriente yucateco.<\/em><\/strong><ul><li><strong><em>\u2060Del 22 al 24 de noviembre, autoridades y empresarios promover\u00e1n en la capital del pa\u00eds este Pueblo M\u00e1gico.<\/em><\/strong><\/li><\/ul><\/li><\/ul>\n\n\n\n<p>En el marco de los lineamientos establecidos por el Gobernador Joaqu\u00edn D\u00edaz Mena para impulsar el turismo en todo Yucat\u00e1n, del 22 al 24 de noviembre, Valladolid saldr\u00e1 a la conquista del mercado m\u00e1s grande del pa\u00eds: la Ciudad de M\u00e9xico.<\/p>\n\n\n\n<p>Con el respaldo del Gobierno de Yucat\u00e1n, a trav\u00e9s de la Secretar\u00eda de Fomento Tur\u00edstico (Sefotur), se busca mostrar los productos, hoteles y servicios que este destino ofrece para atender a los visitantes.<\/p>\n\n\n\n<p>Durante tres d\u00edas, empresarios y autoridades desarrollar\u00e1n una interesante agenda de actividades de promoci\u00f3n orientadas a incrementar la afluencia de turistas a este Pueblo M\u00e1gico. Entre estas actividades destaca la feria de negocios que se llevar\u00e1 a cabo el 22 de noviembre en el piso 51 de la Torre Mayor, donde empresarios vallisoletanos se reunir\u00e1n con agentes de viajes especializados.<\/p>\n\n\n\n<p>En este encuentro de negocios se presentar\u00e1 el destino Valladolid, Yucat\u00e1n, con sus atractivos tur\u00edsticos, ideales para quienes buscan experiencias de aventura, romance, arqueolog\u00eda y gastronom\u00eda.<\/p>\n\n\n\n<p>Las actividades de promoci\u00f3n en la Ciudad de M\u00e9xico estar\u00e1n encabezadas por el titular de la Sefotur, Dar\u00edo Flota; el alcalde de Valladolid, Homero Novelo Burgos; y los presidentes de organismos empresariales de esta ciudad del oriente del estado.<\/p>\n\n\n\n<figure class=\"wp-block-image size-full\"><img loading=\"lazy\" width=\"400\" height=\"266\" src=\"https:\/\/visionpeninsular.com\/mid\/wp-content\/uploads\/2024\/11\/vallaferia-2.jpg\" alt=\"\" class=\"wp-image-196593\" srcset=\"https:\/\/visionpeninsular.com\/mid\/wp-content\/uploads\/2024\/11\/vallaferia-2.jpg 400w, https:\/\/visionpeninsular.com\/mid\/wp-content\/uploads\/2024\/11\/vallaferia-2-300x200.jpg 300w, https:\/\/visionpeninsular.com\/mid\/wp-content\/uploads\/2024\/11\/vallaferia-2-310x205.jpg 310w\" sizes=\"(max-width: 400px) 100vw, 400px\" \/><\/figure>\n\n\n\n<p>El primer d\u00eda de la agenda, este viernes 22, incluir\u00e1 una conferencia de prensa con medios de la Ciudad de M\u00e9xico especializados en turismo. Para el s\u00e1bado 23, se presentar\u00e1 una muestra de Valladolid en el centro comercial Santa Fe, que contar\u00e1 con la participaci\u00f3n de 10 artesanos y 20 empresas, entre hoteles, tour operadores y restaurantes.<\/p>\n\n\n\n<p>En el centro comercial, los empresarios vender\u00e1n de manera directa al p\u00fablico sus servicios de hospedaje y dar\u00e1n a conocer la oferta gastron\u00f3mica, as\u00ed como los productos artesanales elaborados por mujeres y hombres vallisoletanos.<\/p>\n\n\n\n<p>La exposici\u00f3n de Valladolid en el centro comercial Santa Fe estar\u00e1 abierta el s\u00e1bado 23 y domingo 24 de noviembre, de 11:00 a 20:00 horas.<\/p>\n<div class='share-to-whatsapp-wrapper'><div class='share-on-whsp'>Share on: <\/div><a data-text='Valladolid lleva su magia a la CDMX con una feria tur\u00edstica' data-link='https:\/\/visionpeninsular.com\/mid\/valladolid-lleva-su-magia-a-la-cdmx-con-una-feria-turistica\/' class='whatsapp-button whatsapp-share'>WhatsApp<\/a><div class='clear '><\/div><\/div>","protected":false},"excerpt":{"rendered":"<p>Dentro de las acciones emprendidas por el Gobierno de Yucat\u00e1n para impulsar el turismo, la Secretar\u00eda de Fomento Tur\u00edstico (Sefotur) promueve una serie de actividades para incrementar la afluencia de visitantes a este municipio del oriente yucateco.\u2060Del 22 al 24 de noviembre, autoridades y empresarios promover\u00e1n en la capital del pa\u00eds este Pueblo M\u00e1gico. En &hellip;<\/p>\n","protected":false},"author":5,"featured_media":196592,"comment_status":"open","ping_status":"open","sticky":false,"template":"","format":"standard","meta":{"_mi_skip_tracking":false},"categories":[49,37],"tags":[7934,185,10820,34381],"_links":{"self":[{"href":"https:\/\/visionpeninsular.com\/mid\/wp-json\/wp\/v2\/posts\/196590"}],"collection":[{"href":"https:\/\/visionpeninsular.com\/mid\/wp-json\/wp\/v2\/posts"}],"about":[{"href":"https:\/\/visionpeninsular.com\/mid\/wp-json\/wp\/v2\/types\/post"}],"author":[{"embeddable":true,"href":"https:\/\/visionpeninsular.com\/mid\/wp-json\/wp\/v2\/users\/5"}],"replies":[{"embeddable":true,"href":"https:\/\/visionpeninsular.com\/mid\/wp-json\/wp\/v2\/comments?post=196590"}],"version-history":[{"count":1,"href":"https:\/\/visionpeninsular.com\/mid\/wp-json\/wp\/v2\/posts\/196590\/revisions"}],"predecessor-version":[{"id":196594,"href":"https:\/\/visionpeninsular.com\/mid\/wp-json\/wp\/v2\/posts\/196590\/revisions\/196594"}],"wp:featuredmedia":[{"embeddable":true,"href":"https:\/\/visionpeninsular.com\/mid\/wp-json\/wp\/v2\/media\/196592"}],"wp:attachment":[{"href":"https:\/\/visionpeninsular.com\/mid\/wp-json\/wp\/v2\/media?parent=196590"}],"wp:term":[{"taxonomy":"category","embeddable":true,"href":"https:\/\/visionpeninsular.com\/mid\/wp-json\/wp\/v2\/categories?post=196590"},{"taxonomy":"post_tag","embeddable":true,"href":"https:\/\/visionpeninsular.com\/mid\/wp-json\/wp\/v2\/tags?post=196590"}],"curies":[{"name":"wp","href":"https:\/\/api.w.org\/{rel}","templated":true}]}}