{"id":196528,"date":"2024-11-20T18:05:47","date_gmt":"2024-11-21T00:05:47","guid":{"rendered":"https:\/\/visionpeninsular.com\/mid\/?p=196528"},"modified":"2024-11-20T18:06:03","modified_gmt":"2024-11-21T00:06:03","slug":"agencia-de-energia-de-yucatan-el-objetivo-es-poner-al-estado-en-los-ojos-del-mundo","status":"publish","type":"post","link":"https:\/\/visionpeninsular.com\/mid\/agencia-de-energia-de-yucatan-el-objetivo-es-poner-al-estado-en-los-ojos-del-mundo\/","title":{"rendered":"Agencia de Energ\u00eda de Yucat\u00e1n: El objetivo es poner al Estado en los ojos del mundo"},"content":{"rendered":"\n<h2 class=\"has-text-align-center\">Se crear\u00e1 un polo de inversi\u00f3n y desarrollo para que cualquier empresa, que quiera crear nuevas inversiones en materia de energ\u00edas renovables <\/h2>\n\n\n\n<p>M\u00e9rida, Yucat\u00e1n, a 19 de noviembre de 2024.\u2013 Durante la presentaci\u00f3n de la Agencia de Energ\u00eda de Yucat\u00e1n, de nueva creaci\u00f3n, el pr\u00f3ximo titular Pablo Gamboa M\u00edner anunci\u00f3 la inversi\u00f3n privada de 140 millones de d\u00f3lares para el Parque E\u00f3lico Tizim\u00edn II.<\/p>\n\n\n\n<p>\u201cYa es un hecho. La empresa empezar\u00e1 los trabajos en marzo de 2025\u201d, asever\u00f3 el funcionario estatal. Esta nueva dependencia gubernamental sentar\u00e1 las bases para la transici\u00f3n a energ\u00edas limpias y renovables, y el desarrollo de proyectos como parques solares, e\u00f3licos e hidr\u00e1ulicos y el gas natural.<\/p>\n\n\n\n<p>El gobernador Joaqu\u00edn D\u00edaz Mena se\u00f1al\u00f3 que el prop\u00f3sito es colocar a la entidad a los ojos de los inversionistas de M\u00e9xico y el mundo para producir m\u00e1s energ\u00eda para los empresarios y la poblaci\u00f3n en Yucat\u00e1n.<\/p>\n\n\n\n<p>Gamboa M\u00edner, explic\u00f3 que se crear\u00e1 un \u201cpolo de inversi\u00f3n y desarrollo para que cualquier empresa, ya sea mexicana o del mundo, que quiera crear nuevas inversiones vea a Yucat\u00e1n la posibilidad de hacerlo\u201d.<\/p>\n\n\n\n<p>\u201cEl gobernador quiere el acompa\u00f1amiento en el tema federal y esta administraci\u00f3n siente todos los precedentes; todas las empresas privadas de M\u00e9xico y el mundo puedan ver a Yucat\u00e1n como un polo de inversi\u00f3n en materia de energ\u00edas limpias\u201d, afirm\u00f3.<\/p>\n\n\n\n<figure class=\"wp-block-image size-large\"><img loading=\"lazy\" width=\"1024\" height=\"683\" src=\"https:\/\/visionpeninsular.com\/mid\/wp-content\/uploads\/2024\/11\/VP_NOV20_ENERGIASLIMPIAS-1024x683.jpg\" alt=\"\" class=\"wp-image-196530\" srcset=\"https:\/\/visionpeninsular.com\/mid\/wp-content\/uploads\/2024\/11\/VP_NOV20_ENERGIASLIMPIAS-1024x683.jpg 1024w, https:\/\/visionpeninsular.com\/mid\/wp-content\/uploads\/2024\/11\/VP_NOV20_ENERGIASLIMPIAS-300x200.jpg 300w, https:\/\/visionpeninsular.com\/mid\/wp-content\/uploads\/2024\/11\/VP_NOV20_ENERGIASLIMPIAS-768x512.jpg 768w, https:\/\/visionpeninsular.com\/mid\/wp-content\/uploads\/2024\/11\/VP_NOV20_ENERGIASLIMPIAS.jpg 1200w\" sizes=\"(max-width: 1024px) 100vw, 1024px\" \/><figcaption> La nueva Agencia de Energ\u00eda de Yucat\u00e1n sentar\u00e1 las bases para la transici\u00f3n a energ\u00edas limpias y renovables, y el desarrollo de proyectos como parques solares, e\u00f3licos e hidr\u00e1ulicos y el gas natural. FOTOGRAF\u00cdA: <a href=\"https:\/\/reportajes.causanatura.org\/wp-content\/uploads\/2023\/09\/imagen_no_04-e1695684177947.jpg\">imagen_no_04-e1695684177947.jpg (1200\u00d7800)<\/a><\/figcaption><\/figure>\n<div class='share-to-whatsapp-wrapper'><div class='share-on-whsp'>Share on: <\/div><a data-text='Agencia de Energ\u00eda de Yucat\u00e1n: El objetivo es poner al Estado en los ojos del mundo' data-link='https:\/\/visionpeninsular.com\/mid\/agencia-de-energia-de-yucatan-el-objetivo-es-poner-al-estado-en-los-ojos-del-mundo\/' class='whatsapp-button whatsapp-share'>WhatsApp<\/a><div class='clear '><\/div><\/div>","protected":false},"excerpt":{"rendered":"<p>Se crear\u00e1 un polo de inversi\u00f3n y desarrollo para que cualquier empresa, que quiera crear nuevas inversiones en materia de energ\u00edas renovables M\u00e9rida, Yucat\u00e1n, a 19 de noviembre de 2024.\u2013 Durante la presentaci\u00f3n de la Agencia de Energ\u00eda de Yucat\u00e1n, de nueva creaci\u00f3n, el pr\u00f3ximo titular Pablo Gamboa M\u00edner anunci\u00f3 la inversi\u00f3n privada de 140 &hellip;<\/p>\n","protected":false},"author":11,"featured_media":196530,"comment_status":"open","ping_status":"open","sticky":false,"template":"","format":"standard","meta":{"_mi_skip_tracking":false},"categories":[49,37],"tags":[45533,33667,34130,45532],"_links":{"self":[{"href":"https:\/\/visionpeninsular.com\/mid\/wp-json\/wp\/v2\/posts\/196528"}],"collection":[{"href":"https:\/\/visionpeninsular.com\/mid\/wp-json\/wp\/v2\/posts"}],"about":[{"href":"https:\/\/visionpeninsular.com\/mid\/wp-json\/wp\/v2\/types\/post"}],"author":[{"embeddable":true,"href":"https:\/\/visionpeninsular.com\/mid\/wp-json\/wp\/v2\/users\/11"}],"replies":[{"embeddable":true,"href":"https:\/\/visionpeninsular.com\/mid\/wp-json\/wp\/v2\/comments?post=196528"}],"version-history":[{"count":1,"href":"https:\/\/visionpeninsular.com\/mid\/wp-json\/wp\/v2\/posts\/196528\/revisions"}],"predecessor-version":[{"id":196531,"href":"https:\/\/visionpeninsular.com\/mid\/wp-json\/wp\/v2\/posts\/196528\/revisions\/196531"}],"wp:featuredmedia":[{"embeddable":true,"href":"https:\/\/visionpeninsular.com\/mid\/wp-json\/wp\/v2\/media\/196530"}],"wp:attachment":[{"href":"https:\/\/visionpeninsular.com\/mid\/wp-json\/wp\/v2\/media?parent=196528"}],"wp:term":[{"taxonomy":"category","embeddable":true,"href":"https:\/\/visionpeninsular.com\/mid\/wp-json\/wp\/v2\/categories?post=196528"},{"taxonomy":"post_tag","embeddable":true,"href":"https:\/\/visionpeninsular.com\/mid\/wp-json\/wp\/v2\/tags?post=196528"}],"curies":[{"name":"wp","href":"https:\/\/api.w.org\/{rel}","templated":true}]}}