{"id":196396,"date":"2024-11-16T15:47:52","date_gmt":"2024-11-16T21:47:52","guid":{"rendered":"https:\/\/visionpeninsular.com\/mid\/?p=196396"},"modified":"2024-11-16T15:47:54","modified_gmt":"2024-11-16T21:47:54","slug":"el-terror-y-la-fantasia-llegan-a-merida-con-el-festival-morbido","status":"publish","type":"post","link":"https:\/\/visionpeninsular.com\/mid\/el-terror-y-la-fantasia-llegan-a-merida-con-el-festival-morbido\/","title":{"rendered":"El terror y la fantas\u00eda llegan a M\u00e9rida con el festival M\u00f3rbido"},"content":{"rendered":"\n<h2 class=\"has-text-align-center\">La muestra internacional de cine se realizar\u00e1 del 21 al 24 de noviembre en el Teatro Armando Manzanero, Centro Cultural \u201cEl de sal ojo\u201d y la Facultad de Ciencias Antropol\u00f3gicas de la Universidad Aut\u00f3noma de Yucat\u00e1n<\/h2>\n\n\n\n<p>M\u00e9rida, Yucat\u00e1n, a 16 de noviembre de 2024.\u2013 La edici\u00f3n 12 de la Muestra Internacional de Cine Fant\u00e1stico y de Terror \u201cM\u00f3rbido M\u00e9rida\u201d, se realizar\u00e1 del jueves 21 al domingo 24 en la Cineteca \u201cManuel Barbachano Ponce\u201d y en la Sala de Arte del Teatro Armando Manzanero, as\u00ed como en el Centro Cultura \u201cEl de sal ojo\u201d y una funci\u00f3n en la Facultad de Ciencias Antropol\u00f3gicas de la Universidad Aut\u00f3noma de Yucat\u00e1n (UADY).<\/p>\n\n\n\n<p>El cartel de actividades incluye un adelanto exclusivo de \u201cPueblos Sangrientos\u201d, filme rodado en Yucat\u00e1n y dirigido por Sharon Alpuche. Esta producci\u00f3n es la primera en la Pen\u00ednsula que logr\u00f3 contar con un apoyo del Instituto Mexicano del Cine (Imcine).<\/p>\n\n\n\n<p>En rueda de prensa realizada ayer viernes, el productor de M\u00f3rbido M\u00e9rida, Kevin Manrique, dio a conocer que este a\u00f1o tomaron los cenotes de inspiraci\u00f3n para la imagen oficial, porque la idea naci\u00f3n del propio miedo a esas imposiciones geol\u00f3gicas y la importancia que tienen en la Pen\u00ednsula de Yucat\u00e1n. El cartel, a cargo de la artista Rosaura Luna, es un cenote que simula una boca con colmillos y una criatura misteriosa en el centro.<\/p>\n\n\n\n<figure class=\"wp-block-image size-large\"><img loading=\"lazy\" width=\"1024\" height=\"575\" src=\"https:\/\/visionpeninsular.com\/mid\/wp-content\/uploads\/2024\/11\/WhatsApp-Image-2024-11-15-at-11.04.57-PM-1024x575.jpeg\" alt=\"\" class=\"wp-image-196398\" srcset=\"https:\/\/visionpeninsular.com\/mid\/wp-content\/uploads\/2024\/11\/WhatsApp-Image-2024-11-15-at-11.04.57-PM-1024x575.jpeg 1024w, https:\/\/visionpeninsular.com\/mid\/wp-content\/uploads\/2024\/11\/WhatsApp-Image-2024-11-15-at-11.04.57-PM-300x169.jpeg 300w, https:\/\/visionpeninsular.com\/mid\/wp-content\/uploads\/2024\/11\/WhatsApp-Image-2024-11-15-at-11.04.57-PM-768x431.jpeg 768w, https:\/\/visionpeninsular.com\/mid\/wp-content\/uploads\/2024\/11\/WhatsApp-Image-2024-11-15-at-11.04.57-PM.jpeg 1280w\" sizes=\"(max-width: 1024px) 100vw, 1024px\" \/><figcaption>Los cenotes inspiraron la imagen oficial de la edici\u00f3n 12 de la Muestra Internacional de Cine Fant\u00e1stico y de Terror M\u00f3rbido M\u00e9rida. FOTO: VP<\/figcaption><\/figure>\n\n\n\n<p>\u201cLos cenotes son caracter\u00edsticos de la pen\u00ednsula y contin\u00faan siendo sagrados para los mayas. Nosotros quisimos rendirle homenaje a estos lugares que son m\u00e1s que un lugar recreativo o tur\u00edstico, adem\u00e1s de ser una invitaci\u00f3n a preguntarnos qu\u00e9 misterios habr\u00e1 en sus aguas y un llamado a cuidar estos dep\u00f3sitos naturales de agua\u201d, se\u00f1al\u00f3.<\/p>\n\n\n\n<p>En esta edici\u00f3n se presentar\u00e1n 17 largometrajes nacionales e internacionales, as\u00ed como siete bloques de diferentes cortometrajes, en los que se incluye \u201cMorbito\u201d, una programaci\u00f3n infantil, compuesta en su mayor\u00eda por producciones animadas, para un p\u00fablico de \u201c12 a 666 a\u00f1os\u201d.<\/p>\n\n\n\n<p>Dentro de los bloques se incluye el Concurso de Cortometrajes Universitarios, en el que participan cinco producciones realizadas por estudiantes de la Pen\u00ednsula de Yucat\u00e1n. De acuerdo con Lucero Ek, coproductora de M\u00f3rbido M\u00e9rida y fundadora del proyecto Nuevo Cine Yucateco, la mayor\u00eda de los participantes est\u00e1n empezando a incursionar en el cine y han desarrollado sus propias productoras.<\/p>\n\n\n\n<p>\u201cPara m\u00ed, la importancia de estos concursos es que, adem\u00e1s de ser una oportunidad para exhibir sus trabajos, hacen que los realizadores vivan la experiencia y la emoci\u00f3n de estar seleccionados en un festival, permitiendo adem\u00e1s que conozcan a m\u00e1s personas de la comunidad cinematogr\u00e1fica de M\u00e9rida y del estado\u201d, coment\u00f3 Lucero Ek.<\/p>\n\n\n\n<p>Durante el festival tambi\u00e9n se llevar\u00e1 al cabo la presentaci\u00f3n de los c\u00f3mics m\u00e1s pol\u00e9micos de Jos\u00e9 Zerme\u00f1o, caracterizados por sus elementos gore y dist\u00f3picos, qui\u00e9n tambi\u00e9n impartir\u00e1 un taller de escritura.<\/p>\n\n\n\n<p>La inauguraci\u00f3n se llevar\u00e1 el jueves 21 de noviembre a las 8 de la noche en la Cineteca \u201cManuel Barbachano Ponce\u201d, del teatro Armando Manzanero, con la pel\u00edcula \u201cLa mesita del comedor\u201d (Dir. Caye Casas, 2022) cont\u00e1ndonos la historia de una pareja que tom\u00f3 una de las peores decisiones de su vida: comprar una mesita.<\/p>\n\n\n\n<p>La cartelera se puede consultar en las redes sociales que se encuentran como M\u00f3rbido M\u00e9rida o visitar la p\u00e1gina morbidomerida.com. Los boletos estar\u00e1n disponibles en la taquilla del teatro y tambi\u00e9n se podr\u00e1n adquirir en Estudio Rojas, Cineteca V\u00e9rtigo y en La Casa del Flan.<\/p>\n\n\n\n<figure class=\"wp-block-image size-large\"><img loading=\"lazy\" width=\"1024\" height=\"695\" src=\"https:\/\/visionpeninsular.com\/mid\/wp-content\/uploads\/2024\/11\/WhatsApp-Image-2024-11-15-at-11.05.27-PM-1-1024x695.jpeg\" alt=\"\" class=\"wp-image-196399\" srcset=\"https:\/\/visionpeninsular.com\/mid\/wp-content\/uploads\/2024\/11\/WhatsApp-Image-2024-11-15-at-11.05.27-PM-1-1024x695.jpeg 1024w, https:\/\/visionpeninsular.com\/mid\/wp-content\/uploads\/2024\/11\/WhatsApp-Image-2024-11-15-at-11.05.27-PM-1-300x204.jpeg 300w, https:\/\/visionpeninsular.com\/mid\/wp-content\/uploads\/2024\/11\/WhatsApp-Image-2024-11-15-at-11.05.27-PM-1-768x521.jpeg 768w, https:\/\/visionpeninsular.com\/mid\/wp-content\/uploads\/2024\/11\/WhatsApp-Image-2024-11-15-at-11.05.27-PM-1-110x75.jpeg 110w, https:\/\/visionpeninsular.com\/mid\/wp-content\/uploads\/2024\/11\/WhatsApp-Image-2024-11-15-at-11.05.27-PM-1.jpeg 1280w\" sizes=\"(max-width: 1024px) 100vw, 1024px\" \/><figcaption>Kevin Manrique y Lucero Ek, productor y coproductora del Festival M\u00f3rbido M\u00e9rida, con las afiches de la muestra de cine. FOTOGRAF\u00cdAS: Cortes\u00eda<\/figcaption><\/figure>\n<div class='share-to-whatsapp-wrapper'><div class='share-on-whsp'>Share on: <\/div><a data-text='El terror y la fantas\u00eda llegan a M\u00e9rida con el festival M\u00f3rbido' data-link='https:\/\/visionpeninsular.com\/mid\/el-terror-y-la-fantasia-llegan-a-merida-con-el-festival-morbido\/' class='whatsapp-button whatsapp-share'>WhatsApp<\/a><div class='clear '><\/div><\/div>","protected":false},"excerpt":{"rendered":"<p>La muestra internacional de cine se realizar\u00e1 del 21 al 24 de noviembre en el Teatro Armando Manzanero, Centro Cultural \u201cEl de sal ojo\u201d y la Facultad de Ciencias Antropol\u00f3gicas de la Universidad Aut\u00f3noma de Yucat\u00e1n M\u00e9rida, Yucat\u00e1n, a 16 de noviembre de 2024.\u2013 La edici\u00f3n 12 de la Muestra Internacional de Cine Fant\u00e1stico y &hellip;<\/p>\n","protected":false},"author":11,"featured_media":196399,"comment_status":"open","ping_status":"open","sticky":false,"template":"","format":"standard","meta":{"_mi_skip_tracking":false},"categories":[49,37],"tags":[45489,13607,45491,45490,7434,448],"_links":{"self":[{"href":"https:\/\/visionpeninsular.com\/mid\/wp-json\/wp\/v2\/posts\/196396"}],"collection":[{"href":"https:\/\/visionpeninsular.com\/mid\/wp-json\/wp\/v2\/posts"}],"about":[{"href":"https:\/\/visionpeninsular.com\/mid\/wp-json\/wp\/v2\/types\/post"}],"author":[{"embeddable":true,"href":"https:\/\/visionpeninsular.com\/mid\/wp-json\/wp\/v2\/users\/11"}],"replies":[{"embeddable":true,"href":"https:\/\/visionpeninsular.com\/mid\/wp-json\/wp\/v2\/comments?post=196396"}],"version-history":[{"count":1,"href":"https:\/\/visionpeninsular.com\/mid\/wp-json\/wp\/v2\/posts\/196396\/revisions"}],"predecessor-version":[{"id":196400,"href":"https:\/\/visionpeninsular.com\/mid\/wp-json\/wp\/v2\/posts\/196396\/revisions\/196400"}],"wp:featuredmedia":[{"embeddable":true,"href":"https:\/\/visionpeninsular.com\/mid\/wp-json\/wp\/v2\/media\/196399"}],"wp:attachment":[{"href":"https:\/\/visionpeninsular.com\/mid\/wp-json\/wp\/v2\/media?parent=196396"}],"wp:term":[{"taxonomy":"category","embeddable":true,"href":"https:\/\/visionpeninsular.com\/mid\/wp-json\/wp\/v2\/categories?post=196396"},{"taxonomy":"post_tag","embeddable":true,"href":"https:\/\/visionpeninsular.com\/mid\/wp-json\/wp\/v2\/tags?post=196396"}],"curies":[{"name":"wp","href":"https:\/\/api.w.org\/{rel}","templated":true}]}}