{"id":196341,"date":"2024-11-15T17:10:58","date_gmt":"2024-11-15T23:10:58","guid":{"rendered":"https:\/\/visionpeninsular.com\/mid\/?p=196341"},"modified":"2024-11-15T17:11:00","modified_gmt":"2024-11-15T23:11:00","slug":"la-tormenta-tropical-sara-generara-lluvias-en-merida","status":"publish","type":"post","link":"https:\/\/visionpeninsular.com\/mid\/la-tormenta-tropical-sara-generara-lluvias-en-merida\/","title":{"rendered":"La tormenta tropical Sara generar\u00e1 lluvias en M\u00e9rida"},"content":{"rendered":"\n<h2 class=\"has-text-align-center\">La influencia \u00a0comenzar\u00e1 a sentirse a partir de ma\u00f1ana s\u00e1bado, durante todo el fin de semana, incluso el lunes y martes, Protecci\u00f3n Civil M\u00e9rida<\/h2>\n\n\n\n<p>M\u00e9rida, Yucat\u00e1n, a 15 de noviembre de 2024.\u2013 el coordinador de la Unidad Municipal de Protecci\u00f3n Civil de M\u00e9rida, Enrique Alcocer Basto, dio a conocer que la tormenta tropical \u201cSara\u201d generar\u00e1&nbsp; varios de lluvias en la capital yucateca. &nbsp;<\/p>\n\n\n\n<p>La influencia \u00a0de \u201cSara\u201d comenzar\u00e1 a sentirse a partir de ma\u00f1ana s\u00e1bado, durante todo el fin de semana, incluso el lunes y martes. \u201cCuando hablamos de influencia, nos referimos a un arrastre de humedad, que se integra al cicl\u00f3n que pasa sobre nosotros.<\/p>\n\n\n\n<p>\u201cTambi\u00e9n hablamos de bandas, del propio cicl\u00f3n, que no nos afectar\u00e1n directamente. Pero, igual de los remanentes que se dispersan, no tienen trayectoria exacta porque son nubosidades, es cuando vemos un chubasco, pasa, se nubla, vuelve a llover, pasan. Se esperan ese tipo de comportamientos por la influencia de Sara en la regi\u00f3n\u201d, pronostic\u00f3.<\/p>\n\n\n\n<p>La depresi\u00f3n tropical Sara tendr\u00e1 un regreso leve al oc\u00e9ano para reingresar a tierra por Belice y los pron\u00f3sticos, ya actualizados, se estar\u00eda disipando al sur de la Pen\u00ednsula de Yucat\u00e1n, coment\u00f3 el funcionario municipal, seg\u00fan la actualizaci\u00f3n de la trayectoria de ayer viernes.<\/p>\n\n\n\n<p>\u2013Es una trayectoria similar a la que tuvo \u201cMich\u201d en el 98, pero el meteoro alcanz\u00f3 a salir al Golfo de M\u00e9xico, volvi\u00f3 a tener caracter\u00edsticas cicl\u00f3nicas y reingres\u00f3 a la Pen\u00ednsula. Con \u201cSara\u201d nos espera est\u00e1 posibilidad, pero no que llegue a tener las condiciones para volver a ser un cicl\u00f3n importante \u2013explic\u00f3.<\/p>\n\n\n\n<p>\u00a0\u201cEl giro centroamericano es una gran burbuja de baja presi\u00f3n, que ha sido gran m\u00e1quina de generar ciclones tropicales en las \u00faltimas semanas y meses, que todav\u00eda sigue activa en una temporada de huracanes fuera de lo com\u00fan en el comportamiento\u201d, concluy\u00f3.<\/p>\n\n\n\n<figure class=\"wp-block-image size-large\"><img loading=\"lazy\" width=\"1024\" height=\"575\" src=\"https:\/\/visionpeninsular.com\/mid\/wp-content\/uploads\/2024\/11\/WhatsApp-Image-2024-11-15-at-4.55.01-PM-1024x575.jpeg\" alt=\"\" class=\"wp-image-196343\" srcset=\"https:\/\/visionpeninsular.com\/mid\/wp-content\/uploads\/2024\/11\/WhatsApp-Image-2024-11-15-at-4.55.01-PM-1024x575.jpeg 1024w, https:\/\/visionpeninsular.com\/mid\/wp-content\/uploads\/2024\/11\/WhatsApp-Image-2024-11-15-at-4.55.01-PM-300x168.jpeg 300w, https:\/\/visionpeninsular.com\/mid\/wp-content\/uploads\/2024\/11\/WhatsApp-Image-2024-11-15-at-4.55.01-PM-768x431.jpeg 768w, https:\/\/visionpeninsular.com\/mid\/wp-content\/uploads\/2024\/11\/WhatsApp-Image-2024-11-15-at-4.55.01-PM.jpeg 1300w\" sizes=\"(max-width: 1024px) 100vw, 1024px\" \/><figcaption> La tormenta tropical tendr\u00e1 una trayectoria similar a la que tuvo \u201cMich\u201d en el 98, pero el meteoro alcanz\u00f3 a salir al Golfo de M\u00e9xico, volvi\u00f3 a tener caracter\u00edsticas cicl\u00f3nicas y reingres\u00f3 a la Pen\u00ednsula. Con \u201cSara\u201d nos espera est\u00e1 posibilidad, pero no que llegue a tener las condiciones para volver a ser un cicl\u00f3n importante, se\u00f1al\u00f3 Enrique Alcocer Basto, coordinador Municipal de Protecci\u00f3n Civil de M\u00e9rida. FOTOGRAF\u00cdA: Cortes\u00eda<\/figcaption><\/figure>\n<div class='share-to-whatsapp-wrapper'><div class='share-on-whsp'>Share on: <\/div><a data-text='La tormenta tropical Sara generar\u00e1 lluvias en M\u00e9rida' data-link='https:\/\/visionpeninsular.com\/mid\/la-tormenta-tropical-sara-generara-lluvias-en-merida\/' class='whatsapp-button whatsapp-share'>WhatsApp<\/a><div class='clear '><\/div><\/div>","protected":false},"excerpt":{"rendered":"<p>La influencia \u00a0comenzar\u00e1 a sentirse a partir de ma\u00f1ana s\u00e1bado, durante todo el fin de semana, incluso el lunes y martes, Protecci\u00f3n Civil M\u00e9rida M\u00e9rida, Yucat\u00e1n, a 15 de noviembre de 2024.\u2013 el coordinador de la Unidad Municipal de Protecci\u00f3n Civil de M\u00e9rida, Enrique Alcocer Basto, dio a conocer que la tormenta tropical \u201cSara\u201d generar\u00e1&nbsp; &hellip;<\/p>\n","protected":false},"author":11,"featured_media":196343,"comment_status":"open","ping_status":"open","sticky":false,"template":"","format":"standard","meta":{"_mi_skip_tracking":false},"categories":[49,37],"tags":[9065,13490,45467,45468],"_links":{"self":[{"href":"https:\/\/visionpeninsular.com\/mid\/wp-json\/wp\/v2\/posts\/196341"}],"collection":[{"href":"https:\/\/visionpeninsular.com\/mid\/wp-json\/wp\/v2\/posts"}],"about":[{"href":"https:\/\/visionpeninsular.com\/mid\/wp-json\/wp\/v2\/types\/post"}],"author":[{"embeddable":true,"href":"https:\/\/visionpeninsular.com\/mid\/wp-json\/wp\/v2\/users\/11"}],"replies":[{"embeddable":true,"href":"https:\/\/visionpeninsular.com\/mid\/wp-json\/wp\/v2\/comments?post=196341"}],"version-history":[{"count":1,"href":"https:\/\/visionpeninsular.com\/mid\/wp-json\/wp\/v2\/posts\/196341\/revisions"}],"predecessor-version":[{"id":196344,"href":"https:\/\/visionpeninsular.com\/mid\/wp-json\/wp\/v2\/posts\/196341\/revisions\/196344"}],"wp:featuredmedia":[{"embeddable":true,"href":"https:\/\/visionpeninsular.com\/mid\/wp-json\/wp\/v2\/media\/196343"}],"wp:attachment":[{"href":"https:\/\/visionpeninsular.com\/mid\/wp-json\/wp\/v2\/media?parent=196341"}],"wp:term":[{"taxonomy":"category","embeddable":true,"href":"https:\/\/visionpeninsular.com\/mid\/wp-json\/wp\/v2\/categories?post=196341"},{"taxonomy":"post_tag","embeddable":true,"href":"https:\/\/visionpeninsular.com\/mid\/wp-json\/wp\/v2\/tags?post=196341"}],"curies":[{"name":"wp","href":"https:\/\/api.w.org\/{rel}","templated":true}]}}