{"id":196081,"date":"2024-11-09T15:10:13","date_gmt":"2024-11-09T21:10:13","guid":{"rendered":"https:\/\/visionpeninsular.com\/mid\/?p=196081"},"modified":"2024-11-09T15:10:27","modified_gmt":"2024-11-09T21:10:27","slug":"del-8-de-noviembre-al-1-de-diciembre-los-visitantes-podran-conocer-esta-importante-muestra-ganadera-artesanal-gastronomica-y-cultural","status":"publish","type":"post","link":"https:\/\/visionpeninsular.com\/mid\/del-8-de-noviembre-al-1-de-diciembre-los-visitantes-podran-conocer-esta-importante-muestra-ganadera-artesanal-gastronomica-y-cultural\/","title":{"rendered":"Del 8 de noviembre al 1 de diciembre, los visitantes podr\u00e1n conocer esta importante muestra ganadera, artesanal, gastron\u00f3mica y cultural."},"content":{"rendered":"\n<ul><li><strong><em>La representante de Um\u00e1n, Galilea Paredes Ortiz, primera embajadora de la Feria Internacional de Yucat\u00e1n Xmatkuil<\/em><\/strong><\/li><li><strong><em>El gobernador Joaqu\u00edn D\u00edaz Mena, acompa\u00f1ado de su esposa y presidenta del DIF Yucat\u00e1n, Wendy M\u00e9ndez Naal, presenciaron como invitados de honor la ceremonia final del certamen.<\/em><\/strong><\/li><\/ul>\n\n\n\n<p>Con l\u00e1grimas en los ojos, Galilea Paredes Ortiz recibi\u00f3 la corona que la convirti\u00f3 en la primera embajadora de la Feria Internacional de Yucat\u00e1n Xmatkuil 2024. La coronaci\u00f3n estuvo a cargo del gobernador de Yucat\u00e1n, Joaqu\u00edn D\u00edaz Mena, y su esposa, la presidenta del DIF Estatal, la maestra Wendy M\u00e9ndez Naal.<\/p>\n\n\n\n<figure class=\"wp-block-image size-full\"><img loading=\"lazy\" width=\"600\" height=\"400\" src=\"https:\/\/visionpeninsular.com\/mid\/wp-content\/uploads\/2024\/11\/embauman-2.jpg\" alt=\"\" class=\"wp-image-196084\" srcset=\"https:\/\/visionpeninsular.com\/mid\/wp-content\/uploads\/2024\/11\/embauman-2.jpg 600w, https:\/\/visionpeninsular.com\/mid\/wp-content\/uploads\/2024\/11\/embauman-2-300x200.jpg 300w\" sizes=\"(max-width: 600px) 100vw, 600px\" \/><\/figure>\n\n\n\n<p>El jefe del Ejecutivo estatal felicit\u00f3 a todas las participantes y destac\u00f3 que Galilea Paredes representa a la gente del Mayab. &#8220;Hoy coronamos a una embajadora que representa la cultura y el esp\u00edritu de la gente del Mayab. Llevas un compromiso con los j\u00f3venes, las ni\u00f1as y los ni\u00f1os de todo Yucat\u00e1n. Felicidades, Galilea; ahora eres la embajadora de todo Yucat\u00e1n&#8221;, destac\u00f3.<\/p>\n\n\n\n<p>Ataviadas con los tradicionales ternos y rebozos yucatecos, una a una, las 15 finalistas desfilaron con mucho orgullo por la pasarela instalada en el interior del Teatro del Pueblo del recinto ferial, donde fueron vitoreadas por cientos de personas que viajaron de diversos puntos de la entidad para apoyarlas en este certamen.<\/p>\n\n\n\n<p>Cabe recordar que la selecci\u00f3n de la embajadora se llev\u00f3 a cabo en tres etapas, es decir, dos regionales y una final, como parte de las acciones que impulsa el Gobierno del Estado para dar realce a la celebraci\u00f3n del 50 aniversario de la Feria Yucat\u00e1n Xmatkuil.<\/p>\n\n\n\n<p>Las 15 j\u00f3venes yucatecas que estelarizaron la final son Mar\u00eda Jos\u00e9 Hern\u00e1ndez Guerrero, de Ticul; Yahaira Ek Alvarado, de Teabo; Paola Cahuich Chan, de Tzucacab; Yobana Castro Hau, de Mama; Perla Romero Gonz\u00e1lez, de Tekax; Mar\u00eda Jos\u00e9 Ram\u00f3n Lor\u00eda, de Sucil\u00e1; Janely Valentina Zapata May, de Dzidzant\u00fan; Jenny Esperanza S\u00e1nchez Ak\u00e9, de Dzemul; Namibia Jacqueline N\u00fa\u00f1ez Zapata, de Temax; Suemi Carolina Cupul Cupul, de Valladolid; Yoselyn Escobedo S\u00e1ez, de Ixil; Merly Gonz\u00e1lez Quijano, de Conkal; Nazly Acevedo, de M\u00e9rida; Dianny Estrada Cruz, de Tixkokob; y Galilea Paredes Ortiz, de Um\u00e1n.<\/p>\n\n\n\n<figure class=\"wp-block-image size-full\"><img loading=\"lazy\" width=\"600\" height=\"400\" src=\"https:\/\/visionpeninsular.com\/mid\/wp-content\/uploads\/2024\/11\/embauman-3.jpg\" alt=\"\" class=\"wp-image-196085\" srcset=\"https:\/\/visionpeninsular.com\/mid\/wp-content\/uploads\/2024\/11\/embauman-3.jpg 600w, https:\/\/visionpeninsular.com\/mid\/wp-content\/uploads\/2024\/11\/embauman-3-300x200.jpg 300w\" sizes=\"(max-width: 600px) 100vw, 600px\" \/><\/figure>\n\n\n\n<p>El jurado calificador de la gran final estuvo conformado por Danielle Albertos de C\u00e1ceres, Humberto de Jes\u00fas Novelo Ascencio, Ericka Cruz Escalante y Lizzia Morales.<\/p>\n\n\n\n<p>Las posiciones finales reflejaron el esfuerzo y el carisma de las participantes. En el tercer lugar, Temax fue representado con elegancia por Namibia Jacqueline N\u00fa\u00f1ez Zapata, mientras que el segundo lugar, acompa\u00f1ado de la distinci\u00f3n como &#8220;Se\u00f1orita Simpat\u00eda&#8221;, fue para Mar\u00eda Jos\u00e9 Ram\u00f3n Loria de Sucil\u00e1, quien conquist\u00f3 al p\u00fablico con su carisma.<\/p>\n\n\n\n<p>Luego de la elecci\u00f3n de la embajadora de la Feria Yucat\u00e1n, la vaquer\u00eda se convirti\u00f3 en un colorido escaparate de la tradici\u00f3n y cultura del estado, con la participaci\u00f3n de representantes de diversos municipios.<\/p>\n\n\n\n<p>Ataviados en elegantes trajes t\u00edpicos y al ritmo de la jarana, los bailarines mostraron la riqueza del folclore yucateco, transmitiendo la esencia de sus comunidades en cada paso.<\/p>\n\n\n\n<figure class=\"wp-block-image size-full\"><img loading=\"lazy\" width=\"600\" height=\"400\" src=\"https:\/\/visionpeninsular.com\/mid\/wp-content\/uploads\/2024\/11\/embauman-4.jpg\" alt=\"\" class=\"wp-image-196086\" srcset=\"https:\/\/visionpeninsular.com\/mid\/wp-content\/uploads\/2024\/11\/embauman-4.jpg 600w, https:\/\/visionpeninsular.com\/mid\/wp-content\/uploads\/2024\/11\/embauman-4-300x200.jpg 300w\" sizes=\"(max-width: 600px) 100vw, 600px\" \/><\/figure>\n\n\n\n<p>Esta celebraci\u00f3n no solo es una muestra de identidad regional, sino tambi\u00e9n un homenaje a las ra\u00edces y costumbres que unen a Yucat\u00e1n, en un evento donde el orgullo y la herencia cultural se manifestaron con pasi\u00f3n y alegr\u00eda.<\/p>\n\n\n\n<p>Para cerrar con broche de oro la primera velada del 50 aniversario de la Feria Internacional Yucat\u00e1n, el Gobernador Joaqu\u00edn D\u00edaz Mena asisti\u00f3 al concierto de la Banda Los Recoditos. Ah\u00ed, en el Centro de Espect\u00e1culos Montejo, la agrupaci\u00f3n musical deleit\u00f3 a sus cientos de seguidores con \u00e9xitos como Mi \u00daltimo Deseo, Orgullosa y Bonita, Vuelve Por Favor, Un Solo Cielo, No te quiero Perder, Voy a Pistear, Orgullosa y Bonita, entre otras.<\/p>\n<div class='share-to-whatsapp-wrapper'><div class='share-on-whsp'>Share on: <\/div><a data-text='Del 8 de noviembre al 1 de diciembre, los visitantes podr\u00e1n conocer esta importante muestra ganadera, artesanal, gastron\u00f3mica y cultural.' data-link='https:\/\/visionpeninsular.com\/mid\/del-8-de-noviembre-al-1-de-diciembre-los-visitantes-podran-conocer-esta-importante-muestra-ganadera-artesanal-gastronomica-y-cultural\/' class='whatsapp-button whatsapp-share'>WhatsApp<\/a><div class='clear '><\/div><\/div>","protected":false},"excerpt":{"rendered":"<p>La representante de Um\u00e1n, Galilea Paredes Ortiz, primera embajadora de la Feria Internacional de Yucat\u00e1n XmatkuilEl gobernador Joaqu\u00edn D\u00edaz Mena, acompa\u00f1ado de su esposa y presidenta del DIF Yucat\u00e1n, Wendy M\u00e9ndez Naal, presenciaron como invitados de honor la ceremonia final del certamen. Con l\u00e1grimas en los ojos, Galilea Paredes Ortiz recibi\u00f3 la corona que la &hellip;<\/p>\n","protected":false},"author":5,"featured_media":196083,"comment_status":"open","ping_status":"open","sticky":false,"template":"","format":"standard","meta":{"_mi_skip_tracking":false},"categories":[49,37],"tags":[44688,45379,45378],"_links":{"self":[{"href":"https:\/\/visionpeninsular.com\/mid\/wp-json\/wp\/v2\/posts\/196081"}],"collection":[{"href":"https:\/\/visionpeninsular.com\/mid\/wp-json\/wp\/v2\/posts"}],"about":[{"href":"https:\/\/visionpeninsular.com\/mid\/wp-json\/wp\/v2\/types\/post"}],"author":[{"embeddable":true,"href":"https:\/\/visionpeninsular.com\/mid\/wp-json\/wp\/v2\/users\/5"}],"replies":[{"embeddable":true,"href":"https:\/\/visionpeninsular.com\/mid\/wp-json\/wp\/v2\/comments?post=196081"}],"version-history":[{"count":1,"href":"https:\/\/visionpeninsular.com\/mid\/wp-json\/wp\/v2\/posts\/196081\/revisions"}],"predecessor-version":[{"id":196087,"href":"https:\/\/visionpeninsular.com\/mid\/wp-json\/wp\/v2\/posts\/196081\/revisions\/196087"}],"wp:featuredmedia":[{"embeddable":true,"href":"https:\/\/visionpeninsular.com\/mid\/wp-json\/wp\/v2\/media\/196083"}],"wp:attachment":[{"href":"https:\/\/visionpeninsular.com\/mid\/wp-json\/wp\/v2\/media?parent=196081"}],"wp:term":[{"taxonomy":"category","embeddable":true,"href":"https:\/\/visionpeninsular.com\/mid\/wp-json\/wp\/v2\/categories?post=196081"},{"taxonomy":"post_tag","embeddable":true,"href":"https:\/\/visionpeninsular.com\/mid\/wp-json\/wp\/v2\/tags?post=196081"}],"curies":[{"name":"wp","href":"https:\/\/api.w.org\/{rel}","templated":true}]}}