{"id":196058,"date":"2024-11-09T12:38:15","date_gmt":"2024-11-09T18:38:15","guid":{"rendered":"https:\/\/visionpeninsular.com\/mid\/?p=196058"},"modified":"2024-11-09T12:38:17","modified_gmt":"2024-11-09T18:38:17","slug":"caminamos-hacia-un-yucatan-mas-justo-unido-y-con-prosperidad-compartida-joaquin-diaz-mena","status":"publish","type":"post","link":"https:\/\/visionpeninsular.com\/mid\/caminamos-hacia-un-yucatan-mas-justo-unido-y-con-prosperidad-compartida-joaquin-diaz-mena\/","title":{"rendered":"Caminamos hacia un Yucat\u00e1n m\u00e1s justo, unido y con prosperidad compartida: Joaqu\u00edn D\u00edaz Mena"},"content":{"rendered":"\n<p>El Gobernador de Yucat\u00e1n encabez\u00f3 la ceremonia con motivo del 150 aniversario del natalicio de Felipe Carrillo Puerto. \u2013 se comprometi\u00f3 a generar oportunidades que disminuyan la brecha de desigualdad, para dar paso a los mejores a\u00f1os de un Yucat\u00e1n con bienestar.<\/p>\n\n\n\n<figure class=\"wp-block-image size-full\"><img loading=\"lazy\" width=\"500\" height=\"333\" src=\"https:\/\/visionpeninsular.com\/mid\/wp-content\/uploads\/2024\/11\/huevos-7.jpg\" alt=\"\" class=\"wp-image-196061\" srcset=\"https:\/\/visionpeninsular.com\/mid\/wp-content\/uploads\/2024\/11\/huevos-7.jpg 500w, https:\/\/visionpeninsular.com\/mid\/wp-content\/uploads\/2024\/11\/huevos-7-300x200.jpg 300w, https:\/\/visionpeninsular.com\/mid\/wp-content\/uploads\/2024\/11\/huevos-7-310x205.jpg 310w\" sizes=\"(max-width: 500px) 100vw, 500px\" \/><\/figure>\n\n\n\n<p>Al encabezar la ceremonia con motivo del 150 aniversario del natalicio de Felipe Carrillo Puerto, el Gobernador Joaqu\u00edn D\u00edaz Mena reafirm\u00f3 su compromiso de hacer de Yucat\u00e1n un lugar m\u00e1s justo, pr\u00f3spero y unido, donde todas las familias yucatecas puedan salir adelante a trav\u00e9s del Renacimiento Maya, proyecto de su Gobierno que ser\u00e1 el motor que impulse el trabajo por la transformaci\u00f3n y el fortalecimiento del pueblo yucateco.<\/p>\n\n\n\n<p>En el homenaje celebrado en el parque principal de Motul, tierra natal de Carrillo Puerto, el Gobernador llam\u00f3 a la sociedad yucateca a impulsar, con dignidad y esperanza, el Renacimiento Maya como una oportunidad de prosperidad compartida construida desde la identidad yucateca y que genere oportunidades que disminuyan la brecha de desigualdad, para dar paso a los mejores a\u00f1os de un Yucat\u00e1n con bienestar.<\/p>\n\n\n\n<figure class=\"wp-block-image size-full\"><img loading=\"lazy\" width=\"500\" height=\"333\" src=\"https:\/\/visionpeninsular.com\/mid\/wp-content\/uploads\/2024\/11\/huevos-1.jpg\" alt=\"\" class=\"wp-image-196062\" srcset=\"https:\/\/visionpeninsular.com\/mid\/wp-content\/uploads\/2024\/11\/huevos-1.jpg 500w, https:\/\/visionpeninsular.com\/mid\/wp-content\/uploads\/2024\/11\/huevos-1-300x200.jpg 300w, https:\/\/visionpeninsular.com\/mid\/wp-content\/uploads\/2024\/11\/huevos-1-310x205.jpg 310w\" sizes=\"(max-width: 500px) 100vw, 500px\" \/><\/figure>\n\n\n\n<p>&#8220;Recordemos que el bienestar de Yucat\u00e1n no es responsabilidad de unos pocos, sino un esfuerzo colectivo en el que todos debemos participar, porque como dice la presidenta Claudia Sheinbaum: \u2018el desarrollo no tendr\u00eda raz\u00f3n de ser, si no tuviera consigo la prosperidad compartida\u2019 y ese es el principio que adoptamos con firmeza&#8221;, se\u00f1al\u00f3 D\u00edaz Mena ante el alcalde anfitri\u00f3n, Lucio Estrella Canul y el diputado local Wilmer Monforte Marfil.<\/p>\n\n\n\n<figure class=\"wp-block-image size-full\"><img loading=\"lazy\" width=\"500\" height=\"333\" src=\"https:\/\/visionpeninsular.com\/mid\/wp-content\/uploads\/2024\/11\/huevos-4.jpg\" alt=\"\" class=\"wp-image-196064\" srcset=\"https:\/\/visionpeninsular.com\/mid\/wp-content\/uploads\/2024\/11\/huevos-4.jpg 500w, https:\/\/visionpeninsular.com\/mid\/wp-content\/uploads\/2024\/11\/huevos-4-300x200.jpg 300w, https:\/\/visionpeninsular.com\/mid\/wp-content\/uploads\/2024\/11\/huevos-4-310x205.jpg 310w\" sizes=\"(max-width: 500px) 100vw, 500px\" \/><\/figure>\n\n\n\n<p>Tras repasar el legado del motule\u00f1o reconocido por su lucha por el pueblo, Huacho D\u00edaz Mena indic\u00f3 que es motivo de orgullo que el 2024 haya sido decretado el a\u00f1o de Felipe Carrillo Puerto por el expresidente Andr\u00e9s Manuel L\u00f3pez Obrador, lo que abre camino para recordar y seguir su legado con m\u00e1s fuerza que nunca, toda vez que su figura es una gran fuente de inspiraci\u00f3n para todos aquellos que anhelan un Yucat\u00e1n de prosperidad compartida y con bienestar para todas las familias.<\/p>\n\n\n\n<figure class=\"wp-block-image size-full\"><img loading=\"lazy\" width=\"500\" height=\"333\" src=\"https:\/\/visionpeninsular.com\/mid\/wp-content\/uploads\/2024\/11\/huevos-2.jpg\" alt=\"\" class=\"wp-image-196063\" srcset=\"https:\/\/visionpeninsular.com\/mid\/wp-content\/uploads\/2024\/11\/huevos-2.jpg 500w, https:\/\/visionpeninsular.com\/mid\/wp-content\/uploads\/2024\/11\/huevos-2-300x200.jpg 300w, https:\/\/visionpeninsular.com\/mid\/wp-content\/uploads\/2024\/11\/huevos-2-310x205.jpg 310w\" sizes=\"(max-width: 500px) 100vw, 500px\" \/><\/figure>\n\n\n\n<p>&#8220;Felipe Carrillo Puerto nos ense\u00f1\u00f3 que los cambios m\u00e1s profundos no se logran en solitario. Su legado es testimonio de un trabajo conjunto entre las comunidades, los l\u00edderes de su \u00e9poca y el gobierno que encabez\u00f3. Por ello, nuestro compromiso es fortalecer, como \u00e9l lo hizo, la educaci\u00f3n e impulsar una sociedad que conozca su historia y que tenga la capacidad de transformar su futuro&#8221;, afirm\u00f3 el Gobernador, en presencia de Liz Elba Carrillo G\u00f3mez, sobrina nieta del conmemorado.<\/p>\n\n\n\n<figure class=\"wp-block-image size-full\"><img loading=\"lazy\" width=\"500\" height=\"333\" src=\"https:\/\/visionpeninsular.com\/mid\/wp-content\/uploads\/2024\/11\/huevos-5.jpg\" alt=\"\" class=\"wp-image-196065\" srcset=\"https:\/\/visionpeninsular.com\/mid\/wp-content\/uploads\/2024\/11\/huevos-5.jpg 500w, https:\/\/visionpeninsular.com\/mid\/wp-content\/uploads\/2024\/11\/huevos-5-300x200.jpg 300w, https:\/\/visionpeninsular.com\/mid\/wp-content\/uploads\/2024\/11\/huevos-5-310x205.jpg 310w\" sizes=\"(max-width: 500px) 100vw, 500px\" \/><\/figure>\n\n\n\n<p>Destac\u00f3 que Carrillo Puerto no solo so\u00f1\u00f3 con un Yucat\u00e1n m\u00e1s justo, sino que trabaj\u00f3 para hacerlo realidad. Es esa visi\u00f3n integral, que combina la cultura maya, la lengua materna, los derechos humanos y la riqueza compartida, la que sigue inspir\u00e1ndolo a actuar y gobernar por el bien com\u00fan.<\/p>\n\n\n\n<p>En su turno, el rector de la Universidad Aut\u00f3noma de Yucat\u00e1n (UADY), Carlos Estrada Pinto, resalt\u00f3 la invaluable obra de Felipe Carrillo Puerto: &#8220;defensor incansable de su pueblo y con una visi\u00f3n adelantada a su tiempo que hoy nos sirve de inspiraci\u00f3n para un estado m\u00e1s justo, educado y libre&#8221;, a\u00f1adi\u00f3.<\/p>\n\n\n\n<figure class=\"wp-block-image size-full\"><img loading=\"lazy\" width=\"500\" height=\"333\" src=\"https:\/\/visionpeninsular.com\/mid\/wp-content\/uploads\/2024\/11\/huevos-6.jpg\" alt=\"\" class=\"wp-image-196066\" srcset=\"https:\/\/visionpeninsular.com\/mid\/wp-content\/uploads\/2024\/11\/huevos-6.jpg 500w, https:\/\/visionpeninsular.com\/mid\/wp-content\/uploads\/2024\/11\/huevos-6-300x200.jpg 300w, https:\/\/visionpeninsular.com\/mid\/wp-content\/uploads\/2024\/11\/huevos-6-310x205.jpg 310w\" sizes=\"(max-width: 500px) 100vw, 500px\" \/><\/figure>\n\n\n\n<p>Para finalizar la ceremonia, D\u00edaz Mena, junto con autoridades civiles y militares, deposit\u00f3 una ofrenda floral y mont\u00f3 guardia de honor al pie de la estatua erigida en nombre de Felipe Carrillo Puerto. Tambi\u00e9n se realiz\u00f3 un reconocimiento al joven motule\u00f1o \u00c1ngel Torres Couoh por su destacada participaci\u00f3n en los pasados juegos Paranacionales CONADE 2024.<\/p>\n\n\n\n<p>M\u00e1s tarde, el Gobernador cort\u00f3 el list\u00f3n inaugural de la Feria de los Huevos Motule\u00f1os, una muestra gastron\u00f3mica que se realiza este fin de semana en el marco de la conmemoraci\u00f3n del 150 aniversario del natalicio de Felipe Carrillo Puerto.<\/p>\n<div class='share-to-whatsapp-wrapper'><div class='share-on-whsp'>Share on: <\/div><a data-text='Caminamos hacia un Yucat\u00e1n m\u00e1s justo, unido y con prosperidad compartida: Joaqu\u00edn D\u00edaz Mena' data-link='https:\/\/visionpeninsular.com\/mid\/caminamos-hacia-un-yucatan-mas-justo-unido-y-con-prosperidad-compartida-joaquin-diaz-mena\/' class='whatsapp-button whatsapp-share'>WhatsApp<\/a><div class='clear '><\/div><\/div>","protected":false},"excerpt":{"rendered":"<p>El Gobernador de Yucat\u00e1n encabez\u00f3 la ceremonia con motivo del 150 aniversario del natalicio de Felipe Carrillo Puerto. \u2013 se comprometi\u00f3 a generar oportunidades que disminuyan la brecha de desigualdad, para dar paso a los mejores a\u00f1os de un Yucat\u00e1n con bienestar. Al encabezar la ceremonia con motivo del 150 aniversario del natalicio de Felipe &hellip;<\/p>\n","protected":false},"author":5,"featured_media":196060,"comment_status":"open","ping_status":"open","sticky":false,"template":"","format":"standard","meta":{"_mi_skip_tracking":false},"categories":[49,37],"tags":[45375,185,10820],"_links":{"self":[{"href":"https:\/\/visionpeninsular.com\/mid\/wp-json\/wp\/v2\/posts\/196058"}],"collection":[{"href":"https:\/\/visionpeninsular.com\/mid\/wp-json\/wp\/v2\/posts"}],"about":[{"href":"https:\/\/visionpeninsular.com\/mid\/wp-json\/wp\/v2\/types\/post"}],"author":[{"embeddable":true,"href":"https:\/\/visionpeninsular.com\/mid\/wp-json\/wp\/v2\/users\/5"}],"replies":[{"embeddable":true,"href":"https:\/\/visionpeninsular.com\/mid\/wp-json\/wp\/v2\/comments?post=196058"}],"version-history":[{"count":1,"href":"https:\/\/visionpeninsular.com\/mid\/wp-json\/wp\/v2\/posts\/196058\/revisions"}],"predecessor-version":[{"id":196067,"href":"https:\/\/visionpeninsular.com\/mid\/wp-json\/wp\/v2\/posts\/196058\/revisions\/196067"}],"wp:featuredmedia":[{"embeddable":true,"href":"https:\/\/visionpeninsular.com\/mid\/wp-json\/wp\/v2\/media\/196060"}],"wp:attachment":[{"href":"https:\/\/visionpeninsular.com\/mid\/wp-json\/wp\/v2\/media?parent=196058"}],"wp:term":[{"taxonomy":"category","embeddable":true,"href":"https:\/\/visionpeninsular.com\/mid\/wp-json\/wp\/v2\/categories?post=196058"},{"taxonomy":"post_tag","embeddable":true,"href":"https:\/\/visionpeninsular.com\/mid\/wp-json\/wp\/v2\/tags?post=196058"}],"curies":[{"name":"wp","href":"https:\/\/api.w.org\/{rel}","templated":true}]}}