{"id":196042,"date":"2024-11-08T12:22:37","date_gmt":"2024-11-08T18:22:37","guid":{"rendered":"https:\/\/visionpeninsular.com\/mid\/?p=196042"},"modified":"2024-11-08T12:22:39","modified_gmt":"2024-11-08T18:22:39","slug":"hallado-culpable-de-violacion-agravada-contra-una-menor","status":"publish","type":"post","link":"https:\/\/visionpeninsular.com\/mid\/hallado-culpable-de-violacion-agravada-contra-una-menor\/","title":{"rendered":"Hallado culpable de violaci\u00f3n agravada contra una menor"},"content":{"rendered":"\n<p>Tras ser valoradas las pruebas periciales, documentales y testimoniales aportadas por la Fiscal\u00eda General del Estado (FGE), se encontr\u00f3 penalmente responsable a I.C.G. y se otorg\u00f3 el fallo condenatorio por el delito de violaci\u00f3n equiparada agravada, denunciado despu\u00e9s de los hechos ocurridos en Progreso.<\/p>\n\n\n\n<p>En el desarrollo del Juicio Oral celebrado ante el Tribunal Colegiado Segundo, los fiscales de litigaci\u00f3n establecieron que el imputado cometi\u00f3 el il\u00edcito durante el mes de agosto del a\u00f1o 2019, recurriendo a las amenazas, cuando la v\u00edctima menor de edad e identidad reservada se encontraba sola en el domicilio ubicado en el fraccionamiento Campestre Flamboyanes, del citado puerto.<\/p>\n\n\n\n<p>Cabe recordar que durante su etapa inicial, el caso se desahog\u00f3 ante el Juzgado Tercero de Control del Primer Distrito, con sede en Progreso, bajo la causa penal 73\/2023.<\/p>\n\n\n\n<p>Una vez declarado penalmente responsable del delito imputado, la Juez del Tribunal Colegiado cit\u00f3 a las partes para el pr\u00f3ximo 14 de noviembre, para continuar con la audiencia de individualizaci\u00f3n de las penas.<\/p>\n<div class='share-to-whatsapp-wrapper'><div class='share-on-whsp'>Share on: <\/div><a data-text='Hallado culpable de violaci\u00f3n agravada contra una menor' data-link='https:\/\/visionpeninsular.com\/mid\/hallado-culpable-de-violacion-agravada-contra-una-menor\/' class='whatsapp-button whatsapp-share'>WhatsApp<\/a><div class='clear '><\/div><\/div>","protected":false},"excerpt":{"rendered":"<p>Tras ser valoradas las pruebas periciales, documentales y testimoniales aportadas por la Fiscal\u00eda General del Estado (FGE), se encontr\u00f3 penalmente responsable a I.C.G. y se otorg\u00f3 el fallo condenatorio por el delito de violaci\u00f3n equiparada agravada, denunciado despu\u00e9s de los hechos ocurridos en Progreso. En el desarrollo del Juicio Oral celebrado ante el Tribunal Colegiado &hellip;<\/p>\n","protected":false},"author":5,"featured_media":196044,"comment_status":"open","ping_status":"open","sticky":false,"template":"","format":"standard","meta":{"_mi_skip_tracking":false},"categories":[50,37],"tags":[45372,666,45373],"_links":{"self":[{"href":"https:\/\/visionpeninsular.com\/mid\/wp-json\/wp\/v2\/posts\/196042"}],"collection":[{"href":"https:\/\/visionpeninsular.com\/mid\/wp-json\/wp\/v2\/posts"}],"about":[{"href":"https:\/\/visionpeninsular.com\/mid\/wp-json\/wp\/v2\/types\/post"}],"author":[{"embeddable":true,"href":"https:\/\/visionpeninsular.com\/mid\/wp-json\/wp\/v2\/users\/5"}],"replies":[{"embeddable":true,"href":"https:\/\/visionpeninsular.com\/mid\/wp-json\/wp\/v2\/comments?post=196042"}],"version-history":[{"count":1,"href":"https:\/\/visionpeninsular.com\/mid\/wp-json\/wp\/v2\/posts\/196042\/revisions"}],"predecessor-version":[{"id":196045,"href":"https:\/\/visionpeninsular.com\/mid\/wp-json\/wp\/v2\/posts\/196042\/revisions\/196045"}],"wp:featuredmedia":[{"embeddable":true,"href":"https:\/\/visionpeninsular.com\/mid\/wp-json\/wp\/v2\/media\/196044"}],"wp:attachment":[{"href":"https:\/\/visionpeninsular.com\/mid\/wp-json\/wp\/v2\/media?parent=196042"}],"wp:term":[{"taxonomy":"category","embeddable":true,"href":"https:\/\/visionpeninsular.com\/mid\/wp-json\/wp\/v2\/categories?post=196042"},{"taxonomy":"post_tag","embeddable":true,"href":"https:\/\/visionpeninsular.com\/mid\/wp-json\/wp\/v2\/tags?post=196042"}],"curies":[{"name":"wp","href":"https:\/\/api.w.org\/{rel}","templated":true}]}}