{"id":195909,"date":"2024-11-05T15:47:49","date_gmt":"2024-11-05T21:47:49","guid":{"rendered":"https:\/\/visionpeninsular.com\/mid\/?p=195909"},"modified":"2024-11-05T15:47:51","modified_gmt":"2024-11-05T21:47:51","slug":"tras-dias-a-la-deriva-semar-rescata-a-pescador-yucateco","status":"publish","type":"post","link":"https:\/\/visionpeninsular.com\/mid\/tras-dias-a-la-deriva-semar-rescata-a-pescador-yucateco\/","title":{"rendered":"Tras d\u00edas a la deriva, SEMAR rescata a pescador yucateco."},"content":{"rendered":"\n<p>La Armada de M\u00e9xico realiz\u00f3 el rescate de un pescador yucateco que se hallaba a 139 kil\u00f3metros al noroeste de Progreso, luego que la embarcaci\u00f3n nodriza presentara fallas mec\u00e1nicas y result\u00f3 imposible recoger a todos los alijos.<\/p>\n\n\n\n<p>Ello provoc\u00f3 que el pescador quedara a la deriva varios d\u00edas desde el d\u00eda 2 de noviembre.<\/p>\n\n\n\n<p>La Secretar\u00eda de Marina, a trav\u00e9s de la S\u00e9ptima Flotilla de Unidades de Superficie de Yucalpet\u00e9n y con el respaldo de Sanidad Naval, despleg\u00f3 una Patrulla Interceptora para la b\u00fasqueda tras recibir la alerta del propietario de la embarcaci\u00f3n, quien notific\u00f3 a la Capitan\u00eda de Puerto de Celest\u00fan.<\/p>\n\n\n\n<p>Al encontrarlo, personal m\u00e9dico de Sanidad Naval atendi\u00f3 al pescador y confirm\u00f3 que su estado de salud era estable. Finalmente, fue trasladado al puerto de Yucalpet\u00e9n para su recuperaci\u00f3n.<\/p>\n<div class='share-to-whatsapp-wrapper'><div class='share-on-whsp'>Share on: <\/div><a data-text='Tras d\u00edas a la deriva, SEMAR rescata a pescador yucateco.' data-link='https:\/\/visionpeninsular.com\/mid\/tras-dias-a-la-deriva-semar-rescata-a-pescador-yucateco\/' class='whatsapp-button whatsapp-share'>WhatsApp<\/a><div class='clear '><\/div><\/div>","protected":false},"excerpt":{"rendered":"<p>La Armada de M\u00e9xico realiz\u00f3 el rescate de un pescador yucateco que se hallaba a 139 kil\u00f3metros al noroeste de Progreso, luego que la embarcaci\u00f3n nodriza presentara fallas mec\u00e1nicas y result\u00f3 imposible recoger a todos los alijos. Ello provoc\u00f3 que el pescador quedara a la deriva varios d\u00edas desde el d\u00eda 2 de noviembre. La &hellip;<\/p>\n","protected":false},"author":5,"featured_media":195911,"comment_status":"open","ping_status":"open","sticky":false,"template":"","format":"standard","meta":{"_mi_skip_tracking":false},"categories":[50,37],"tags":[45322,45321],"_links":{"self":[{"href":"https:\/\/visionpeninsular.com\/mid\/wp-json\/wp\/v2\/posts\/195909"}],"collection":[{"href":"https:\/\/visionpeninsular.com\/mid\/wp-json\/wp\/v2\/posts"}],"about":[{"href":"https:\/\/visionpeninsular.com\/mid\/wp-json\/wp\/v2\/types\/post"}],"author":[{"embeddable":true,"href":"https:\/\/visionpeninsular.com\/mid\/wp-json\/wp\/v2\/users\/5"}],"replies":[{"embeddable":true,"href":"https:\/\/visionpeninsular.com\/mid\/wp-json\/wp\/v2\/comments?post=195909"}],"version-history":[{"count":1,"href":"https:\/\/visionpeninsular.com\/mid\/wp-json\/wp\/v2\/posts\/195909\/revisions"}],"predecessor-version":[{"id":195912,"href":"https:\/\/visionpeninsular.com\/mid\/wp-json\/wp\/v2\/posts\/195909\/revisions\/195912"}],"wp:featuredmedia":[{"embeddable":true,"href":"https:\/\/visionpeninsular.com\/mid\/wp-json\/wp\/v2\/media\/195911"}],"wp:attachment":[{"href":"https:\/\/visionpeninsular.com\/mid\/wp-json\/wp\/v2\/media?parent=195909"}],"wp:term":[{"taxonomy":"category","embeddable":true,"href":"https:\/\/visionpeninsular.com\/mid\/wp-json\/wp\/v2\/categories?post=195909"},{"taxonomy":"post_tag","embeddable":true,"href":"https:\/\/visionpeninsular.com\/mid\/wp-json\/wp\/v2\/tags?post=195909"}],"curies":[{"name":"wp","href":"https:\/\/api.w.org\/{rel}","templated":true}]}}