{"id":195756,"date":"2024-11-01T16:16:46","date_gmt":"2024-11-01T22:16:46","guid":{"rendered":"https:\/\/visionpeninsular.com\/mid\/?p=195756"},"modified":"2024-11-01T16:16:48","modified_gmt":"2024-11-01T22:16:48","slug":"cabildo-aprobo-por-unanimidad-quien-dirigira-el-instituto-municipal-de-planeacion-de-merida","status":"publish","type":"post","link":"https:\/\/visionpeninsular.com\/mid\/cabildo-aprobo-por-unanimidad-quien-dirigira-el-instituto-municipal-de-planeacion-de-merida\/","title":{"rendered":"Cabildo aprob\u00f3 por unanimidad quien dirigir\u00e1 el Instituto Municipal de Planeaci\u00f3n de M\u00e9rida"},"content":{"rendered":"\n<p>Por unanimidad, los regidores de las fuerzas pol\u00edticas del PAN, Morena, Movimiento Ciudadano y PRI aprobaron el nombramiento de la arquitecta Ana Patricia R\u00edos como la primera directora general del Instituto Municipal de Planeaci\u00f3n de M\u00e9rida (Implan).<\/p>\n\n\n\n<p>El regidor Eddie Maldonado Uh, de Movimiento Ciudadano, solicit\u00f3 que todas las fuerzas pol\u00edticas est\u00e9n consideradas en la Junta Pol\u00edtica del Implan para que \u201cno se enteren de las propuestas por las redes sociales o los medios de comunicaci\u00f3n\u201d y trabajar\u00e1n de la mano con todas las direcciones y organismos del Ayuntamiento de M\u00e9rida, as\u00ed como ser vigilantes de la labor que realicen.<\/p>\n\n\n\n<p>En su intervenci\u00f3n, el edil morenista Adri\u00e1n Gorocica Rojas tambi\u00e9n se sum\u00f3 a la petici\u00f3n para que las fuerzas pol\u00edticas que integran ese cuerpo colegiado, as\u00ed como la ciudadan\u00eda tengan participaci\u00f3n en la Junta Pol\u00edtica del Implan, pues a la nueva funcionaria municipal le tocar\u00e1 elaborar el nuevo plan de desarrollo urbano.<\/p>\n\n\n\n<p>\u201cQue no es cosa menor en la situaci\u00f3n actual que se encuentra el municipio\u201d, expres\u00f3. \u201cEs necesario que la participaci\u00f3n de este nuevo programa de Desarrollo Urbano sea abierto, plural y se escuche a todas las voces. Porque el modelo ideal que nos vendieron durante muchos a\u00f1os, no s\u00f3lo aqu\u00ed sino en otras ciudades del mundo est\u00e1 cada vez demostrado su fracaso\u201d.<\/p>\n\n\n\n<p>\u201cEn M\u00e9rida estamos demostrando su fracaso con el tr\u00e1fico, largos tiempos de traslado, el costo de la vivienda, no s\u00f3lo para comprarla sino para alquilarla, el impacto ambiental que genera el crecimiento de la ciudad, el impacto en la salud de las personas e impacta la forma que se administra el municipio porque cada vez se encarece m\u00e1s el poder llevar servicios p\u00fablicos a todo el municipio y con ello generando desigualdad urbana\u201d, se\u00f1al\u00f3.<\/p>\n\n\n\n<p>La concejala panista Nidia Paulina S\u00e1nchez D\u00edaz mencion\u00f3 que el siguiente paso es la elaboraci\u00f3n del programa municipal de ordenamiento territorial y desarrollo urbano, que permitir\u00e1n reorientar los usos, la ocupaci\u00f3n y el aprovechamiento sostenible de M\u00e9rida, \u201caprovechando que el desarrollo no s\u00f3lo sea eficiente, responsable y responsable de nuestro entorno. Para ello se requiere intervenci\u00f3n conjunta y con los ciudadanos incluidos\u201d.<\/p>\n\n\n\n<p>Durante el mensaje final en la Sesi\u00f3n de Cabildo, la alcaldesa Cecilia Anunciaci\u00f3n Patr\u00f3n Laviada reafirm\u00f3 que trabajar\u00e1n desde el Implan para fortalecerlo con m\u00e1s recursos p\u00fablicos y atender problemas como el tr\u00e1fico, gentrificaci\u00f3n, vivienda m\u00e1s cara, entre otros.<\/p>\n\n\n\n<p>\u201cEs el eje rector de una visi\u00f3n de una ciudad ordenada, que crezca, que sea una ciudad con justicia social\u2026 Ya viene la modificaci\u00f3n del Plan de Desarrollo Urbano y ah\u00ed vamos a convocar a la sociedad civil, conocedora, para que aporte sus conocimientos y eso no nos exime de involucrar a la ciudadan\u00eda\u201d, dijo.<\/p>\n<div class='share-to-whatsapp-wrapper'><div class='share-on-whsp'>Share on: <\/div><a data-text='Cabildo aprob\u00f3 por unanimidad quien dirigir\u00e1 el Instituto Municipal de Planeaci\u00f3n de M\u00e9rida' data-link='https:\/\/visionpeninsular.com\/mid\/cabildo-aprobo-por-unanimidad-quien-dirigira-el-instituto-municipal-de-planeacion-de-merida\/' class='whatsapp-button whatsapp-share'>WhatsApp<\/a><div class='clear '><\/div><\/div>","protected":false},"excerpt":{"rendered":"<p>Por unanimidad, los regidores de las fuerzas pol\u00edticas del PAN, Morena, Movimiento Ciudadano y PRI aprobaron el nombramiento de la arquitecta Ana Patricia R\u00edos como la primera directora general del Instituto Municipal de Planeaci\u00f3n de M\u00e9rida (Implan). El regidor Eddie Maldonado Uh, de Movimiento Ciudadano, solicit\u00f3 que todas las fuerzas pol\u00edticas est\u00e9n consideradas en la &hellip;<\/p>\n","protected":false},"author":5,"featured_media":195758,"comment_status":"open","ping_status":"open","sticky":false,"template":"","format":"standard","meta":{"_mi_skip_tracking":false},"categories":[49,37],"tags":[45273,13587,45272,5886],"_links":{"self":[{"href":"https:\/\/visionpeninsular.com\/mid\/wp-json\/wp\/v2\/posts\/195756"}],"collection":[{"href":"https:\/\/visionpeninsular.com\/mid\/wp-json\/wp\/v2\/posts"}],"about":[{"href":"https:\/\/visionpeninsular.com\/mid\/wp-json\/wp\/v2\/types\/post"}],"author":[{"embeddable":true,"href":"https:\/\/visionpeninsular.com\/mid\/wp-json\/wp\/v2\/users\/5"}],"replies":[{"embeddable":true,"href":"https:\/\/visionpeninsular.com\/mid\/wp-json\/wp\/v2\/comments?post=195756"}],"version-history":[{"count":1,"href":"https:\/\/visionpeninsular.com\/mid\/wp-json\/wp\/v2\/posts\/195756\/revisions"}],"predecessor-version":[{"id":195759,"href":"https:\/\/visionpeninsular.com\/mid\/wp-json\/wp\/v2\/posts\/195756\/revisions\/195759"}],"wp:featuredmedia":[{"embeddable":true,"href":"https:\/\/visionpeninsular.com\/mid\/wp-json\/wp\/v2\/media\/195758"}],"wp:attachment":[{"href":"https:\/\/visionpeninsular.com\/mid\/wp-json\/wp\/v2\/media?parent=195756"}],"wp:term":[{"taxonomy":"category","embeddable":true,"href":"https:\/\/visionpeninsular.com\/mid\/wp-json\/wp\/v2\/categories?post=195756"},{"taxonomy":"post_tag","embeddable":true,"href":"https:\/\/visionpeninsular.com\/mid\/wp-json\/wp\/v2\/tags?post=195756"}],"curies":[{"name":"wp","href":"https:\/\/api.w.org\/{rel}","templated":true}]}}