{"id":195528,"date":"2024-10-28T15:39:47","date_gmt":"2024-10-28T21:39:47","guid":{"rendered":"https:\/\/visionpeninsular.com\/mid\/?p=195528"},"modified":"2024-10-28T15:39:50","modified_gmt":"2024-10-28T21:39:50","slug":"con-el-pixan-peek-recuerdan-a-mascotas-en-merida","status":"publish","type":"post","link":"https:\/\/visionpeninsular.com\/mid\/con-el-pixan-peek-recuerdan-a-mascotas-en-merida\/","title":{"rendered":"Con el Pix\u00e1n Pee\u2019k, recuerdan a mascotas en M\u00e9rida"},"content":{"rendered":"\n<p>En M\u00e9rida, vivimos nuestras tradiciones al tope y en el marco del \u201cFestival de las \u00c1nimas\u201d las mascotas que partieron tienen un lugar especial por el amor que dieron a su familia y que contribuye a la uni\u00f3n, afirm\u00f3 la presidenta municipal Cecilia Patr\u00f3n Laviada, durante la tercera edici\u00f3n del \u201cPix\u00e1n Pee\u2019k\u201d.<\/p>\n\n\n\n<p>La edil particip\u00f3 en la celebraci\u00f3n en honor de los animales de compa\u00f1\u00eda que realiz\u00f3 la Unidad de Medio Ambiente y Bienestar Animal del Ayuntamiento en el Central Park M\u00e9rida, en Gran Santa Fe Norte.<\/p>\n\n\n\n<figure class=\"wp-block-image size-full\"><img loading=\"lazy\" width=\"768\" height=\"512\" src=\"https:\/\/visionpeninsular.com\/mid\/wp-content\/uploads\/2024\/10\/pek-pixan.jpg\" alt=\"\" class=\"wp-image-195531\" srcset=\"https:\/\/visionpeninsular.com\/mid\/wp-content\/uploads\/2024\/10\/pek-pixan.jpg 768w, https:\/\/visionpeninsular.com\/mid\/wp-content\/uploads\/2024\/10\/pek-pixan-300x200.jpg 300w\" sizes=\"(max-width: 768px) 100vw, 768px\" \/><\/figure>\n\n\n\n<p>En emotivo momento, decenas de familias caminaron junto a sus mascotas que con unas luces en los collares iluminaron el camino de \u201cregreso\u201d de los animalitos que partieron.<\/p>\n\n\n\n<p>Las notas del mariachi amenizaron la caminata que culmin\u00f3 con la visita al altar de la Gran Manada donde se colocaron ofrendas ante cientos de fotograf\u00edas de toda clase de animales que alguna vez formaron parte de una familia.<\/p>\n\n\n\n<p>Estuvo en la actividad el Esterim\u00f3vil ofreciendo vacunaci\u00f3n y esterilizaciones gratuitas, as\u00ed como atenci\u00f3n veterinaria.<\/p>\n\n\n\n<p>Hubo tambi\u00e9n venta de accesorios y ropa para animalitos, muestras de adiestramiento, pasarela de adopciones y espect\u00e1culo infantiles con el gran cierre del espect\u00e1culo de Cuxum.<\/p>\n\n\n\n<p>Posteriormente, inaugur\u00f3 el altar monumental de M\u00e9rida, con motivo de la celebraci\u00f3n del Janal Pix\u00e1n.<\/p>\n\n\n\n<p>Los visitantes podr\u00e1n disfrutar hasta el 2 de noviembre de la experiencia de conocer los elementos que forman parte de esta tradici\u00f3n que celebra el regreso de los difuntos con la ofrenda de alimentos que son tradicionales en la localidad.<\/p>\n\n\n\n<p>La tradicional mesa mide 16 metros de largo, 5 metros de profundidad y 4.5 metros de altura, y est\u00e1 en la Plaza Principal en la calle 60, con vista hacia la Catedral.<\/p>\n<div class='share-to-whatsapp-wrapper'><div class='share-on-whsp'>Share on: <\/div><a data-text='Con el Pix\u00e1n Pee\u2019k, recuerdan a mascotas en M\u00e9rida' data-link='https:\/\/visionpeninsular.com\/mid\/con-el-pixan-peek-recuerdan-a-mascotas-en-merida\/' class='whatsapp-button whatsapp-share'>WhatsApp<\/a><div class='clear '><\/div><\/div>","protected":false},"excerpt":{"rendered":"<p>En M\u00e9rida, vivimos nuestras tradiciones al tope y en el marco del \u201cFestival de las \u00c1nimas\u201d las mascotas que partieron tienen un lugar especial por el amor que dieron a su familia y que contribuye a la uni\u00f3n, afirm\u00f3 la presidenta municipal Cecilia Patr\u00f3n Laviada, durante la tercera edici\u00f3n del \u201cPix\u00e1n Pee\u2019k\u201d. La edil particip\u00f3 &hellip;<\/p>\n","protected":false},"author":5,"featured_media":195530,"comment_status":"open","ping_status":"open","sticky":false,"template":"","format":"standard","meta":{"_mi_skip_tracking":false},"categories":[49,37],"tags":[45195,13587,45194,45196],"_links":{"self":[{"href":"https:\/\/visionpeninsular.com\/mid\/wp-json\/wp\/v2\/posts\/195528"}],"collection":[{"href":"https:\/\/visionpeninsular.com\/mid\/wp-json\/wp\/v2\/posts"}],"about":[{"href":"https:\/\/visionpeninsular.com\/mid\/wp-json\/wp\/v2\/types\/post"}],"author":[{"embeddable":true,"href":"https:\/\/visionpeninsular.com\/mid\/wp-json\/wp\/v2\/users\/5"}],"replies":[{"embeddable":true,"href":"https:\/\/visionpeninsular.com\/mid\/wp-json\/wp\/v2\/comments?post=195528"}],"version-history":[{"count":1,"href":"https:\/\/visionpeninsular.com\/mid\/wp-json\/wp\/v2\/posts\/195528\/revisions"}],"predecessor-version":[{"id":195532,"href":"https:\/\/visionpeninsular.com\/mid\/wp-json\/wp\/v2\/posts\/195528\/revisions\/195532"}],"wp:featuredmedia":[{"embeddable":true,"href":"https:\/\/visionpeninsular.com\/mid\/wp-json\/wp\/v2\/media\/195530"}],"wp:attachment":[{"href":"https:\/\/visionpeninsular.com\/mid\/wp-json\/wp\/v2\/media?parent=195528"}],"wp:term":[{"taxonomy":"category","embeddable":true,"href":"https:\/\/visionpeninsular.com\/mid\/wp-json\/wp\/v2\/categories?post=195528"},{"taxonomy":"post_tag","embeddable":true,"href":"https:\/\/visionpeninsular.com\/mid\/wp-json\/wp\/v2\/tags?post=195528"}],"curies":[{"name":"wp","href":"https:\/\/api.w.org\/{rel}","templated":true}]}}