{"id":195507,"date":"2024-10-28T14:59:57","date_gmt":"2024-10-28T20:59:57","guid":{"rendered":"https:\/\/visionpeninsular.com\/mid\/?p=195507"},"modified":"2024-10-28T14:59:59","modified_gmt":"2024-10-28T20:59:59","slug":"se-engalana-feria-internacional-de-yucatan-xmatkuil-con-artistas-y-eventos-de-talla-mundial","status":"publish","type":"post","link":"https:\/\/visionpeninsular.com\/mid\/se-engalana-feria-internacional-de-yucatan-xmatkuil-con-artistas-y-eventos-de-talla-mundial\/","title":{"rendered":"Se engalana \u201cFeria Internacional de Yucat\u00e1n Xmatkuil\u201d con artistas y eventos de talla mundial"},"content":{"rendered":"\n<ul><li><strong><em>La Feria Yucat\u00e1n Xmatkuil ofrecer\u00e1, del 8 de noviembre al 1 de diciembre, una amplia variedad de espect\u00e1culos para toda la familia, en el marco del 50 aniversario de esta importante muestra cultural, ganadera y gastron\u00f3mica, que este a\u00f1o tendr\u00e1 como invitado especial al estado de Chiapas.<\/em><\/strong><\/li><\/ul>\n\n\n\n<p>&nbsp;M\u00e9rida, Yucat\u00e1n, 26 de octubre de 2024.- Con espect\u00e1culos e invitados de talla mundial, se celebran los 50 a\u00f1os de la m\u00e1s importante muestra cultural, ganadera y gastron\u00f3mica de la pen\u00ednsula, con el renacimiento de \u201cXmatkuil Feria Internacional de Yucat\u00e1n\u201d, que estar\u00e1 llena de eventos para toda la familia, reflejando la belleza, calidad y calidez que define a nuestra entidad y su gente.<\/p>\n\n\n\n<figure class=\"wp-block-image size-full\"><img loading=\"lazy\" width=\"600\" height=\"399\" src=\"https:\/\/visionpeninsular.com\/mid\/wp-content\/uploads\/2024\/10\/prensa-xma-2.jpg\" alt=\"\" class=\"wp-image-195510\" srcset=\"https:\/\/visionpeninsular.com\/mid\/wp-content\/uploads\/2024\/10\/prensa-xma-2.jpg 600w, https:\/\/visionpeninsular.com\/mid\/wp-content\/uploads\/2024\/10\/prensa-xma-2-300x200.jpg 300w, https:\/\/visionpeninsular.com\/mid\/wp-content\/uploads\/2024\/10\/prensa-xma-2-310x205.jpg 310w\" sizes=\"(max-width: 600px) 100vw, 600px\" \/><\/figure>\n\n\n\n<p>&nbsp;En el sal\u00f3n Chich\u00e9n Itz\u00e1 del Centro de Convenciones Yucat\u00e1n Siglo XXI, el Gobernador del Estado, Joaqu\u00edn D\u00edaz Mena, resalt\u00f3 que el Aniversario de Oro de la Feria de Xmatkuil es uno de los eventos m\u00e1s esperados del a\u00f1o, por lo que, del 8 de noviembre al 1 de diciembre, los visitantes podr\u00e1n disfrutar y conocer lo que nuestra tierra tiene para ofrecer, con una amplia oferta ganadera, artesanal, gastron\u00f3mica y cultural, con m\u00e1s de mil expositores, donde el invitado de honor de esta edici\u00f3n ser\u00e1 el estado de Chiapas.<\/p>\n\n\n\n<p>&nbsp;\u201cEsta feria es s\u00edmbolo de nuestra cultura, diversidad y calidez, que define a nuestro querido estado de Yucat\u00e1n. Este a\u00f1o, la feria regresa m\u00e1s grande y mejor que nunca, con una expectativa de recibir a casi 3 millones de visitantes que vendr\u00e1n a disfrutar de todo lo que nuestra tierra tiene para ofrecer: campeonatos ganaderos, producci\u00f3n agr\u00edcola y artesanal, as\u00ed como la participaci\u00f3n de empresarios y c\u00e1maras empresariales que expondr\u00e1n tambi\u00e9n lo hecho en Yucat\u00e1n\u201d, asegur\u00f3 el mandatario estatal.<\/p>\n\n\n\n<p>&nbsp;D\u00edaz Mena destac\u00f3 que su gobierno realizar\u00e1 una campa\u00f1a especial de promoci\u00f3n en la Ciudad de M\u00e9xico para atraer m\u00e1s visitantes a este evento. El costo de la entrada ser\u00e1 de 30 pesos por persona y 40 pesos el costo del estacionamiento.<\/p>\n\n\n\n<p>Adem\u00e1s, el d\u00eda de la apertura tambi\u00e9n se llevar\u00e1 a cabo, en el Teatro del Pueblo, la fase final del certamen para escoger a la Embajadora de la Feria, quien ser\u00e1 seleccionada entre las 15 finalistas regionales. Destac\u00f3 que el 30 de noviembre se llevar\u00e1 a cabo una boda colectiva donde el Gobernador ser\u00e1 el padrino de lujo de las parejas.<\/p>\n\n\n\n<p>&nbsp;Durante la presentaci\u00f3n, tambi\u00e9n se anunci\u00f3 el regreso de la Gran Vaquer\u00eda a petici\u00f3n de la gente, as\u00ed como la continuaci\u00f3n de visitas escolares y el listado de eventos que contar\u00e1n con la participaci\u00f3n de artistas de talla internacional, incluyendo espect\u00e1culos gratuitos en el Centro de Espect\u00e1culos Montejo, donde se presentar\u00e1n Inna, Fuerza R\u00e9gida, Santa Fe Klan, Los Recoditos, Pante\u00f3n Rococ\u00f3, Los \u00c1ngeles Azules, Los Esquivel, La Casetera, Grupo Picus, Kap\u00f3, Manuel Turizo, El Tri, Mar\u00eda Jos\u00e9 y la Arrolladora Banda Lim\u00f3n de Ren\u00e9 Camacho, el d\u00eda del cierre.<\/p>\n\n\n\n<figure class=\"wp-block-image size-full\"><img loading=\"lazy\" width=\"600\" height=\"399\" src=\"https:\/\/visionpeninsular.com\/mid\/wp-content\/uploads\/2024\/10\/prensa-xma-1.jpg\" alt=\"\" class=\"wp-image-195511\" srcset=\"https:\/\/visionpeninsular.com\/mid\/wp-content\/uploads\/2024\/10\/prensa-xma-1.jpg 600w, https:\/\/visionpeninsular.com\/mid\/wp-content\/uploads\/2024\/10\/prensa-xma-1-300x200.jpg 300w, https:\/\/visionpeninsular.com\/mid\/wp-content\/uploads\/2024\/10\/prensa-xma-1-310x205.jpg 310w\" sizes=\"(max-width: 600px) 100vw, 600px\" \/><\/figure>\n\n\n\n<p>&nbsp;Asimismo, en el Teatro del Pueblo, los visitantes podr\u00e1n disfrutar de las presentaciones de artistas locales y musicales como la Original Banda Lim\u00f3n, S\u00faper Lamas, Musiek Grand Band, la Sonora Santanera con Mar\u00eda Fernanda, Bobby Pulido, Junior Klan, Los S\u00faper Caracoles, Dzereco y Nohoch, Taco de Ojo, David Contreras, Nani Nam\u00fa, Ronda Machetera, Tila Mar\u00eda y Ruperta, Voy por ti Ampona, Alfredo el Pulpo y sus teclados, Play Now, Chico Che Chico, T\u00eda Chayo y la Bruja Cuchi Cuchi, Master Cumbia y Nelson Kanzela.<\/p>\n\n\n\n<p>&nbsp;De igual manera, este a\u00f1o se reanudar\u00e1n las presentaciones en el Palenque de Xmatkuil con las actuaciones estelares de Alicia Villareal, Fey, Lupillo Rivera y Molotov. Los boletos para estos eventos se podr\u00e1n adquirir a trav\u00e9s del sitio de internet tusboletos.mx. Adem\u00e1s, se habilitar\u00e1 la Plaza de Toros La Esperanza, donde los visitantes podr\u00e1n disfrutar de peleas internacionales del Consejo Mundial de Boxeo, presentaciones musicales, adem\u00e1s de un espect\u00e1culo de Lucha Libre Internacional el 1 de diciembre.<\/p>\n<div class='share-to-whatsapp-wrapper'><div class='share-on-whsp'>Share on: <\/div><a data-text='Se engalana \u201cFeria Internacional de Yucat\u00e1n Xmatkuil\u201d con artistas y eventos de talla mundial' data-link='https:\/\/visionpeninsular.com\/mid\/se-engalana-feria-internacional-de-yucatan-xmatkuil-con-artistas-y-eventos-de-talla-mundial\/' class='whatsapp-button whatsapp-share'>WhatsApp<\/a><div class='clear '><\/div><\/div>","protected":false},"excerpt":{"rendered":"<p>La Feria Yucat\u00e1n Xmatkuil ofrecer\u00e1, del 8 de noviembre al 1 de diciembre, una amplia variedad de espect\u00e1culos para toda la familia, en el marco del 50 aniversario de esta importante muestra cultural, ganadera y gastron\u00f3mica, que este a\u00f1o tendr\u00e1 como invitado especial al estado de Chiapas. &nbsp;M\u00e9rida, Yucat\u00e1n, 26 de octubre de 2024.- Con &hellip;<\/p>\n","protected":false},"author":5,"featured_media":195509,"comment_status":"open","ping_status":"open","sticky":false,"template":"","format":"standard","meta":{"_mi_skip_tracking":false},"categories":[49,37],"tags":[12350,44688,185],"_links":{"self":[{"href":"https:\/\/visionpeninsular.com\/mid\/wp-json\/wp\/v2\/posts\/195507"}],"collection":[{"href":"https:\/\/visionpeninsular.com\/mid\/wp-json\/wp\/v2\/posts"}],"about":[{"href":"https:\/\/visionpeninsular.com\/mid\/wp-json\/wp\/v2\/types\/post"}],"author":[{"embeddable":true,"href":"https:\/\/visionpeninsular.com\/mid\/wp-json\/wp\/v2\/users\/5"}],"replies":[{"embeddable":true,"href":"https:\/\/visionpeninsular.com\/mid\/wp-json\/wp\/v2\/comments?post=195507"}],"version-history":[{"count":1,"href":"https:\/\/visionpeninsular.com\/mid\/wp-json\/wp\/v2\/posts\/195507\/revisions"}],"predecessor-version":[{"id":195512,"href":"https:\/\/visionpeninsular.com\/mid\/wp-json\/wp\/v2\/posts\/195507\/revisions\/195512"}],"wp:featuredmedia":[{"embeddable":true,"href":"https:\/\/visionpeninsular.com\/mid\/wp-json\/wp\/v2\/media\/195509"}],"wp:attachment":[{"href":"https:\/\/visionpeninsular.com\/mid\/wp-json\/wp\/v2\/media?parent=195507"}],"wp:term":[{"taxonomy":"category","embeddable":true,"href":"https:\/\/visionpeninsular.com\/mid\/wp-json\/wp\/v2\/categories?post=195507"},{"taxonomy":"post_tag","embeddable":true,"href":"https:\/\/visionpeninsular.com\/mid\/wp-json\/wp\/v2\/tags?post=195507"}],"curies":[{"name":"wp","href":"https:\/\/api.w.org\/{rel}","templated":true}]}}